{"id":18119,"date":"2023-06-07T14:01:00","date_gmt":"2023-06-07T13:01:00","guid":{"rendered":"https:\/\/legrandcontinent.eu\/es\/?p=18119"},"modified":"2023-06-07T17:04:10","modified_gmt":"2023-06-07T16:04:10","slug":"hacia-el-final-de-las-medidas-de-emergencia-contra-los-altos-precios-de-la-energia-en-la-union-europea","status":"publish","type":"post","link":"https:\/\/legrandcontinent.eu\/es\/2023\/06\/07\/hacia-el-final-de-las-medidas-de-emergencia-contra-los-altos-precios-de-la-energia-en-la-union-europea\/","title":{"rendered":"Hacia el final de las medidas de emergencia contra los altos precios de la energ\u00eda en la Uni\u00f3n Europea"},"content":{"rendered":"\n<p>En oto\u00f1o de 2022, los Estados miembros adoptaron un <a href=\"https:\/\/legrandcontinent.eu\/es\/2022\/09\/30\/acuerdo-al-nivel-europeo-sobre-medidas-de-emergencia-para-hacer-frente-al-aumento-de-los-precios-de-la-energia-2\/\">paquete de medidas excepcionales<\/a> para hacer frente a la crisis energ\u00e9tica que hab\u00eda provocado una fuerte subida del precio de la electricidad en la Uni\u00f3n Europea. Estas medidas inclu\u00edan limitar los ingresos de los productores inframarginales -es decir, los que producen electricidad utilizando tecnolog\u00edas m\u00e1s baratas como las energ\u00edas renovables, la energ\u00eda nuclear, el lignito, etc.- a 180 \u20ac\/mWh.<\/p>\n\n\n\n<div class=\"iframe-container wp-block-image wp-block-image-medium \">\n\t<div>\n\t\t<iframe class=\"absolute w-full h-full pin-t pin-l\" title=\"titolo\" aria-label=\"Interactive line chart\" src=\"\/\/flo.uri.sh\/visualisation\/11690215\/embed\" scrolling=\"no\" frameborder=\"0\"><\/iframe>\n\t<\/div>\n<\/div>\n\n\n\n<p>Aunque esta medida expirar\u00e1 el 30 de junio, la Comisi\u00f3n se ha pronunciado en contra de la \u00abpr\u00f3rroga de estas medidas de emergencia\u00bb en un informe presentado al Consejo el lunes 5 de junio&nbsp;<span class='whitespace-nowrap'><span id='easy-footnote-1-18119' class='easy-footnote-margin-adjust'><\/span><span class='easy-footnote'><a href='https:\/\/legrandcontinent.eu\/es\/2023\/06\/07\/hacia-el-final-de-las-medidas-de-emergencia-contra-los-altos-precios-de-la-energia-en-la-union-europea\/#easy-footnote-bottom-1-18119' title='&lt;a href=&quot;https:\/\/eur-lex.europa.eu\/legal-content\/EN\/TXT\/PDF\/?uri=CELEX:32022R1854&quot;&gt;COUNCIL REGULATION (EU) 2022\/1854 of 6 October 2022 on an emergency intervention to address high energy prices&lt;\/a&gt;.'><sup>1<\/sup><\/a><\/span><\/span>.<\/p>\n\n\n\n<ul class=\"wp-block-list\">\n<li>En su <a href=\"https:\/\/legrandcontinent.eu\/es\/2022\/09\/14\/construir-la-union-en-la-guerra\/\">discurso sobre el Estado de la Uni\u00f3n<\/a> del 14 de septiembre, Ursula von der Leyen declar\u00f3 que \u00abaunque los beneficios son algo positivo en nuestra econom\u00eda social de mercado [&#8230;] deben repartirse y reorientarse hacia quienes m\u00e1s los necesitan\u00bb, es decir, los consumidores europeos.<\/li>\n\n\n\n<li>Seg\u00fan el informe que examina el impacto de estas medidas, la Comisi\u00f3n se\u00f1al\u00f3 que hab\u00edan \u00abcontribuido a calmar los mercados europeos de la energ\u00eda\u00bb, con unos precios de la electricidad por debajo de los 80 euros por mWh de media a finales de mayo&nbsp;<span class='whitespace-nowrap'><span id='easy-footnote-2-18119' class='easy-footnote-margin-adjust'><\/span><span class='easy-footnote'><a href='https:\/\/legrandcontinent.eu\/es\/2023\/06\/07\/hacia-el-final-de-las-medidas-de-emergencia-contra-los-altos-precios-de-la-energia-en-la-union-europea\/#easy-footnote-bottom-2-18119' title='&lt;a href=&quot;https:\/\/energy.ec.europa.eu\/system\/files\/2023-06\/COM_2023_302_1_EN_ACT_part1_v2.pdf&quot;&gt;REPORT FROM THE COMMISSION TO THE EUROPEAN PARLIAMENT AND THE COUNCIL on the review of emergency interventions to address high energy prices in accordance with Council Regulation (EU) 2022\/1854&lt;\/a&gt;, 5 de junio de 2023.'><sup>2<\/sup><\/a><\/span><\/span>.<\/li>\n<\/ul>\n\n\n\n<div class=\"iframe-container wp-block-image wp-block-image-medium  iframe-dw\">\n\t<div>\n\t\t<iframe class=\"absolute w-full h-full pin-t pin-l\" title=\"titolo\" aria-label=\"Interactive line chart\" src=\"\/\/datawrapper.dwcdn.net\/ufkVL\/\" scrolling=\"no\" frameborder=\"0\"><\/iframe>\n\t<\/div>\n<\/div>\n\n\n\n<p>Este descenso desde los <a href=\"https:\/\/legrandcontinent.eu\/es\/2022\/08\/26\/los-precios-de-la-energia-alcanzan-niveles-historicos\/\">m\u00e1ximos hist\u00f3ricos<\/a> alcanzados en el verano de 2022 se atribuye principalmente a la ca\u00edda de los precios mayoristas del gas natural, que se debe a una combinaci\u00f3n de factores: menor demanda de electricidad y gas, altos niveles de reservas europeas en comparaci\u00f3n con a\u00f1os anteriores y temperaturas superiores a la media durante el periodo invernal.<\/p>\n\n\n\n<div class=\"iframe-container wp-block-image wp-block-image-medium  iframe-dw\">\n\t<div>\n\t\t<iframe class=\"absolute w-full h-full pin-t pin-l\" title=\"titolo\" aria-label=\"Interactive line chart\" src=\"\/\/datawrapper.dwcdn.net\/2VwRj\/\" scrolling=\"no\" frameborder=\"0\"><\/iframe>\n\t<\/div>\n<\/div>\n\n\n\n<p>Seg\u00fan la Comisi\u00f3n, la aplicaci\u00f3n del l\u00edmite m\u00e1ximo de ingresos para los productores por debajo de lo marginal ha sido muy heterog\u00e9nea en la Uni\u00f3n.<\/p>\n\n\n\n<ul class=\"wp-block-list\">\n<li>En total, 17 Estados miembros han introducido un tope inferior a 180 euros por mWh para al menos una tecnolog\u00eda, 7 han aplicado la medida con car\u00e1cter retroactivo y 11 pa\u00edses la aplicar\u00e1n despu\u00e9s del plazo fijado en el Reglamento del Consejo.<\/li>\n\n\n\n<li>Esta heterogeneidad y las diferencias en la aplicaci\u00f3n de esta medida en los Estados miembros \u00abpueden haber afectado a los acuerdos de compra de electricidad (PPA) existentes y a otros contratos a largo plazo, y desincentivado la celebraci\u00f3n de nuevos contratos\u00bb, seg\u00fan las partes interesadas que han informado a la Comisi\u00f3n.<\/li>\n\n\n\n<li>Para Eurelectric, que representa los intereses del sector el\u00e9ctrico a escala europea, las discrepancias en la aplicaci\u00f3n del l\u00edmite habr\u00edan contribuido a \u00abdesincentivar la inversi\u00f3n en energ\u00edas renovables\u00bb -en particular la e\u00f3lica-&nbsp;<span class='whitespace-nowrap'><span id='easy-footnote-3-18119' class='easy-footnote-margin-adjust'><\/span><span class='easy-footnote'><a href='https:\/\/legrandcontinent.eu\/es\/2023\/06\/07\/hacia-el-final-de-las-medidas-de-emergencia-contra-los-altos-precios-de-la-energia-en-la-union-europea\/#easy-footnote-bottom-3-18119' title='\u00ab &lt;a href=&quot;https:\/\/windeurope.org\/newsroom\/press-releases\/europe-invested-e17bn-in-new-wind-in-2022-the-lowest-since-2009\/&quot;&gt;Europe invested \u20ac17bn in new wind in 2022, the lowest since 2009&lt;\/a&gt; \u00bb, Eurelectric, 29 de marzo de 2023.'><sup>3<\/sup><\/a><\/span><\/span>.<\/li>\n<\/ul>\n\n\n\n<div class=\"iframe-container wp-block-image wp-block-image-medium \">\n\t<div>\n\t\t<iframe class=\"absolute w-full h-full pin-t pin-l\" title=\"titolo\" aria-label=\"Interactive line chart\" src=\"\/\/flo.uri.sh\/visualisation\/14048908\/embed\" scrolling=\"no\" frameborder=\"0\"><\/iframe>\n\t<\/div>\n<\/div>\n\n\n\n<p>La Comisi\u00f3n conf\u00eda en la salud del mercado en los pr\u00f3ximos meses y cree que \u00abes menos probable que los picos de precios de la electricidad observados a lo largo de 2022 se produzcan durante el pr\u00f3ximo invierno\u00bb.<\/p>\n","protected":false},"excerpt":{"rendered":"<p>El l\u00edmite m\u00e1ximo de ingresos para los productores de electricidad inframarginales, en vigor desde el 1 de diciembre de 2022, expira el 30 de junio de 2023. La Comisi\u00f3n considera que las dem\u00e1s medidas de emergencia establecidas para hacer frente a la subida de los precios de la energ\u00eda ya no son necesarias.<\/p>\n","protected":false},"author":1366,"featured_media":18099,"comment_status":"closed","ping_status":"closed","sticky":false,"template":"templates\/post-briefings.php","format":"standard","meta":{"_acf_changed":false,"_trash_the_other_posts":false,"_yoast_wpseo_estimated-reading-time-minutes":3,"footnotes":""},"categories":[98],"tags":[],"staff":[],"editorial_format":[],"serie":[],"audience":[],"geo":[177],"class_list":["post-18119","post","type-post","status-publish","format-standard","hentry","category-energia-y-medio-ambiente","geo-europa"],"acf":{"open_in_webview":false,"accent":false,"_thumbnail_id":18099,"excerpt":"El l\u00edmite m\u00e1ximo de ingresos para los productores de electricidad inframarginales, en vigor desde el 1 de diciembre de 2022, expira el 30 de junio de 2023. La Comisi\u00f3n considera que las dem\u00e1s medidas de emergencia establecidas para hacer frente a la subida de los precios de la energ\u00eda ya no son necesarias.","display_date":"","new_abstract":true},"yoast_head":"<!-- This site is optimized with the Yoast SEO plugin v26.1.1 - https:\/\/yoast.com\/wordpress\/plugins\/seo\/ -->\n<title>Hacia el final de las medidas de emergencia contra los altos precios de la energ\u00eda en la Uni\u00f3n Europea - El Grand Continent<\/title>\n<meta name=\"robots\" content=\"index, follow, max-snippet:-1, max-image-preview:large, max-video-preview:-1\" \/>\n<link rel=\"canonical\" href=\"https:\/\/legrandcontinent.eu\/es\/2023\/06\/07\/hacia-el-final-de-las-medidas-de-emergencia-contra-los-altos-precios-de-la-energia-en-la-union-europea\/\" \/>\n<meta property=\"og:locale\" content=\"es_ES\" \/>\n<meta property=\"og:type\" content=\"article\" \/>\n<meta property=\"og:title\" content=\"Hacia el final de las medidas de emergencia contra los altos precios de la energ\u00eda en la Uni\u00f3n Europea - El Grand Continent\" \/>\n<meta property=\"og:description\" content=\"El l\u00edmite m\u00e1ximo de ingresos para los productores de electricidad inframarginales, en vigor desde el 1 de diciembre de 2022, expira el 30 de junio de 2023. La Comisi\u00f3n considera que las dem\u00e1s medidas de emergencia establecidas para hacer frente a la subida de los precios de la energ\u00eda ya no son necesarias.\" \/>\n<meta property=\"og:url\" content=\"https:\/\/legrandcontinent.eu\/es\/2023\/06\/07\/hacia-el-final-de-las-medidas-de-emergencia-contra-los-altos-precios-de-la-energia-en-la-union-europea\/\" \/>\n<meta property=\"og:site_name\" content=\"El Grand Continent\" \/>\n<meta property=\"article:published_time\" content=\"2023-06-07T13:01:00+00:00\" \/>\n<meta property=\"article:modified_time\" content=\"2023-06-07T16:04:10+00:00\" \/>\n<meta property=\"og:image\" content=\"https:\/\/legrandcontinent.eu\/es\/wp-content\/uploads\/sites\/2\/2023\/06\/Capture-de\u0301cran-2023-06-07-a\u0300-13.52.11.jpg\" \/>\n\t<meta property=\"og:image:width\" content=\"1800\" \/>\n\t<meta property=\"og:image:height\" content=\"868\" \/>\n\t<meta property=\"og:image:type\" content=\"image\/jpeg\" \/>\n<meta name=\"author\" content=\"florent\" \/>\n<meta name=\"twitter:card\" content=\"summary_large_image\" \/>\n<meta name=\"twitter:image\" content=\"https:\/\/legrandcontinent.eu\/es\/wp-content\/uploads\/sites\/2\/2023\/06\/Capture-de\u0301cran-2023-06-07-a\u0300-13.52.11.jpg\" \/>\n<meta name=\"twitter:label1\" content=\"Escrito por\" \/>\n\t<meta name=\"twitter:data1\" content=\"florent\" \/>\n\t<meta name=\"twitter:label2\" content=\"Tiempo de lectura\" \/>\n\t<meta name=\"twitter:data2\" content=\"3 minutos\" \/>\n<script type=\"application\/ld+json\" class=\"yoast-schema-graph\">{\"@context\":\"https:\/\/schema.org\",\"@graph\":[{\"@type\":\"WebPage\",\"@id\":\"https:\/\/legrandcontinent.eu\/es\/2023\/06\/07\/hacia-el-final-de-las-medidas-de-emergencia-contra-los-altos-precios-de-la-energia-en-la-union-europea\/\",\"url\":\"https:\/\/legrandcontinent.eu\/es\/2023\/06\/07\/hacia-el-final-de-las-medidas-de-emergencia-contra-los-altos-precios-de-la-energia-en-la-union-europea\/\",\"name\":\"Hacia el final de las medidas de emergencia contra los altos precios de la energ\u00eda en la Uni\u00f3n Europea - El Grand Continent\",\"isPartOf\":{\"@id\":\"https:\/\/legrandcontinent.eu\/es\/#website\"},\"primaryImageOfPage\":{\"@id\":\"https:\/\/legrandcontinent.eu\/es\/2023\/06\/07\/hacia-el-final-de-las-medidas-de-emergencia-contra-los-altos-precios-de-la-energia-en-la-union-europea\/#primaryimage\"},\"image\":{\"@id\":\"https:\/\/legrandcontinent.eu\/es\/2023\/06\/07\/hacia-el-final-de-las-medidas-de-emergencia-contra-los-altos-precios-de-la-energia-en-la-union-europea\/#primaryimage\"},\"thumbnailUrl\":\"https:\/\/legrandcontinent.eu\/es\/wp-content\/uploads\/sites\/2\/2023\/06\/Capture-de\u0301cran-2023-06-07-a\u0300-13.52.11.jpg\",\"datePublished\":\"2023-06-07T13:01:00+00:00\",\"dateModified\":\"2023-06-07T16:04:10+00:00\",\"author\":{\"@id\":\"https:\/\/legrandcontinent.eu\/es\/#\/schema\/person\/cdd782c93d4a9eda86ab19a8c01cdf5c\"},\"breadcrumb\":{\"@id\":\"https:\/\/legrandcontinent.eu\/es\/2023\/06\/07\/hacia-el-final-de-las-medidas-de-emergencia-contra-los-altos-precios-de-la-energia-en-la-union-europea\/#breadcrumb\"},\"inLanguage\":\"es\",\"potentialAction\":[{\"@type\":\"ReadAction\",\"target\":[\"https:\/\/legrandcontinent.eu\/es\/2023\/06\/07\/hacia-el-final-de-las-medidas-de-emergencia-contra-los-altos-precios-de-la-energia-en-la-union-europea\/\"]}]},{\"@type\":\"ImageObject\",\"inLanguage\":\"es\",\"@id\":\"https:\/\/legrandcontinent.eu\/es\/2023\/06\/07\/hacia-el-final-de-las-medidas-de-emergencia-contra-los-altos-precios-de-la-energia-en-la-union-europea\/#primaryimage\",\"url\":\"https:\/\/legrandcontinent.eu\/es\/wp-content\/uploads\/sites\/2\/2023\/06\/Capture-de\u0301cran-2023-06-07-a\u0300-13.52.11.jpg\",\"contentUrl\":\"https:\/\/legrandcontinent.eu\/es\/wp-content\/uploads\/sites\/2\/2023\/06\/Capture-de\u0301cran-2023-06-07-a\u0300-13.52.11.jpg\",\"width\":1800,\"height\":868},{\"@type\":\"BreadcrumbList\",\"@id\":\"https:\/\/legrandcontinent.eu\/es\/2023\/06\/07\/hacia-el-final-de-las-medidas-de-emergencia-contra-los-altos-precios-de-la-energia-en-la-union-europea\/#breadcrumb\",\"itemListElement\":[{\"@type\":\"ListItem\",\"position\":1,\"name\":\"Home\",\"item\":\"https:\/\/legrandcontinent.eu\/es\/\"},{\"@type\":\"ListItem\",\"position\":2,\"name\":\"Hacia el final de las medidas de emergencia contra los altos precios de la energ\u00eda en la Uni\u00f3n Europea\"}]},{\"@type\":\"WebSite\",\"@id\":\"https:\/\/legrandcontinent.eu\/es\/#website\",\"url\":\"https:\/\/legrandcontinent.eu\/es\/\",\"name\":\"El Grand Continent\",\"description\":\"La escala pertinente\",\"potentialAction\":[{\"@type\":\"SearchAction\",\"target\":{\"@type\":\"EntryPoint\",\"urlTemplate\":\"https:\/\/legrandcontinent.eu\/es\/?s={search_term_string}\"},\"query-input\":{\"@type\":\"PropertyValueSpecification\",\"valueRequired\":true,\"valueName\":\"search_term_string\"}}],\"inLanguage\":\"es\"},{\"@type\":\"Person\",\"@id\":\"https:\/\/legrandcontinent.eu\/es\/#\/schema\/person\/cdd782c93d4a9eda86ab19a8c01cdf5c\",\"name\":\"florent\",\"image\":{\"@type\":\"ImageObject\",\"inLanguage\":\"es\",\"@id\":\"https:\/\/legrandcontinent.eu\/es\/#\/schema\/person\/image\/\",\"url\":\"https:\/\/secure.gravatar.com\/avatar\/0d38d78c90602daf39b309035cdac6bc?s=96&d=mm&r=g\",\"contentUrl\":\"https:\/\/secure.gravatar.com\/avatar\/0d38d78c90602daf39b309035cdac6bc?s=96&d=mm&r=g\",\"caption\":\"florent\"}}]}<\/script>\n<!-- \/ Yoast SEO plugin. -->","yoast_head_json":{"title":"Hacia el final de las medidas de emergencia contra los altos precios de la energ\u00eda en la Uni\u00f3n Europea - El Grand Continent","robots":{"index":"index","follow":"follow","max-snippet":"max-snippet:-1","max-image-preview":"max-image-preview:large","max-video-preview":"max-video-preview:-1"},"canonical":"https:\/\/legrandcontinent.eu\/es\/2023\/06\/07\/hacia-el-final-de-las-medidas-de-emergencia-contra-los-altos-precios-de-la-energia-en-la-union-europea\/","og_locale":"es_ES","og_type":"article","og_title":"Hacia el final de las medidas de emergencia contra los altos precios de la energ\u00eda en la Uni\u00f3n Europea - El Grand Continent","og_description":"El l\u00edmite m\u00e1ximo de ingresos para los productores de electricidad inframarginales, en vigor desde el 1 de diciembre de 2022, expira el 30 de junio de 2023. La Comisi\u00f3n considera que las dem\u00e1s medidas de emergencia establecidas para hacer frente a la subida de los precios de la energ\u00eda ya no son necesarias.","og_url":"https:\/\/legrandcontinent.eu\/es\/2023\/06\/07\/hacia-el-final-de-las-medidas-de-emergencia-contra-los-altos-precios-de-la-energia-en-la-union-europea\/","og_site_name":"El Grand Continent","article_published_time":"2023-06-07T13:01:00+00:00","article_modified_time":"2023-06-07T16:04:10+00:00","og_image":[{"width":1800,"height":868,"url":"https:\/\/legrandcontinent.eu\/es\/wp-content\/uploads\/sites\/2\/2023\/06\/Capture-de\u0301cran-2023-06-07-a\u0300-13.52.11.jpg","type":"image\/jpeg"}],"author":"florent","twitter_card":"summary_large_image","twitter_image":"https:\/\/legrandcontinent.eu\/es\/wp-content\/uploads\/sites\/2\/2023\/06\/Capture-de\u0301cran-2023-06-07-a\u0300-13.52.11.jpg","twitter_misc":{"Escrito por":"florent","Tiempo de lectura":"3 minutos"},"schema":{"@context":"https:\/\/schema.org","@graph":[{"@type":"WebPage","@id":"https:\/\/legrandcontinent.eu\/es\/2023\/06\/07\/hacia-el-final-de-las-medidas-de-emergencia-contra-los-altos-precios-de-la-energia-en-la-union-europea\/","url":"https:\/\/legrandcontinent.eu\/es\/2023\/06\/07\/hacia-el-final-de-las-medidas-de-emergencia-contra-los-altos-precios-de-la-energia-en-la-union-europea\/","name":"Hacia el final de las medidas de emergencia contra los altos precios de la energ\u00eda en la Uni\u00f3n Europea - El Grand Continent","isPartOf":{"@id":"https:\/\/legrandcontinent.eu\/es\/#website"},"primaryImageOfPage":{"@id":"https:\/\/legrandcontinent.eu\/es\/2023\/06\/07\/hacia-el-final-de-las-medidas-de-emergencia-contra-los-altos-precios-de-la-energia-en-la-union-europea\/#primaryimage"},"image":{"@id":"https:\/\/legrandcontinent.eu\/es\/2023\/06\/07\/hacia-el-final-de-las-medidas-de-emergencia-contra-los-altos-precios-de-la-energia-en-la-union-europea\/#primaryimage"},"thumbnailUrl":"https:\/\/legrandcontinent.eu\/es\/wp-content\/uploads\/sites\/2\/2023\/06\/Capture-de\u0301cran-2023-06-07-a\u0300-13.52.11.jpg","datePublished":"2023-06-07T13:01:00+00:00","dateModified":"2023-06-07T16:04:10+00:00","author":{"@id":"https:\/\/legrandcontinent.eu\/es\/#\/schema\/person\/cdd782c93d4a9eda86ab19a8c01cdf5c"},"breadcrumb":{"@id":"https:\/\/legrandcontinent.eu\/es\/2023\/06\/07\/hacia-el-final-de-las-medidas-de-emergencia-contra-los-altos-precios-de-la-energia-en-la-union-europea\/#breadcrumb"},"inLanguage":"es","potentialAction":[{"@type":"ReadAction","target":["https:\/\/legrandcontinent.eu\/es\/2023\/06\/07\/hacia-el-final-de-las-medidas-de-emergencia-contra-los-altos-precios-de-la-energia-en-la-union-europea\/"]}]},{"@type":"ImageObject","inLanguage":"es","@id":"https:\/\/legrandcontinent.eu\/es\/2023\/06\/07\/hacia-el-final-de-las-medidas-de-emergencia-contra-los-altos-precios-de-la-energia-en-la-union-europea\/#primaryimage","url":"https:\/\/legrandcontinent.eu\/es\/wp-content\/uploads\/sites\/2\/2023\/06\/Capture-de\u0301cran-2023-06-07-a\u0300-13.52.11.jpg","contentUrl":"https:\/\/legrandcontinent.eu\/es\/wp-content\/uploads\/sites\/2\/2023\/06\/Capture-de\u0301cran-2023-06-07-a\u0300-13.52.11.jpg","width":1800,"height":868},{"@type":"BreadcrumbList","@id":"https:\/\/legrandcontinent.eu\/es\/2023\/06\/07\/hacia-el-final-de-las-medidas-de-emergencia-contra-los-altos-precios-de-la-energia-en-la-union-europea\/#breadcrumb","itemListElement":[{"@type":"ListItem","position":1,"name":"Home","item":"https:\/\/legrandcontinent.eu\/es\/"},{"@type":"ListItem","position":2,"name":"Hacia el final de las medidas de emergencia contra los altos precios de la energ\u00eda en la Uni\u00f3n Europea"}]},{"@type":"WebSite","@id":"https:\/\/legrandcontinent.eu\/es\/#website","url":"https:\/\/legrandcontinent.eu\/es\/","name":"El Grand Continent","description":"La escala pertinente","potentialAction":[{"@type":"SearchAction","target":{"@type":"EntryPoint","urlTemplate":"https:\/\/legrandcontinent.eu\/es\/?s={search_term_string}"},"query-input":{"@type":"PropertyValueSpecification","valueRequired":true,"valueName":"search_term_string"}}],"inLanguage":"es"},{"@type":"Person","@id":"https:\/\/legrandcontinent.eu\/es\/#\/schema\/person\/cdd782c93d4a9eda86ab19a8c01cdf5c","name":"florent","image":{"@type":"ImageObject","inLanguage":"es","@id":"https:\/\/legrandcontinent.eu\/es\/#\/schema\/person\/image\/","url":"https:\/\/secure.gravatar.com\/avatar\/0d38d78c90602daf39b309035cdac6bc?s=96&d=mm&r=g","contentUrl":"https:\/\/secure.gravatar.com\/avatar\/0d38d78c90602daf39b309035cdac6bc?s=96&d=mm&r=g","caption":"florent"}}]}},"lgc_categories":[{"id":98,"name":"Energ\u00eda y medio ambiente","slug":"energia-y-medio-ambiente"}],"lgc_author":null,"feature_image_summary":{"url":"https:\/\/legrandcontinent.eu\/es\/wp-content\/uploads\/sites\/2\/2023\/06\/Capture-de\u0301cran-2023-06-07-a\u0300-13.52.11.jpg","width":1800,"height":868,"alt":""},"feature_image_cover":null,"term_position_data":null,"_links":{"self":[{"href":"https:\/\/legrandcontinent.eu\/es\/wp-json\/wp\/v2\/posts\/18119","targetHints":{"allow":["GET"]}}],"collection":[{"href":"https:\/\/legrandcontinent.eu\/es\/wp-json\/wp\/v2\/posts"}],"about":[{"href":"https:\/\/legrandcontinent.eu\/es\/wp-json\/wp\/v2\/types\/post"}],"author":[{"embeddable":true,"href":"https:\/\/legrandcontinent.eu\/es\/wp-json\/wp\/v2\/users\/1366"}],"replies":[{"embeddable":true,"href":"https:\/\/legrandcontinent.eu\/es\/wp-json\/wp\/v2\/comments?post=18119"}],"version-history":[{"count":0,"href":"https:\/\/legrandcontinent.eu\/es\/wp-json\/wp\/v2\/posts\/18119\/revisions"}],"wp:featuredmedia":[{"embeddable":true,"href":"https:\/\/legrandcontinent.eu\/es\/wp-json\/wp\/v2\/media\/18099"}],"wp:attachment":[{"href":"https:\/\/legrandcontinent.eu\/es\/wp-json\/wp\/v2\/media?parent=18119"}],"wp:term":[{"taxonomy":"category","embeddable":true,"href":"https:\/\/legrandcontinent.eu\/es\/wp-json\/wp\/v2\/categories?post=18119"},{"taxonomy":"post_tag","embeddable":true,"href":"https:\/\/legrandcontinent.eu\/es\/wp-json\/wp\/v2\/tags?post=18119"},{"taxonomy":"staff","embeddable":true,"href":"https:\/\/legrandcontinent.eu\/es\/wp-json\/wp\/v2\/staff?post=18119"},{"taxonomy":"editorial_format","embeddable":true,"href":"https:\/\/legrandcontinent.eu\/es\/wp-json\/wp\/v2\/editorial_format?post=18119"},{"taxonomy":"serie","embeddable":true,"href":"https:\/\/legrandcontinent.eu\/es\/wp-json\/wp\/v2\/serie?post=18119"},{"taxonomy":"audience","embeddable":true,"href":"https:\/\/legrandcontinent.eu\/es\/wp-json\/wp\/v2\/audience?post=18119"},{"taxonomy":"geo","embeddable":true,"href":"https:\/\/legrandcontinent.eu\/es\/wp-json\/wp\/v2\/geo?post=18119"}],"curies":[{"name":"wp","href":"https:\/\/api.w.org\/{rel}","templated":true}]}}