{"id":18084,"date":"2023-06-06T12:32:00","date_gmt":"2023-06-06T11:32:00","guid":{"rendered":"https:\/\/legrandcontinent.eu\/es\/?p=18084"},"modified":"2023-06-06T23:23:37","modified_gmt":"2023-06-06T22:23:37","slug":"cumbre-de-los-nueve-de-bucarest-en-bratislava","status":"publish","type":"post","link":"https:\/\/legrandcontinent.eu\/es\/2023\/06\/06\/cumbre-de-los-nueve-de-bucarest-en-bratislava\/","title":{"rendered":"Cumbre de los Nueve de Bucarest en Bratislava"},"content":{"rendered":"\n<p>El Grupo de los Nueve de Bucarest (B9) est\u00e1 formado por nueve pa\u00edses de Europa del Este del antiguo bloque comunista que se adhirieron a la OTAN tras el fin de la Guerra Fr\u00eda. Este foro diplom\u00e1tico, cuyo objetivo es coordinar las opiniones de los pa\u00edses participantes sobre cuestiones de inter\u00e9s en relaci\u00f3n con la Alianza Atl\u00e1ntica y apoyar proyectos conjuntos de seguridad, se cre\u00f3 en 2015 tras la anexi\u00f3n rusa de Crimea.&nbsp;<\/p>\n\n\n\n<ul class=\"wp-block-list\">\n<li>Desde 2014, y especialmente desde la invasi\u00f3n de Ucrania el 24 de febrero, el flanco oriental de la OTAN se ha visto muy reforzado, con m\u00e1s de 100.000 soldados estadounidenses desplegados en la regi\u00f3n y 40.000 soldados puestos directamente bajo el mando de la OTAN.<\/li>\n<\/ul>\n\n\n\n<p>En la cumbre de 22 de febrero de 2023, los jefes de Estado de los Nueve de Bucarest, junto con el presidente Biden y el secretario general de la OTAN, Jens Stoltenberg, firmaron una declaraci\u00f3n en la que condenaban la invasi\u00f3n rusa de Ucrania y ped\u00edan una mayor presencia militar de la OTAN en el flanco oriental de la Alianza.<\/p>\n\n\n\n<ul class=\"wp-block-list\">\n<li>Al inaugurar la reuni\u00f3n del martes del B9, el Secretario General de la OTAN declar\u00f3: \u00abTambi\u00e9n debemos comprometernos m\u00e1s firmemente a aumentar la inversi\u00f3n en defensa hasta un m\u00ednimo del dos por ciento del PIB\u00bb.<\/li>\n\n\n\n<li>En cuanto a Ucrania, Jens Stoltenberg anunci\u00f3 que \u00abreforzaremos nuestro apoyo a Ucrania con un paquete de asistencia plurianual para ayudar a Ucrania a pasar de los est\u00e1ndares de la era sovi\u00e9tica a los de la OTAN y para acercar a Ucrania a la OTAN\u00bb, y a\u00f1adi\u00f3 que \u00abtodos los Aliados est\u00e1n de acuerdo en que la puerta de la OTAN sigue abierta, [y] que Ucrania se convertir\u00e1 en miembro de la Alianza\u00bb.&nbsp;<\/li>\n<\/ul>\n\n\n\n<p>La reuni\u00f3n del martes prepara el camino para la cumbre de la OTAN que se celebrar\u00e1 en Vilna en julio, donde la cuesti\u00f3n de la candidatura de Ucrania estar\u00e1 en el centro de los debates, en un momento en que los pa\u00edses de Europa del Este est\u00e1n unidos en su apoyo a la ampliaci\u00f3n de la OTAN. En una entrevista publicada por el <em>Wall Street Journal<\/em>&nbsp;<span class='whitespace-nowrap'><span id='easy-footnote-1-18084' class='easy-footnote-margin-adjust'><\/span><span class='easy-footnote'><a href='https:\/\/legrandcontinent.eu\/es\/2023\/06\/06\/cumbre-de-los-nueve-de-bucarest-en-bratislava\/#easy-footnote-bottom-1-18084' title='\u00ab\u00a0&lt;a href=&quot;https:\/\/www.wsj.com\/articles\/ukraines-zelensky-we-are-ready-for-counteroffensive-22f4f3f2&quot;&gt;Ukraine\u2019s Zelensky\u00a0: We Are Ready for Counteroffensive&lt;\/a&gt;\u00a0\u00bb,\u00a0&lt;em&gt;The Wall Street Journal,\u00a0&lt;\/em&gt;3 de junio de 2023.'><sup>1<\/sup><\/a><\/span><\/span> el s\u00e1bado 3 de junio, el Presidente ucraniano declar\u00f3: \u00abSi no se nos reconoce y si no recibimos una se\u00f1al en Vilna, creo que no tiene sentido que Ucrania participe en esta cumbre\u00bb.<\/p>\n","protected":false},"excerpt":{"rendered":"<p>Este martes 6 de junio, el Secretario General de la OTAN, Jens Stoltenberg, viaja a Eslovaquia para asistir a la cumbre del Grupo de los Nueve de Bucarest; ser\u00e1 recibido por la Presidenta de Eslovaquia, Zuzana \u010caputov\u00e1, el Presidente de Ruman\u00eda, Klaus Iohannis, y el Presidente de Polonia, Andrzej Duda.<\/p>\n","protected":false},"author":1366,"featured_media":18086,"comment_status":"closed","ping_status":"","sticky":false,"template":"templates\/post-briefings.php","format":"standard","meta":{"_acf_changed":false,"_trash_the_other_posts":false,"_yoast_wpseo_estimated-reading-time-minutes":2,"footnotes":""},"categories":[6],"tags":[],"staff":[],"editorial_format":[],"serie":[],"audience":[],"geo":[177],"class_list":["post-18084","post","type-post","status-publish","format-standard","hentry","category-politica","geo-europa"],"acf":{"open_in_webview":false,"accent":false},"yoast_head":"<!-- This site is optimized with the Yoast SEO plugin v26.1.1 - https:\/\/yoast.com\/wordpress\/plugins\/seo\/ -->\n<title>Cumbre de los Nueve de Bucarest en Bratislava - El Grand Continent<\/title>\n<meta name=\"robots\" content=\"index, follow, max-snippet:-1, max-image-preview:large, max-video-preview:-1\" \/>\n<link rel=\"canonical\" href=\"https:\/\/legrandcontinent.eu\/es\/2023\/06\/06\/cumbre-de-los-nueve-de-bucarest-en-bratislava\/\" \/>\n<meta property=\"og:locale\" content=\"es_ES\" \/>\n<meta property=\"og:type\" content=\"article\" \/>\n<meta property=\"og:title\" content=\"Cumbre de los Nueve de Bucarest en Bratislava - El Grand Continent\" \/>\n<meta property=\"og:description\" content=\"Este martes 6 de junio, el Secretario General de la OTAN, Jens Stoltenberg, viaja a Eslovaquia para asistir a la cumbre del Grupo de los Nueve de Bucarest; ser\u00e1 recibido por la Presidenta de Eslovaquia, Zuzana \u010caputov\u00e1, el Presidente de Ruman\u00eda, Klaus Iohannis, y el Presidente de Polonia, Andrzej Duda.\" \/>\n<meta property=\"og:url\" content=\"https:\/\/legrandcontinent.eu\/es\/2023\/06\/06\/cumbre-de-los-nueve-de-bucarest-en-bratislava\/\" \/>\n<meta property=\"og:site_name\" content=\"El Grand Continent\" \/>\n<meta property=\"article:published_time\" content=\"2023-06-06T11:32:00+00:00\" \/>\n<meta property=\"article:modified_time\" content=\"2023-06-06T22:23:37+00:00\" \/>\n<meta property=\"og:image\" content=\"https:\/\/legrandcontinent.eu\/es\/wp-content\/uploads\/sites\/6\/2023\/06\/gc-elcumbredelosnueve-scaled.jpg\" \/>\n\t<meta property=\"og:image:width\" content=\"2560\" \/>\n\t<meta property=\"og:image:height\" content=\"1440\" \/>\n\t<meta property=\"og:image:type\" content=\"image\/jpeg\" \/>\n<meta name=\"author\" content=\"florent\" \/>\n<meta name=\"twitter:card\" content=\"summary_large_image\" \/>\n<meta name=\"twitter:image\" content=\"https:\/\/legrandcontinent.eu\/es\/wp-content\/uploads\/sites\/6\/2023\/06\/gc-elcumbredelosnueve-scaled.jpg\" \/>\n<meta name=\"twitter:label1\" content=\"Escrito por\" \/>\n\t<meta name=\"twitter:data1\" content=\"florent\" \/>\n\t<meta name=\"twitter:label2\" content=\"Tiempo de lectura\" \/>\n\t<meta name=\"twitter:data2\" content=\"2 minutos\" \/>\n<script type=\"application\/ld+json\" class=\"yoast-schema-graph\">{\"@context\":\"https:\/\/schema.org\",\"@graph\":[{\"@type\":\"WebPage\",\"@id\":\"https:\/\/legrandcontinent.eu\/es\/2023\/06\/06\/cumbre-de-los-nueve-de-bucarest-en-bratislava\/\",\"url\":\"https:\/\/legrandcontinent.eu\/es\/2023\/06\/06\/cumbre-de-los-nueve-de-bucarest-en-bratislava\/\",\"name\":\"Cumbre de los Nueve de Bucarest en Bratislava - El Grand Continent\",\"isPartOf\":{\"@id\":\"https:\/\/legrandcontinent.eu\/es\/#website\"},\"primaryImageOfPage\":{\"@id\":\"https:\/\/legrandcontinent.eu\/es\/2023\/06\/06\/cumbre-de-los-nueve-de-bucarest-en-bratislava\/#primaryimage\"},\"image\":{\"@id\":\"https:\/\/legrandcontinent.eu\/es\/2023\/06\/06\/cumbre-de-los-nueve-de-bucarest-en-bratislava\/#primaryimage\"},\"thumbnailUrl\":\"https:\/\/legrandcontinent.eu\/es\/wp-content\/uploads\/sites\/6\/2023\/06\/SIPA_AP22728687_000015-scaled-2.jpg\",\"datePublished\":\"2023-06-06T11:32:00+00:00\",\"dateModified\":\"2023-06-06T22:23:37+00:00\",\"author\":{\"@id\":\"https:\/\/legrandcontinent.eu\/es\/#\/schema\/person\/cdd782c93d4a9eda86ab19a8c01cdf5c\"},\"breadcrumb\":{\"@id\":\"https:\/\/legrandcontinent.eu\/es\/2023\/06\/06\/cumbre-de-los-nueve-de-bucarest-en-bratislava\/#breadcrumb\"},\"inLanguage\":\"es\",\"potentialAction\":[{\"@type\":\"ReadAction\",\"target\":[\"https:\/\/legrandcontinent.eu\/es\/2023\/06\/06\/cumbre-de-los-nueve-de-bucarest-en-bratislava\/\"]}]},{\"@type\":\"ImageObject\",\"inLanguage\":\"es\",\"@id\":\"https:\/\/legrandcontinent.eu\/es\/2023\/06\/06\/cumbre-de-los-nueve-de-bucarest-en-bratislava\/#primaryimage\",\"url\":\"https:\/\/legrandcontinent.eu\/es\/wp-content\/uploads\/sites\/6\/2023\/06\/SIPA_AP22728687_000015-scaled-2.jpg\",\"contentUrl\":\"https:\/\/legrandcontinent.eu\/es\/wp-content\/uploads\/sites\/6\/2023\/06\/SIPA_AP22728687_000015-scaled-2.jpg\",\"width\":2560,\"height\":1707,\"caption\":\"NATO Secretary-General Jens Stoltenberg leaves after a press conference at the NATO headquarters in Brussels, Belgium Tuesday, Oct. 11, 2022. (AP Photo\/Olivier Matthys)\/FP115\/22284496609212\/\/2210111551\"},{\"@type\":\"BreadcrumbList\",\"@id\":\"https:\/\/legrandcontinent.eu\/es\/2023\/06\/06\/cumbre-de-los-nueve-de-bucarest-en-bratislava\/#breadcrumb\",\"itemListElement\":[{\"@type\":\"ListItem\",\"position\":1,\"name\":\"Home\",\"item\":\"https:\/\/legrandcontinent.eu\/es\/\"},{\"@type\":\"ListItem\",\"position\":2,\"name\":\"Cumbre de los Nueve de Bucarest en Bratislava\"}]},{\"@type\":\"WebSite\",\"@id\":\"https:\/\/legrandcontinent.eu\/es\/#website\",\"url\":\"https:\/\/legrandcontinent.eu\/es\/\",\"name\":\"El Grand Continent\",\"description\":\"La escala pertinente\",\"potentialAction\":[{\"@type\":\"SearchAction\",\"target\":{\"@type\":\"EntryPoint\",\"urlTemplate\":\"https:\/\/legrandcontinent.eu\/es\/?s={search_term_string}\"},\"query-input\":{\"@type\":\"PropertyValueSpecification\",\"valueRequired\":true,\"valueName\":\"search_term_string\"}}],\"inLanguage\":\"es\"},{\"@type\":\"Person\",\"@id\":\"https:\/\/legrandcontinent.eu\/es\/#\/schema\/person\/cdd782c93d4a9eda86ab19a8c01cdf5c\",\"name\":\"florent\",\"image\":{\"@type\":\"ImageObject\",\"inLanguage\":\"es\",\"@id\":\"https:\/\/legrandcontinent.eu\/es\/#\/schema\/person\/image\/\",\"url\":\"https:\/\/secure.gravatar.com\/avatar\/0d38d78c90602daf39b309035cdac6bc?s=96&d=mm&r=g\",\"contentUrl\":\"https:\/\/secure.gravatar.com\/avatar\/0d38d78c90602daf39b309035cdac6bc?s=96&d=mm&r=g\",\"caption\":\"florent\"}}]}<\/script>\n<!-- \/ Yoast SEO plugin. -->","yoast_head_json":{"title":"Cumbre de los Nueve de Bucarest en Bratislava - El Grand Continent","robots":{"index":"index","follow":"follow","max-snippet":"max-snippet:-1","max-image-preview":"max-image-preview:large","max-video-preview":"max-video-preview:-1"},"canonical":"https:\/\/legrandcontinent.eu\/es\/2023\/06\/06\/cumbre-de-los-nueve-de-bucarest-en-bratislava\/","og_locale":"es_ES","og_type":"article","og_title":"Cumbre de los Nueve de Bucarest en Bratislava - El Grand Continent","og_description":"Este martes 6 de junio, el Secretario General de la OTAN, Jens Stoltenberg, viaja a Eslovaquia para asistir a la cumbre del Grupo de los Nueve de Bucarest; ser\u00e1 recibido por la Presidenta de Eslovaquia, Zuzana \u010caputov\u00e1, el Presidente de Ruman\u00eda, Klaus Iohannis, y el Presidente de Polonia, Andrzej Duda.","og_url":"https:\/\/legrandcontinent.eu\/es\/2023\/06\/06\/cumbre-de-los-nueve-de-bucarest-en-bratislava\/","og_site_name":"El Grand Continent","article_published_time":"2023-06-06T11:32:00+00:00","article_modified_time":"2023-06-06T22:23:37+00:00","og_image":[{"width":2560,"height":1440,"url":"https:\/\/legrandcontinent.eu\/es\/wp-content\/uploads\/sites\/6\/2023\/06\/gc-elcumbredelosnueve-scaled.jpg","type":"image\/jpeg"}],"author":"florent","twitter_card":"summary_large_image","twitter_image":"https:\/\/legrandcontinent.eu\/es\/wp-content\/uploads\/sites\/6\/2023\/06\/gc-elcumbredelosnueve-scaled.jpg","twitter_misc":{"Escrito por":"florent","Tiempo de lectura":"2 minutos"},"schema":{"@context":"https:\/\/schema.org","@graph":[{"@type":"WebPage","@id":"https:\/\/legrandcontinent.eu\/es\/2023\/06\/06\/cumbre-de-los-nueve-de-bucarest-en-bratislava\/","url":"https:\/\/legrandcontinent.eu\/es\/2023\/06\/06\/cumbre-de-los-nueve-de-bucarest-en-bratislava\/","name":"Cumbre de los Nueve de Bucarest en Bratislava - El Grand Continent","isPartOf":{"@id":"https:\/\/legrandcontinent.eu\/es\/#website"},"primaryImageOfPage":{"@id":"https:\/\/legrandcontinent.eu\/es\/2023\/06\/06\/cumbre-de-los-nueve-de-bucarest-en-bratislava\/#primaryimage"},"image":{"@id":"https:\/\/legrandcontinent.eu\/es\/2023\/06\/06\/cumbre-de-los-nueve-de-bucarest-en-bratislava\/#primaryimage"},"thumbnailUrl":"https:\/\/legrandcontinent.eu\/es\/wp-content\/uploads\/sites\/6\/2023\/06\/SIPA_AP22728687_000015-scaled-2.jpg","datePublished":"2023-06-06T11:32:00+00:00","dateModified":"2023-06-06T22:23:37+00:00","author":{"@id":"https:\/\/legrandcontinent.eu\/es\/#\/schema\/person\/cdd782c93d4a9eda86ab19a8c01cdf5c"},"breadcrumb":{"@id":"https:\/\/legrandcontinent.eu\/es\/2023\/06\/06\/cumbre-de-los-nueve-de-bucarest-en-bratislava\/#breadcrumb"},"inLanguage":"es","potentialAction":[{"@type":"ReadAction","target":["https:\/\/legrandcontinent.eu\/es\/2023\/06\/06\/cumbre-de-los-nueve-de-bucarest-en-bratislava\/"]}]},{"@type":"ImageObject","inLanguage":"es","@id":"https:\/\/legrandcontinent.eu\/es\/2023\/06\/06\/cumbre-de-los-nueve-de-bucarest-en-bratislava\/#primaryimage","url":"https:\/\/legrandcontinent.eu\/es\/wp-content\/uploads\/sites\/6\/2023\/06\/SIPA_AP22728687_000015-scaled-2.jpg","contentUrl":"https:\/\/legrandcontinent.eu\/es\/wp-content\/uploads\/sites\/6\/2023\/06\/SIPA_AP22728687_000015-scaled-2.jpg","width":2560,"height":1707,"caption":"NATO Secretary-General Jens Stoltenberg leaves after a press conference at the NATO headquarters in Brussels, Belgium Tuesday, Oct. 11, 2022. (AP Photo\/Olivier Matthys)\/FP115\/22284496609212\/\/2210111551"},{"@type":"BreadcrumbList","@id":"https:\/\/legrandcontinent.eu\/es\/2023\/06\/06\/cumbre-de-los-nueve-de-bucarest-en-bratislava\/#breadcrumb","itemListElement":[{"@type":"ListItem","position":1,"name":"Home","item":"https:\/\/legrandcontinent.eu\/es\/"},{"@type":"ListItem","position":2,"name":"Cumbre de los Nueve de Bucarest en Bratislava"}]},{"@type":"WebSite","@id":"https:\/\/legrandcontinent.eu\/es\/#website","url":"https:\/\/legrandcontinent.eu\/es\/","name":"El Grand Continent","description":"La escala pertinente","potentialAction":[{"@type":"SearchAction","target":{"@type":"EntryPoint","urlTemplate":"https:\/\/legrandcontinent.eu\/es\/?s={search_term_string}"},"query-input":{"@type":"PropertyValueSpecification","valueRequired":true,"valueName":"search_term_string"}}],"inLanguage":"es"},{"@type":"Person","@id":"https:\/\/legrandcontinent.eu\/es\/#\/schema\/person\/cdd782c93d4a9eda86ab19a8c01cdf5c","name":"florent","image":{"@type":"ImageObject","inLanguage":"es","@id":"https:\/\/legrandcontinent.eu\/es\/#\/schema\/person\/image\/","url":"https:\/\/secure.gravatar.com\/avatar\/0d38d78c90602daf39b309035cdac6bc?s=96&d=mm&r=g","contentUrl":"https:\/\/secure.gravatar.com\/avatar\/0d38d78c90602daf39b309035cdac6bc?s=96&d=mm&r=g","caption":"florent"}}]}},"lgc_categories":[{"id":6,"name":"Pol\u00edtica","slug":"politica"}],"lgc_author":null,"feature_image_summary":{"url":"https:\/\/legrandcontinent.eu\/es\/wp-content\/uploads\/sites\/6\/2023\/06\/SIPA_AP22728687_000015-scaled-2.jpg","width":2560,"height":1707,"alt":""},"feature_image_cover":null,"term_position_data":null,"_links":{"self":[{"href":"https:\/\/legrandcontinent.eu\/es\/wp-json\/wp\/v2\/posts\/18084","targetHints":{"allow":["GET"]}}],"collection":[{"href":"https:\/\/legrandcontinent.eu\/es\/wp-json\/wp\/v2\/posts"}],"about":[{"href":"https:\/\/legrandcontinent.eu\/es\/wp-json\/wp\/v2\/types\/post"}],"author":[{"embeddable":true,"href":"https:\/\/legrandcontinent.eu\/es\/wp-json\/wp\/v2\/users\/1366"}],"replies":[{"embeddable":true,"href":"https:\/\/legrandcontinent.eu\/es\/wp-json\/wp\/v2\/comments?post=18084"}],"version-history":[{"count":0,"href":"https:\/\/legrandcontinent.eu\/es\/wp-json\/wp\/v2\/posts\/18084\/revisions"}],"wp:featuredmedia":[{"embeddable":true,"href":"https:\/\/legrandcontinent.eu\/es\/wp-json\/wp\/v2\/media\/18086"}],"wp:attachment":[{"href":"https:\/\/legrandcontinent.eu\/es\/wp-json\/wp\/v2\/media?parent=18084"}],"wp:term":[{"taxonomy":"category","embeddable":true,"href":"https:\/\/legrandcontinent.eu\/es\/wp-json\/wp\/v2\/categories?post=18084"},{"taxonomy":"post_tag","embeddable":true,"href":"https:\/\/legrandcontinent.eu\/es\/wp-json\/wp\/v2\/tags?post=18084"},{"taxonomy":"staff","embeddable":true,"href":"https:\/\/legrandcontinent.eu\/es\/wp-json\/wp\/v2\/staff?post=18084"},{"taxonomy":"editorial_format","embeddable":true,"href":"https:\/\/legrandcontinent.eu\/es\/wp-json\/wp\/v2\/editorial_format?post=18084"},{"taxonomy":"serie","embeddable":true,"href":"https:\/\/legrandcontinent.eu\/es\/wp-json\/wp\/v2\/serie?post=18084"},{"taxonomy":"audience","embeddable":true,"href":"https:\/\/legrandcontinent.eu\/es\/wp-json\/wp\/v2\/audience?post=18084"},{"taxonomy":"geo","embeddable":true,"href":"https:\/\/legrandcontinent.eu\/es\/wp-json\/wp\/v2\/geo?post=18084"}],"curies":[{"name":"wp","href":"https:\/\/api.w.org\/{rel}","templated":true}]}}