{"id":16590,"date":"2023-05-05T14:19:00","date_gmt":"2023-05-05T13:19:00","guid":{"rendered":"https:\/\/legrandcontinent.eu\/es\/?p=16590"},"modified":"2023-05-12T09:36:26","modified_gmt":"2023-05-12T08:36:26","slug":"prigogine-amenaza-con-retirar-a-los-combatientes-de-wagner-de-bajmut-el-10-de-mayo","status":"publish","type":"post","link":"https:\/\/legrandcontinent.eu\/es\/2023\/05\/05\/prigogine-amenaza-con-retirar-a-los-combatientes-de-wagner-de-bajmut-el-10-de-mayo\/","title":{"rendered":"Prigozhin amenaza con retirar a los combatientes de Wagner de Bajmut el 10 de mayo"},"content":{"rendered":"\n<p>El l\u00edder de la milicia Wagner, Yevgeny Prigozhin, amenaz\u00f3 el viernes 5 de mayo a Mosc\u00fa con retirar a sus combatientes de Bajmut antes del 10 de mayo porque la falta de municiones llevar\u00eda a sus tropas a morir \u00abde forma absurda\u00bb.<\/p>\n\n\n\n<div class=\"iframe-container wp-block-image wp-block-image-medium  iframe-dw\">\n\t<div>\n\t\t<iframe class=\"absolute w-full h-full pin-t pin-l\" title=\"titolo\" aria-label=\"Interactive line chart\" src=\"\/\/datawrapper.dwcdn.net\/3jRn7\/\" scrolling=\"no\" frameborder=\"0\"><\/iframe>\n\t<\/div>\n<\/div>\n\n\n\n<ul class=\"wp-block-list\">\n<li>Wagner lleva combatiendo y ganando terreno en Bajmut desde octubre de 2022, cuando se lanz\u00f3 la operaci\u00f3n \u00ab<em>Bakhmut Meat Grinder<\/em>\u00bb conjuntamente con el ej\u00e9rcito ruso.<\/li>\n\n\n\n<li>Sin embargo, desde hace varios meses, el l\u00edder de la milicia Wagner ha hecho saber p\u00fablicamente que considera que sus unidades est\u00e1n siendo desatendidas en favor del ej\u00e9rcito regular, sobre todo en lo que respecta al suministro de munici\u00f3n y al apoyo log\u00edstico.<\/li>\n\n\n\n<li>En una declaraci\u00f3n, Prigozhin afirma que fue tras enterarse de que se esperaba que Wagner hubiera tomado por completo Bajmut para el 9 de mayo -el d\u00eda de la victoria de la Gran Guerra Patria- cuando el Estado Mayor ruso decidi\u00f3 privar a la milicia de \u00abtoda la munici\u00f3n de artiller\u00eda\u00bb&nbsp;<span class='whitespace-nowrap'><span id='easy-footnote-1-16590' class='easy-footnote-margin-adjust'><\/span><span class='easy-footnote'><a href='https:\/\/legrandcontinent.eu\/es\/2023\/05\/05\/prigogine-amenaza-con-retirar-a-los-combatientes-de-wagner-de-bajmut-el-10-de-mayo\/#easy-footnote-bottom-1-16590' title='&lt;a href=&quot;https:\/\/twitter.com\/markito0171\/status\/1654402973542281218&quot;&gt;Tweet de C4H10FO2P&lt;\/a&gt;, 5 de mayo de 2023.'><sup>1<\/sup><\/a><\/span><\/span>.<\/li>\n<\/ul>\n\n\n\n<div class=\"iframe-container wp-block-image wp-block-image-medium  iframe-dw\">\n\t<div>\n\t\t<iframe class=\"absolute w-full h-full pin-t pin-l\" title=\"titolo\" aria-label=\"Interactive line chart\" src=\"\/\/datawrapper.dwcdn.net\/ELkq6\/\" scrolling=\"no\" frameborder=\"0\"><\/iframe>\n\t<\/div>\n<\/div>\n\n\n\n<p>Seg\u00fan los periodistas de la agencia oficial de noticias rusa RIA Novosi, Vladimir Putin tom\u00f3 nota de la declaraci\u00f3n de Prigozhin del 5 de mayo \u00absin hacer comentarios\u00bb&nbsp;<span class='whitespace-nowrap'><span id='easy-footnote-2-16590' class='easy-footnote-margin-adjust'><\/span><span class='easy-footnote'><a href='https:\/\/legrandcontinent.eu\/es\/2023\/05\/05\/prigogine-amenaza-con-retirar-a-los-combatientes-de-wagner-de-bajmut-el-10-de-mayo\/#easy-footnote-bottom-2-16590' title='&lt;a href=&quot;https:\/\/twitter.com\/Kremlinpool_RIA\/status\/1654404098282643456&quot;&gt;Tweet de \u041a\u0440\u0435\u043c\u043b\u0435\u0432\u0441\u043a\u0438\u0439 \u043f\u0443\u043b \u0420\u0418\u0410&lt;\/a&gt;, 5 de mayo de 2023.'><sup>2<\/sup><\/a><\/span><\/span>. En realidad, el Kremlin nunca ha comentado p\u00fablicamente las declaraciones que Prigozhin le ha hecho debido a su inacci\u00f3n a pesar de las repetidas amenazas. Sin embargo, es la primera vez que se lanza un ultim\u00e1tum en estos t\u00e9rminos, acompa\u00f1ado de un v\u00eddeo que muestra a combatientes wagnerianos muertos alineados en el suelo.<\/p>\n\n\n\n<div class=\"iframe-container wp-block-image wp-block-image-medium  iframe-dw\">\n\t<div>\n\t\t<iframe class=\"absolute w-full h-full pin-t pin-l\" title=\"titolo\" aria-label=\"Interactive line chart\" src=\"\/\/datawrapper.dwcdn.net\/Och3i\/\" scrolling=\"no\" frameborder=\"0\"><\/iframe>\n\t<\/div>\n<\/div>\n\n\n\n<p>El momento de esta declaraci\u00f3n es cr\u00edtico:<\/p>\n\n\n\n<ul class=\"wp-block-list\">\n<li>Seg\u00fan el l\u00edder de Wagner, el ej\u00e9rcito ucraniano controla ahora s\u00f3lo 2,64 kil\u00f3metros cuadrados de Bajmut. A pesar de los lentos avances, el control ruso de la ciudad se ha expandido hacia el norte, el sur y a trav\u00e9s del r\u00edo Bajmut hacia la parte occidental de la ciudad en los \u00faltimos meses&nbsp;<span class='whitespace-nowrap'><span id='easy-footnote-3-16590' class='easy-footnote-margin-adjust'><\/span><span class='easy-footnote'><a href='https:\/\/legrandcontinent.eu\/es\/2023\/05\/05\/prigogine-amenaza-con-retirar-a-los-combatientes-de-wagner-de-bajmut-el-10-de-mayo\/#easy-footnote-bottom-3-16590' title='Riley Bailey, Karolina Hird, Kateryna Stepanenko, Nicole Wolkov, Layne Philipson y Frederick W. Kagan, \u00ab&amp;nbsp;&lt;a href=&quot;https:\/\/www.understandingwar.org\/backgrounder\/russian-offensive-campaign-assessment-may-4-2023&quot;&gt;Russian Offensive Campaign Assessment, May 4, 2023&lt;\/a&gt;&amp;nbsp;\u00bb, Institute for the Study of War.'><sup>3<\/sup><\/a><\/span><\/span>.<\/li>\n<\/ul>\n\n\n\n<ul class=\"wp-block-list\">\n<li>Aunque el 9 de mayo es uno de los principales acontecimientos patri\u00f3ticos en Rusia cada a\u00f1o, al menos 21 ciudades anunciaron el 4 de mayo que hab\u00edan decidido cancelar los desfiles previstos para la ocasi\u00f3n&nbsp;<span class='whitespace-nowrap'><span id='easy-footnote-4-16590' class='easy-footnote-margin-adjust'><\/span><span class='easy-footnote'><a href='https:\/\/legrandcontinent.eu\/es\/2023\/05\/05\/prigogine-amenaza-con-retirar-a-los-combatientes-de-wagner-de-bajmut-el-10-de-mayo\/#easy-footnote-bottom-4-16590' title='\u00ab&amp;nbsp;&lt;a href=&quot;https:\/\/www.themoscowtimes.com\/2023\/05\/04\/at-least-20-russian-cities-scrap-wwii-victory-parades-a81032&quot;&gt;At Least 20 Russian Cities Scrap WWII Victory Parades&lt;\/a&gt;&amp;nbsp;\u00bb,&amp;nbsp;&lt;em&gt;The Moscow Times&lt;\/em&gt;, 4 de mayo de 2023.'><sup>4<\/sup><\/a><\/span><\/span> por: razones de \u00abseguridad\u00bb (temiendo que pudieran verse perturbados por atentados), para \u00abno provocar al enemigo\u00bb en Belgorod, o para que los soldados que se recuperan en el oblast de Pskov no se vieran expuestos al ruido de los fuegos artificiales (que ahora se perciben \u00abde forma muy diferente\u00bb), y para que los fondos asignados a la celebraci\u00f3n pudieran utilizarse \u00abpara necesidades b\u00e1sicas\u00bb&nbsp;<span class='whitespace-nowrap'><span id='easy-footnote-5-16590' class='easy-footnote-margin-adjust'><\/span><span class='easy-footnote'><a href='https:\/\/legrandcontinent.eu\/es\/2023\/05\/05\/prigogine-amenaza-con-retirar-a-los-combatientes-de-wagner-de-bajmut-el-10-de-mayo\/#easy-footnote-bottom-5-16590' title='&lt;a href=&quot;https:\/\/t.me\/svobodnieslova\/1903&quot;&gt;Mensaje Telegram del proyecto \u0412\u0451\u0440\u0441\u0442\u043a\u0430&lt;\/a&gt;, 4 de mayo de 2023.'><sup>5<\/sup><\/a><\/span><\/span>.<\/li>\n<\/ul>\n\n\n\n<div class=\"iframe-container wp-block-image wp-block-image-medium  iframe-dw\">\n\t<div>\n\t\t<iframe class=\"absolute w-full h-full pin-t pin-l\" title=\"titolo\" aria-label=\"Interactive line chart\" src=\"\/\/datawrapper.dwcdn.net\/ZNpv3\/\" scrolling=\"no\" frameborder=\"0\"><\/iframe>\n\t<\/div>\n<\/div>\n\n\n\n<p>En Mosc\u00fa, el desfile se ha mantenido por el momento a pesar del ataque con drones contra el Kremlin el mi\u00e9rcoles 3 de mayo. Seg\u00fan Mosc\u00fa, este \u00abatentado contra Vladimir Putin\u00bb fue orquestado por Ucrania con la ayuda de Estados Unidos, afirmaci\u00f3n desmentida por Kiev y Washington&nbsp;<span class='whitespace-nowrap'><span id='easy-footnote-6-16590' class='easy-footnote-margin-adjust'><\/span><span class='easy-footnote'><a href='https:\/\/legrandcontinent.eu\/es\/2023\/05\/05\/prigogine-amenaza-con-retirar-a-los-combatientes-de-wagner-de-bajmut-el-10-de-mayo\/#easy-footnote-bottom-6-16590' title='Mark Trevelyan, \u00ab&amp;nbsp;&lt;a href=&quot;https:\/\/www.reuters.com\/world\/russia-accuses-us-being-behind-alleged-kremlin-drone-attack-2023-05-04\/&quot;&gt;Russia says U.S. was behind Kremlin drone attack, drawing quick denial&lt;\/a&gt;&amp;nbsp;\u00bb,&amp;nbsp;&lt;em&gt;Reuters&lt;\/em&gt;, 4 de mayo de 2023.'><sup>6<\/sup><\/a><\/span><\/span>. Seg\u00fan el ISW, el atentado fue utilizado por las autoridades rusas como pretexto para cancelar los desfiles militares, enmascarando as\u00ed el deterioro del ej\u00e9rcito desde el lanzamiento de la invasi\u00f3n. Se espera que Vladimir Putin convoque hoy una reuni\u00f3n del Consejo de Seguridad para tratar el incidente.<\/p>\n\n\n\n<div class=\"iframe-container wp-block-image wp-block-image-medium  iframe-dw\">\n\t<div>\n\t\t<iframe class=\"absolute w-full h-full pin-t pin-l\" title=\"titolo\" aria-label=\"Interactive line chart\" src=\"\/\/datawrapper.dwcdn.net\/WlOZa\/\" scrolling=\"no\" frameborder=\"0\"><\/iframe>\n\t<\/div>\n<\/div>\n\n\n\n<p>Las amenazas se producen tambi\u00e9n en el contexto de una nueva iniciativa del ej\u00e9rcito ucraniano en Bajmut. Seg\u00fan varias fuentes, las fuerzas de Kiev avanzaron el mi\u00e9rcoles 3 de mayo hacia el suroeste de la ciudad, en direcci\u00f3n al pueblo de Kurdiumivka&nbsp;<span class='whitespace-nowrap'><span id='easy-footnote-7-16590' class='easy-footnote-margin-adjust'><\/span><span class='easy-footnote'><a href='https:\/\/legrandcontinent.eu\/es\/2023\/05\/05\/prigogine-amenaza-con-retirar-a-los-combatientes-de-wagner-de-bajmut-el-10-de-mayo\/#easy-footnote-bottom-7-16590' title='&lt;a href=&quot;https:\/\/twitter.com\/auditor_ya\/status\/1653834808521269253&quot;&gt;Tweet de @auditor_ya&lt;\/a&gt;, 3 de mayo de 2023.'><sup>7<\/sup><\/a><\/span><\/span>. Aunque los avances logrados son marginales y deben tratarse con cautela debido al tiempo necesario para evaluar los progresos reales, demuestran la resistencia de las fuerzas ucranianas en Bajmut y la vulnerabilidad de la postura rusa en caso de retirada de las milicias.<\/p>\n","protected":false},"excerpt":{"rendered":"<p>En una nueva diatriba al Kremlin, Yevgeny Prigozhin ha amenazado a Mosc\u00fa con la retirada de sus tropas de Bajmut al d\u00eda siguiente del d\u00eda de la victoria en la Gran Guerra Patria debido a la falta de suministros de munici\u00f3n.<\/p>\n","protected":false},"author":1366,"featured_media":16591,"comment_status":"closed","ping_status":"","sticky":false,"template":"templates\/post-briefings.php","format":"standard","meta":{"_acf_changed":false,"_trash_the_other_posts":false,"_yoast_wpseo_estimated-reading-time-minutes":4,"footnotes":""},"categories":[216],"tags":[],"staff":[],"editorial_format":[],"serie":[],"audience":[],"geo":[177],"class_list":["post-16590","post","type-post","status-publish","format-standard","hentry","category-la-guerra-en-ucrania-dia-a-dia","geo-europa"],"acf":{"open_in_webview":false,"accent":false,"_thumbnail_id":16591,"excerpt":"En una nueva diatriba al Kremlin, Yevgeny Prigozhin ha amenazado a Mosc\u00fa con la retirada de sus tropas de Bajmut al d\u00eda siguiente del d\u00eda de la victoria en la Gran Guerra Patria debido a la falta de suministros de munici\u00f3n.","display_date":"","new_abstract":true},"yoast_head":"<!-- This site is optimized with the Yoast SEO plugin v26.1.1 - https:\/\/yoast.com\/wordpress\/plugins\/seo\/ -->\n<title>Prigozhin amenaza con retirar a los combatientes de Wagner de Bajmut el 10 de mayo - El Grand Continent<\/title>\n<meta name=\"robots\" content=\"index, follow, max-snippet:-1, max-image-preview:large, max-video-preview:-1\" \/>\n<link rel=\"canonical\" href=\"https:\/\/legrandcontinent.eu\/es\/2023\/05\/05\/prigogine-amenaza-con-retirar-a-los-combatientes-de-wagner-de-bajmut-el-10-de-mayo\/\" \/>\n<meta property=\"og:locale\" content=\"es_ES\" \/>\n<meta property=\"og:type\" content=\"article\" \/>\n<meta property=\"og:title\" content=\"Prigozhin amenaza con retirar a los combatientes de Wagner de Bajmut el 10 de mayo - El Grand Continent\" \/>\n<meta property=\"og:description\" content=\"En una nueva diatriba al Kremlin, Yevgeny Prigozhin ha amenazado a Mosc\u00fa con la retirada de sus tropas de Bajmut al d\u00eda siguiente del d\u00eda de la victoria en la Gran Guerra Patria debido a la falta de suministros de munici\u00f3n.\" \/>\n<meta property=\"og:url\" content=\"https:\/\/legrandcontinent.eu\/es\/2023\/05\/05\/prigogine-amenaza-con-retirar-a-los-combatientes-de-wagner-de-bajmut-el-10-de-mayo\/\" \/>\n<meta property=\"og:site_name\" content=\"El Grand Continent\" \/>\n<meta property=\"article:published_time\" content=\"2023-05-05T13:19:00+00:00\" \/>\n<meta property=\"article:modified_time\" content=\"2023-05-12T08:36:26+00:00\" \/>\n<meta property=\"og:image\" content=\"https:\/\/lgcmedia.fra1.digitaloceanspaces.com\/wp-content\/uploads\/sites\/6\/2023\/05\/07004407\/ZNpv3-en-rusia-se-han-cancelado-los-desfiles-del-9-de-mayo-d-a-de-la-victoria-en-la-gran-guerra-patria-en-al-menos-21-ciudades.png\" \/>\n\t<meta property=\"og:image:width\" content=\"1618\" \/>\n\t<meta property=\"og:image:height\" content=\"1290\" \/>\n\t<meta property=\"og:image:type\" content=\"image\/png\" \/>\n<meta name=\"author\" content=\"florent\" \/>\n<meta name=\"twitter:card\" content=\"summary_large_image\" \/>\n<meta name=\"twitter:image\" content=\"https:\/\/legrandcontinent.eu\/es\/wp-content\/uploads\/sites\/6\/2023\/05\/ZNpv3-en-rusia-se-han-cancelado-los-desfiles-del-9-de-mayo-d-a-de-la-victoria-en-la-gran-guerra-patria-en-al-menos-21-ciudades.png\" \/>\n<meta name=\"twitter:label1\" content=\"Escrito por\" \/>\n\t<meta name=\"twitter:data1\" content=\"florent\" \/>\n\t<meta name=\"twitter:label2\" content=\"Tiempo de lectura\" \/>\n\t<meta name=\"twitter:data2\" content=\"4 minutos\" \/>\n<script type=\"application\/ld+json\" class=\"yoast-schema-graph\">{\"@context\":\"https:\/\/schema.org\",\"@graph\":[{\"@type\":\"WebPage\",\"@id\":\"https:\/\/legrandcontinent.eu\/es\/2023\/05\/05\/prigogine-amenaza-con-retirar-a-los-combatientes-de-wagner-de-bajmut-el-10-de-mayo\/\",\"url\":\"https:\/\/legrandcontinent.eu\/es\/2023\/05\/05\/prigogine-amenaza-con-retirar-a-los-combatientes-de-wagner-de-bajmut-el-10-de-mayo\/\",\"name\":\"Prigozhin amenaza con retirar a los combatientes de Wagner de Bajmut el 10 de mayo - El Grand Continent\",\"isPartOf\":{\"@id\":\"https:\/\/legrandcontinent.eu\/es\/#website\"},\"primaryImageOfPage\":{\"@id\":\"https:\/\/legrandcontinent.eu\/es\/2023\/05\/05\/prigogine-amenaza-con-retirar-a-los-combatientes-de-wagner-de-bajmut-el-10-de-mayo\/#primaryimage\"},\"image\":{\"@id\":\"https:\/\/legrandcontinent.eu\/es\/2023\/05\/05\/prigogine-amenaza-con-retirar-a-los-combatientes-de-wagner-de-bajmut-el-10-de-mayo\/#primaryimage\"},\"thumbnailUrl\":\"https:\/\/legrandcontinent.eu\/es\/wp-content\/uploads\/sites\/6\/2023\/05\/ZNpv3-en-rusia-se-han-cancelado-los-desfiles-del-9-de-mayo-d-a-de-la-victoria-en-la-gran-guerra-patria-en-al-menos-21-ciudades.png\",\"datePublished\":\"2023-05-05T13:19:00+00:00\",\"dateModified\":\"2023-05-12T08:36:26+00:00\",\"author\":{\"@id\":\"https:\/\/legrandcontinent.eu\/es\/#\/schema\/person\/cdd782c93d4a9eda86ab19a8c01cdf5c\"},\"breadcrumb\":{\"@id\":\"https:\/\/legrandcontinent.eu\/es\/2023\/05\/05\/prigogine-amenaza-con-retirar-a-los-combatientes-de-wagner-de-bajmut-el-10-de-mayo\/#breadcrumb\"},\"inLanguage\":\"es\",\"potentialAction\":[{\"@type\":\"ReadAction\",\"target\":[\"https:\/\/legrandcontinent.eu\/es\/2023\/05\/05\/prigogine-amenaza-con-retirar-a-los-combatientes-de-wagner-de-bajmut-el-10-de-mayo\/\"]}]},{\"@type\":\"ImageObject\",\"inLanguage\":\"es\",\"@id\":\"https:\/\/legrandcontinent.eu\/es\/2023\/05\/05\/prigogine-amenaza-con-retirar-a-los-combatientes-de-wagner-de-bajmut-el-10-de-mayo\/#primaryimage\",\"url\":\"https:\/\/legrandcontinent.eu\/es\/wp-content\/uploads\/sites\/6\/2023\/05\/ZNpv3-en-rusia-se-han-cancelado-los-desfiles-del-9-de-mayo-d-a-de-la-victoria-en-la-gran-guerra-patria-en-al-menos-21-ciudades.png\",\"contentUrl\":\"https:\/\/legrandcontinent.eu\/es\/wp-content\/uploads\/sites\/6\/2023\/05\/ZNpv3-en-rusia-se-han-cancelado-los-desfiles-del-9-de-mayo-d-a-de-la-victoria-en-la-gran-guerra-patria-en-al-menos-21-ciudades.png\",\"width\":1618,\"height\":1290},{\"@type\":\"BreadcrumbList\",\"@id\":\"https:\/\/legrandcontinent.eu\/es\/2023\/05\/05\/prigogine-amenaza-con-retirar-a-los-combatientes-de-wagner-de-bajmut-el-10-de-mayo\/#breadcrumb\",\"itemListElement\":[{\"@type\":\"ListItem\",\"position\":1,\"name\":\"Home\",\"item\":\"https:\/\/legrandcontinent.eu\/es\/\"},{\"@type\":\"ListItem\",\"position\":2,\"name\":\"Prigozhin amenaza con retirar a los combatientes de Wagner de Bajmut el 10 de mayo\"}]},{\"@type\":\"WebSite\",\"@id\":\"https:\/\/legrandcontinent.eu\/es\/#website\",\"url\":\"https:\/\/legrandcontinent.eu\/es\/\",\"name\":\"El Grand Continent\",\"description\":\"La escala pertinente\",\"potentialAction\":[{\"@type\":\"SearchAction\",\"target\":{\"@type\":\"EntryPoint\",\"urlTemplate\":\"https:\/\/legrandcontinent.eu\/es\/?s={search_term_string}\"},\"query-input\":{\"@type\":\"PropertyValueSpecification\",\"valueRequired\":true,\"valueName\":\"search_term_string\"}}],\"inLanguage\":\"es\"},{\"@type\":\"Person\",\"@id\":\"https:\/\/legrandcontinent.eu\/es\/#\/schema\/person\/cdd782c93d4a9eda86ab19a8c01cdf5c\",\"name\":\"florent\",\"image\":{\"@type\":\"ImageObject\",\"inLanguage\":\"es\",\"@id\":\"https:\/\/legrandcontinent.eu\/es\/#\/schema\/person\/image\/\",\"url\":\"https:\/\/secure.gravatar.com\/avatar\/0d38d78c90602daf39b309035cdac6bc?s=96&d=mm&r=g\",\"contentUrl\":\"https:\/\/secure.gravatar.com\/avatar\/0d38d78c90602daf39b309035cdac6bc?s=96&d=mm&r=g\",\"caption\":\"florent\"}}]}<\/script>\n<!-- \/ Yoast SEO plugin. -->","yoast_head_json":{"title":"Prigozhin amenaza con retirar a los combatientes de Wagner de Bajmut el 10 de mayo - El Grand Continent","robots":{"index":"index","follow":"follow","max-snippet":"max-snippet:-1","max-image-preview":"max-image-preview:large","max-video-preview":"max-video-preview:-1"},"canonical":"https:\/\/legrandcontinent.eu\/es\/2023\/05\/05\/prigogine-amenaza-con-retirar-a-los-combatientes-de-wagner-de-bajmut-el-10-de-mayo\/","og_locale":"es_ES","og_type":"article","og_title":"Prigozhin amenaza con retirar a los combatientes de Wagner de Bajmut el 10 de mayo - El Grand Continent","og_description":"En una nueva diatriba al Kremlin, Yevgeny Prigozhin ha amenazado a Mosc\u00fa con la retirada de sus tropas de Bajmut al d\u00eda siguiente del d\u00eda de la victoria en la Gran Guerra Patria debido a la falta de suministros de munici\u00f3n.","og_url":"https:\/\/legrandcontinent.eu\/es\/2023\/05\/05\/prigogine-amenaza-con-retirar-a-los-combatientes-de-wagner-de-bajmut-el-10-de-mayo\/","og_site_name":"El Grand Continent","article_published_time":"2023-05-05T13:19:00+00:00","article_modified_time":"2023-05-12T08:36:26+00:00","og_image":[{"width":1618,"height":1290,"url":"https:\/\/lgcmedia.fra1.digitaloceanspaces.com\/wp-content\/uploads\/sites\/6\/2023\/05\/07004407\/ZNpv3-en-rusia-se-han-cancelado-los-desfiles-del-9-de-mayo-d-a-de-la-victoria-en-la-gran-guerra-patria-en-al-menos-21-ciudades.png","type":"image\/png"}],"author":"florent","twitter_card":"summary_large_image","twitter_image":"https:\/\/legrandcontinent.eu\/es\/wp-content\/uploads\/sites\/6\/2023\/05\/ZNpv3-en-rusia-se-han-cancelado-los-desfiles-del-9-de-mayo-d-a-de-la-victoria-en-la-gran-guerra-patria-en-al-menos-21-ciudades.png","twitter_misc":{"Escrito por":"florent","Tiempo de lectura":"4 minutos"},"schema":{"@context":"https:\/\/schema.org","@graph":[{"@type":"WebPage","@id":"https:\/\/legrandcontinent.eu\/es\/2023\/05\/05\/prigogine-amenaza-con-retirar-a-los-combatientes-de-wagner-de-bajmut-el-10-de-mayo\/","url":"https:\/\/legrandcontinent.eu\/es\/2023\/05\/05\/prigogine-amenaza-con-retirar-a-los-combatientes-de-wagner-de-bajmut-el-10-de-mayo\/","name":"Prigozhin amenaza con retirar a los combatientes de Wagner de Bajmut el 10 de mayo - El Grand Continent","isPartOf":{"@id":"https:\/\/legrandcontinent.eu\/es\/#website"},"primaryImageOfPage":{"@id":"https:\/\/legrandcontinent.eu\/es\/2023\/05\/05\/prigogine-amenaza-con-retirar-a-los-combatientes-de-wagner-de-bajmut-el-10-de-mayo\/#primaryimage"},"image":{"@id":"https:\/\/legrandcontinent.eu\/es\/2023\/05\/05\/prigogine-amenaza-con-retirar-a-los-combatientes-de-wagner-de-bajmut-el-10-de-mayo\/#primaryimage"},"thumbnailUrl":"https:\/\/legrandcontinent.eu\/es\/wp-content\/uploads\/sites\/6\/2023\/05\/ZNpv3-en-rusia-se-han-cancelado-los-desfiles-del-9-de-mayo-d-a-de-la-victoria-en-la-gran-guerra-patria-en-al-menos-21-ciudades.png","datePublished":"2023-05-05T13:19:00+00:00","dateModified":"2023-05-12T08:36:26+00:00","author":{"@id":"https:\/\/legrandcontinent.eu\/es\/#\/schema\/person\/cdd782c93d4a9eda86ab19a8c01cdf5c"},"breadcrumb":{"@id":"https:\/\/legrandcontinent.eu\/es\/2023\/05\/05\/prigogine-amenaza-con-retirar-a-los-combatientes-de-wagner-de-bajmut-el-10-de-mayo\/#breadcrumb"},"inLanguage":"es","potentialAction":[{"@type":"ReadAction","target":["https:\/\/legrandcontinent.eu\/es\/2023\/05\/05\/prigogine-amenaza-con-retirar-a-los-combatientes-de-wagner-de-bajmut-el-10-de-mayo\/"]}]},{"@type":"ImageObject","inLanguage":"es","@id":"https:\/\/legrandcontinent.eu\/es\/2023\/05\/05\/prigogine-amenaza-con-retirar-a-los-combatientes-de-wagner-de-bajmut-el-10-de-mayo\/#primaryimage","url":"https:\/\/legrandcontinent.eu\/es\/wp-content\/uploads\/sites\/6\/2023\/05\/ZNpv3-en-rusia-se-han-cancelado-los-desfiles-del-9-de-mayo-d-a-de-la-victoria-en-la-gran-guerra-patria-en-al-menos-21-ciudades.png","contentUrl":"https:\/\/legrandcontinent.eu\/es\/wp-content\/uploads\/sites\/6\/2023\/05\/ZNpv3-en-rusia-se-han-cancelado-los-desfiles-del-9-de-mayo-d-a-de-la-victoria-en-la-gran-guerra-patria-en-al-menos-21-ciudades.png","width":1618,"height":1290},{"@type":"BreadcrumbList","@id":"https:\/\/legrandcontinent.eu\/es\/2023\/05\/05\/prigogine-amenaza-con-retirar-a-los-combatientes-de-wagner-de-bajmut-el-10-de-mayo\/#breadcrumb","itemListElement":[{"@type":"ListItem","position":1,"name":"Home","item":"https:\/\/legrandcontinent.eu\/es\/"},{"@type":"ListItem","position":2,"name":"Prigozhin amenaza con retirar a los combatientes de Wagner de Bajmut el 10 de mayo"}]},{"@type":"WebSite","@id":"https:\/\/legrandcontinent.eu\/es\/#website","url":"https:\/\/legrandcontinent.eu\/es\/","name":"El Grand Continent","description":"La escala pertinente","potentialAction":[{"@type":"SearchAction","target":{"@type":"EntryPoint","urlTemplate":"https:\/\/legrandcontinent.eu\/es\/?s={search_term_string}"},"query-input":{"@type":"PropertyValueSpecification","valueRequired":true,"valueName":"search_term_string"}}],"inLanguage":"es"},{"@type":"Person","@id":"https:\/\/legrandcontinent.eu\/es\/#\/schema\/person\/cdd782c93d4a9eda86ab19a8c01cdf5c","name":"florent","image":{"@type":"ImageObject","inLanguage":"es","@id":"https:\/\/legrandcontinent.eu\/es\/#\/schema\/person\/image\/","url":"https:\/\/secure.gravatar.com\/avatar\/0d38d78c90602daf39b309035cdac6bc?s=96&d=mm&r=g","contentUrl":"https:\/\/secure.gravatar.com\/avatar\/0d38d78c90602daf39b309035cdac6bc?s=96&d=mm&r=g","caption":"florent"}}]}},"lgc_categories":[{"id":216,"name":"La guerra en Ucrania d\u00eda a d\u00eda","slug":"la-guerra-en-ucrania-dia-a-dia"}],"lgc_author":null,"feature_image_summary":{"url":"https:\/\/legrandcontinent.eu\/es\/wp-content\/uploads\/sites\/6\/2023\/05\/ZNpv3-en-rusia-se-han-cancelado-los-desfiles-del-9-de-mayo-d-a-de-la-victoria-en-la-gran-guerra-patria-en-al-menos-21-ciudades.png","width":1618,"height":1290,"alt":""},"feature_image_cover":null,"term_position_data":null,"_links":{"self":[{"href":"https:\/\/legrandcontinent.eu\/es\/wp-json\/wp\/v2\/posts\/16590","targetHints":{"allow":["GET"]}}],"collection":[{"href":"https:\/\/legrandcontinent.eu\/es\/wp-json\/wp\/v2\/posts"}],"about":[{"href":"https:\/\/legrandcontinent.eu\/es\/wp-json\/wp\/v2\/types\/post"}],"author":[{"embeddable":true,"href":"https:\/\/legrandcontinent.eu\/es\/wp-json\/wp\/v2\/users\/1366"}],"replies":[{"embeddable":true,"href":"https:\/\/legrandcontinent.eu\/es\/wp-json\/wp\/v2\/comments?post=16590"}],"version-history":[{"count":0,"href":"https:\/\/legrandcontinent.eu\/es\/wp-json\/wp\/v2\/posts\/16590\/revisions"}],"wp:featuredmedia":[{"embeddable":true,"href":"https:\/\/legrandcontinent.eu\/es\/wp-json\/wp\/v2\/media\/16591"}],"wp:attachment":[{"href":"https:\/\/legrandcontinent.eu\/es\/wp-json\/wp\/v2\/media?parent=16590"}],"wp:term":[{"taxonomy":"category","embeddable":true,"href":"https:\/\/legrandcontinent.eu\/es\/wp-json\/wp\/v2\/categories?post=16590"},{"taxonomy":"post_tag","embeddable":true,"href":"https:\/\/legrandcontinent.eu\/es\/wp-json\/wp\/v2\/tags?post=16590"},{"taxonomy":"staff","embeddable":true,"href":"https:\/\/legrandcontinent.eu\/es\/wp-json\/wp\/v2\/staff?post=16590"},{"taxonomy":"editorial_format","embeddable":true,"href":"https:\/\/legrandcontinent.eu\/es\/wp-json\/wp\/v2\/editorial_format?post=16590"},{"taxonomy":"serie","embeddable":true,"href":"https:\/\/legrandcontinent.eu\/es\/wp-json\/wp\/v2\/serie?post=16590"},{"taxonomy":"audience","embeddable":true,"href":"https:\/\/legrandcontinent.eu\/es\/wp-json\/wp\/v2\/audience?post=16590"},{"taxonomy":"geo","embeddable":true,"href":"https:\/\/legrandcontinent.eu\/es\/wp-json\/wp\/v2\/geo?post=16590"}],"curies":[{"name":"wp","href":"https:\/\/api.w.org\/{rel}","templated":true}]}}