{"id":15952,"date":"2023-04-21T09:05:00","date_gmt":"2023-04-21T08:05:00","guid":{"rendered":"https:\/\/legrandcontinent.eu\/es\/?p=15952"},"modified":"2023-04-22T00:29:13","modified_gmt":"2023-04-21T23:29:13","slug":"2022-fue-el-ano-mas-caluroso-registrado-en-europa","status":"publish","type":"post","link":"https:\/\/legrandcontinent.eu\/es\/2023\/04\/21\/2022-fue-el-ano-mas-caluroso-registrado-en-europa\/","title":{"rendered":"2022 fue el a\u00f1o m\u00e1s caluroso registrado en Europa"},"content":{"rendered":"\n<p>El informe&nbsp;<span class='whitespace-nowrap'><span id='easy-footnote-1-15952' class='easy-footnote-margin-adjust'><\/span><span class='easy-footnote'><a href='https:\/\/legrandcontinent.eu\/es\/2023\/04\/21\/2022-fue-el-ano-mas-caluroso-registrado-en-europa\/#easy-footnote-bottom-1-15952' title='Disponible\u00a0&lt;a href=&quot;https:\/\/climate.copernicus.eu\/sites\/default\/files\/custom-uploads\/ESOTC2022\/PR\/ESOTCsummary2022_final.pdf&quot;&gt;aqu\u00ed&lt;\/a&gt;.'><sup>1<\/sup><\/a><\/span><\/span> se\u00f1ala que, a escala mundial, los \u00faltimos ocho a\u00f1os han sido los m\u00e1s c\u00e1lidos jam\u00e1s registrados. Varias regiones del mundo registraron temperaturas r\u00e9cord en 2022, entre ellas Europa, donde el verano fue 1,4\u00b0C superior a la media y de 0,3 a 0,4\u00b0C por encima del anterior r\u00e9cord de calor, y la mayor parte de Europa Occidental experiment\u00f3 condiciones abrasadoras (de 7 a 10\u00b0C por encima de la media estacional).<\/p>\n\n\n\n<ul class=\"wp-block-list\">\n<li>Las temperaturas se unieron a una persistente falta de precipitaciones, lo que provoc\u00f3 sequ\u00eda en toda Europa; todo el a\u00f1o fue hasta un 10% m\u00e1s seco que la media, con precipitaciones r\u00e9cord en mayo, entre un 21% y un 28% por debajo de la media.<\/li>\n\n\n\n<li>Como consecuencia de la escasez de precipitaciones, los caudales de los r\u00edos fueron los segundos m\u00e1s bajos registrados en Europa, marcando el sexto a\u00f1o consecutivo de caudales por debajo de la media. En t\u00e9rminos de superficie afectada, fue el a\u00f1o m\u00e1s seco registrado, con un 63% de r\u00edos que registraron caudales anormales.<\/li>\n\n\n\n<li>Las altas temperaturas y la sequ\u00eda tambi\u00e9n facilitaron la propagaci\u00f3n e intensificaci\u00f3n de grandes incendios; en la Rep\u00fablica Checa, Francia, Portugal, Eslovenia y Espa\u00f1a se produjeron incendios cr\u00edticos, es decir, de m\u00e1s de 10.000 hect\u00e1reas. En total, se calcula que ardieron m\u00e1s de 900.000 hect\u00e1reas en los pa\u00edses de la Uni\u00f3n.<\/li>\n<\/ul>\n\n\n\n<div class=\"iframe-container wp-block-image wp-block-image-medium  iframe-dw\">\n\t<div>\n\t\t<iframe class=\"absolute w-full h-full pin-t pin-l\" title=\"titolo\" aria-label=\"Interactive line chart\" src=\"\/\/datawrapper.dwcdn.net\/Oae2u\/\" scrolling=\"no\" frameborder=\"0\"><\/iframe>\n\t<\/div>\n<\/div>\n\n\n\n<p>Una de las regiones m\u00e1s afectadas por las anomal\u00edas clim\u00e1ticas fueron los Alpes italianos, donde la falta de nieve alcanz\u00f3 el 60% de la media, y hasta el 75% localmente. La reducci\u00f3n del agua procedente del deshielo contribuy\u00f3 a la sequ\u00eda y a la p\u00e9rdida r\u00e9cord de hielo de los glaciares durante el a\u00f1o.<\/p>\n\n\n\n<ul class=\"wp-block-list\">\n<li>En gran parte del centro y sur de Europa, el n\u00famero de d\u00edas de nieve invernal, es decir, con una profundidad de nieve de al menos 1 cm, fue 20 por debajo de la media, y hasta 50 en algunos lugares.<\/li>\n\n\n\n<li>En total, el informe estima que todos los glaciares europeos perdieron 5 kil\u00f3metros c\u00fabicos de hielo en 2022, lo que supone un espesor medio de m\u00e1s de 3,5 metros de hielo.<\/li>\n<\/ul>\n\n\n\n<div class=\"iframe-container wp-block-image wp-block-image-medium  iframe-dw\">\n\t<div>\n\t\t<iframe class=\"absolute w-full h-full pin-t pin-l\" title=\"titolo\" aria-label=\"Interactive line chart\" src=\"\/\/datawrapper.dwcdn.net\/V8WgH\/\" scrolling=\"no\" frameborder=\"0\"><\/iframe>\n\t<\/div>\n<\/div>\n\n\n\n<p>Ambas regiones polares tambi\u00e9n experimentaron condiciones excepcionalmente c\u00e1lidas en 2022. La capa de hielo de la Ant\u00e1rtida alcanz\u00f3 en febrero su extensi\u00f3n m\u00ednima m\u00e1s baja jam\u00e1s registrada. A finales de a\u00f1o, la capa de hielo de Groenlandia experiment\u00f3 un deshielo r\u00e9cord, con al menos el 23% de su superficie afectada por una de las tres olas de calor de septiembre.<\/p>\n\n\n\n<ul class=\"wp-block-list\">\n<li>Desde la d\u00e9cada de 1970, la p\u00e9rdida de hielo de las capas de Groenlandia y la Ant\u00e1rtida ha provocado un aumento del nivel del mar de casi 3 cm (aumento anual del nivel del mar de una media de 4,2 mm\/a\u00f1o en los \u00faltimos diez a\u00f1os).<\/li>\n\n\n\n<li>La tasa combinada de p\u00e9rdida de hielo se ha m\u00e1s que triplicado desde la d\u00e9cada de 1980, pasando de 120 km3 al a\u00f1o en la d\u00e9cada de 1980 a unos 460 km3 al a\u00f1o en la d\u00e9cada de 2010. Entre 1972 y 2021, Groenlandia perdi\u00f3 unos 5500 km3 de hielo; la Ant\u00e1rtida, desde 1979, ha perdido unos 5000 km3.<\/li>\n<\/ul>\n","protected":false},"excerpt":{"rendered":"<p>Seg\u00fan un informe del Servicio de Cambio Clim\u00e1tico de Copernicus, publicado el jueves 20 de abril, Europa experiment\u00f3 una sequ\u00eda r\u00e9cord en 2022, lo que confirma una tendencia de diez a\u00f1os. El caso europeo coincide con las observaciones realizadas a nivel mundial, en particular en lo que se refiere a su criosfera, que est\u00e1 en declive acelerado.<\/p>\n","protected":false},"author":1366,"featured_media":15953,"comment_status":"closed","ping_status":"closed","sticky":false,"template":"templates\/post-briefings.php","format":"standard","meta":{"_acf_changed":false,"_trash_the_other_posts":false,"_yoast_wpseo_estimated-reading-time-minutes":3,"footnotes":""},"categories":[98],"tags":[],"staff":[],"editorial_format":[],"serie":[],"audience":[],"geo":[177],"class_list":["post-15952","post","type-post","status-publish","format-standard","hentry","category-energia-y-medio-ambiente","geo-europa"],"acf":{"open_in_webview":false,"accent":false,"_thumbnail_id":15953,"excerpt":"Seg\u00fan un informe del Servicio de Cambio Clim\u00e1tico de Copernicus, publicado el jueves 20 de abril, Europa experiment\u00f3 una sequ\u00eda r\u00e9cord en 2022, lo que confirma una tendencia de diez a\u00f1os. El caso europeo coincide con las observaciones realizadas a nivel mundial, en particular en lo que se refiere a su criosfera, que est\u00e1 en declive acelerado.","display_date":"","new_abstract":true},"yoast_head":"<!-- This site is optimized with the Yoast SEO plugin v26.1.1 - https:\/\/yoast.com\/wordpress\/plugins\/seo\/ -->\n<title>2022 fue el a\u00f1o m\u00e1s caluroso registrado en Europa - El Grand Continent<\/title>\n<meta name=\"robots\" content=\"index, follow, max-snippet:-1, max-image-preview:large, max-video-preview:-1\" \/>\n<link rel=\"canonical\" href=\"https:\/\/legrandcontinent.eu\/es\/2023\/04\/21\/2022-fue-el-ano-mas-caluroso-registrado-en-europa\/\" \/>\n<meta property=\"og:locale\" content=\"es_ES\" \/>\n<meta property=\"og:type\" content=\"article\" \/>\n<meta property=\"og:title\" content=\"2022 fue el a\u00f1o m\u00e1s caluroso registrado en Europa - El Grand Continent\" \/>\n<meta property=\"og:description\" content=\"Seg\u00fan un informe del Servicio de Cambio Clim\u00e1tico de Copernicus, publicado el jueves 20 de abril, Europa experiment\u00f3 una sequ\u00eda r\u00e9cord en 2022, lo que confirma una tendencia de diez a\u00f1os. El caso europeo coincide con las observaciones realizadas a nivel mundial, en particular en lo que se refiere a su criosfera, que est\u00e1 en declive acelerado.\" \/>\n<meta property=\"og:url\" content=\"https:\/\/legrandcontinent.eu\/es\/2023\/04\/21\/2022-fue-el-ano-mas-caluroso-registrado-en-europa\/\" \/>\n<meta property=\"og:site_name\" content=\"El Grand Continent\" \/>\n<meta property=\"article:published_time\" content=\"2023-04-21T08:05:00+00:00\" \/>\n<meta property=\"article:modified_time\" content=\"2023-04-21T23:29:13+00:00\" \/>\n<meta property=\"og:image\" content=\"https:\/\/legrandcontinent.eu\/es\/wp-content\/uploads\/sites\/6\/2023\/04\/V8WgH-variaci-n-anual-de-la-masa-glaciar-de-los-alpes-1962-2022-.png\" \/>\n\t<meta property=\"og:image:width\" content=\"1679\" \/>\n\t<meta property=\"og:image:height\" content=\"806\" \/>\n\t<meta property=\"og:image:type\" content=\"image\/png\" \/>\n<meta name=\"author\" content=\"florent\" \/>\n<meta name=\"twitter:card\" content=\"summary_large_image\" \/>\n<meta name=\"twitter:image\" content=\"https:\/\/legrandcontinent.eu\/es\/wp-content\/uploads\/sites\/6\/2023\/04\/V8WgH-variaci-n-anual-de-la-masa-glaciar-de-los-alpes-1962-2022-.png\" \/>\n<meta name=\"twitter:label1\" content=\"Escrito por\" \/>\n\t<meta name=\"twitter:data1\" content=\"florent\" \/>\n\t<meta name=\"twitter:label2\" content=\"Tiempo de lectura\" \/>\n\t<meta name=\"twitter:data2\" content=\"3 minutos\" \/>\n<script type=\"application\/ld+json\" class=\"yoast-schema-graph\">{\"@context\":\"https:\/\/schema.org\",\"@graph\":[{\"@type\":\"WebPage\",\"@id\":\"https:\/\/legrandcontinent.eu\/es\/2023\/04\/21\/2022-fue-el-ano-mas-caluroso-registrado-en-europa\/\",\"url\":\"https:\/\/legrandcontinent.eu\/es\/2023\/04\/21\/2022-fue-el-ano-mas-caluroso-registrado-en-europa\/\",\"name\":\"2022 fue el a\u00f1o m\u00e1s caluroso registrado en Europa - El Grand Continent\",\"isPartOf\":{\"@id\":\"https:\/\/legrandcontinent.eu\/es\/#website\"},\"primaryImageOfPage\":{\"@id\":\"https:\/\/legrandcontinent.eu\/es\/2023\/04\/21\/2022-fue-el-ano-mas-caluroso-registrado-en-europa\/#primaryimage\"},\"image\":{\"@id\":\"https:\/\/legrandcontinent.eu\/es\/2023\/04\/21\/2022-fue-el-ano-mas-caluroso-registrado-en-europa\/#primaryimage\"},\"thumbnailUrl\":\"https:\/\/legrandcontinent.eu\/es\/wp-content\/uploads\/sites\/6\/2023\/04\/V8WgH-variaci-n-anual-de-la-masa-glaciar-de-los-alpes-1962-2022-.png\",\"datePublished\":\"2023-04-21T08:05:00+00:00\",\"dateModified\":\"2023-04-21T23:29:13+00:00\",\"author\":{\"@id\":\"https:\/\/legrandcontinent.eu\/es\/#\/schema\/person\/cdd782c93d4a9eda86ab19a8c01cdf5c\"},\"breadcrumb\":{\"@id\":\"https:\/\/legrandcontinent.eu\/es\/2023\/04\/21\/2022-fue-el-ano-mas-caluroso-registrado-en-europa\/#breadcrumb\"},\"inLanguage\":\"es\",\"potentialAction\":[{\"@type\":\"ReadAction\",\"target\":[\"https:\/\/legrandcontinent.eu\/es\/2023\/04\/21\/2022-fue-el-ano-mas-caluroso-registrado-en-europa\/\"]}]},{\"@type\":\"ImageObject\",\"inLanguage\":\"es\",\"@id\":\"https:\/\/legrandcontinent.eu\/es\/2023\/04\/21\/2022-fue-el-ano-mas-caluroso-registrado-en-europa\/#primaryimage\",\"url\":\"https:\/\/legrandcontinent.eu\/es\/wp-content\/uploads\/sites\/6\/2023\/04\/V8WgH-variaci-n-anual-de-la-masa-glaciar-de-los-alpes-1962-2022-.png\",\"contentUrl\":\"https:\/\/legrandcontinent.eu\/es\/wp-content\/uploads\/sites\/6\/2023\/04\/V8WgH-variaci-n-anual-de-la-masa-glaciar-de-los-alpes-1962-2022-.png\",\"width\":1679,\"height\":806},{\"@type\":\"BreadcrumbList\",\"@id\":\"https:\/\/legrandcontinent.eu\/es\/2023\/04\/21\/2022-fue-el-ano-mas-caluroso-registrado-en-europa\/#breadcrumb\",\"itemListElement\":[{\"@type\":\"ListItem\",\"position\":1,\"name\":\"Home\",\"item\":\"https:\/\/legrandcontinent.eu\/es\/\"},{\"@type\":\"ListItem\",\"position\":2,\"name\":\"2022 fue el a\u00f1o m\u00e1s caluroso registrado en Europa\"}]},{\"@type\":\"WebSite\",\"@id\":\"https:\/\/legrandcontinent.eu\/es\/#website\",\"url\":\"https:\/\/legrandcontinent.eu\/es\/\",\"name\":\"El Grand Continent\",\"description\":\"La escala pertinente\",\"potentialAction\":[{\"@type\":\"SearchAction\",\"target\":{\"@type\":\"EntryPoint\",\"urlTemplate\":\"https:\/\/legrandcontinent.eu\/es\/?s={search_term_string}\"},\"query-input\":{\"@type\":\"PropertyValueSpecification\",\"valueRequired\":true,\"valueName\":\"search_term_string\"}}],\"inLanguage\":\"es\"},{\"@type\":\"Person\",\"@id\":\"https:\/\/legrandcontinent.eu\/es\/#\/schema\/person\/cdd782c93d4a9eda86ab19a8c01cdf5c\",\"name\":\"florent\",\"image\":{\"@type\":\"ImageObject\",\"inLanguage\":\"es\",\"@id\":\"https:\/\/legrandcontinent.eu\/es\/#\/schema\/person\/image\/\",\"url\":\"https:\/\/secure.gravatar.com\/avatar\/0d38d78c90602daf39b309035cdac6bc?s=96&d=mm&r=g\",\"contentUrl\":\"https:\/\/secure.gravatar.com\/avatar\/0d38d78c90602daf39b309035cdac6bc?s=96&d=mm&r=g\",\"caption\":\"florent\"}}]}<\/script>\n<!-- \/ Yoast SEO plugin. -->","yoast_head_json":{"title":"2022 fue el a\u00f1o m\u00e1s caluroso registrado en Europa - El Grand Continent","robots":{"index":"index","follow":"follow","max-snippet":"max-snippet:-1","max-image-preview":"max-image-preview:large","max-video-preview":"max-video-preview:-1"},"canonical":"https:\/\/legrandcontinent.eu\/es\/2023\/04\/21\/2022-fue-el-ano-mas-caluroso-registrado-en-europa\/","og_locale":"es_ES","og_type":"article","og_title":"2022 fue el a\u00f1o m\u00e1s caluroso registrado en Europa - El Grand Continent","og_description":"Seg\u00fan un informe del Servicio de Cambio Clim\u00e1tico de Copernicus, publicado el jueves 20 de abril, Europa experiment\u00f3 una sequ\u00eda r\u00e9cord en 2022, lo que confirma una tendencia de diez a\u00f1os. El caso europeo coincide con las observaciones realizadas a nivel mundial, en particular en lo que se refiere a su criosfera, que est\u00e1 en declive acelerado.","og_url":"https:\/\/legrandcontinent.eu\/es\/2023\/04\/21\/2022-fue-el-ano-mas-caluroso-registrado-en-europa\/","og_site_name":"El Grand Continent","article_published_time":"2023-04-21T08:05:00+00:00","article_modified_time":"2023-04-21T23:29:13+00:00","og_image":[{"width":1679,"height":806,"url":"https:\/\/legrandcontinent.eu\/es\/wp-content\/uploads\/sites\/6\/2023\/04\/V8WgH-variaci-n-anual-de-la-masa-glaciar-de-los-alpes-1962-2022-.png","type":"image\/png"}],"author":"florent","twitter_card":"summary_large_image","twitter_image":"https:\/\/legrandcontinent.eu\/es\/wp-content\/uploads\/sites\/6\/2023\/04\/V8WgH-variaci-n-anual-de-la-masa-glaciar-de-los-alpes-1962-2022-.png","twitter_misc":{"Escrito por":"florent","Tiempo de lectura":"3 minutos"},"schema":{"@context":"https:\/\/schema.org","@graph":[{"@type":"WebPage","@id":"https:\/\/legrandcontinent.eu\/es\/2023\/04\/21\/2022-fue-el-ano-mas-caluroso-registrado-en-europa\/","url":"https:\/\/legrandcontinent.eu\/es\/2023\/04\/21\/2022-fue-el-ano-mas-caluroso-registrado-en-europa\/","name":"2022 fue el a\u00f1o m\u00e1s caluroso registrado en Europa - El Grand Continent","isPartOf":{"@id":"https:\/\/legrandcontinent.eu\/es\/#website"},"primaryImageOfPage":{"@id":"https:\/\/legrandcontinent.eu\/es\/2023\/04\/21\/2022-fue-el-ano-mas-caluroso-registrado-en-europa\/#primaryimage"},"image":{"@id":"https:\/\/legrandcontinent.eu\/es\/2023\/04\/21\/2022-fue-el-ano-mas-caluroso-registrado-en-europa\/#primaryimage"},"thumbnailUrl":"https:\/\/legrandcontinent.eu\/es\/wp-content\/uploads\/sites\/6\/2023\/04\/V8WgH-variaci-n-anual-de-la-masa-glaciar-de-los-alpes-1962-2022-.png","datePublished":"2023-04-21T08:05:00+00:00","dateModified":"2023-04-21T23:29:13+00:00","author":{"@id":"https:\/\/legrandcontinent.eu\/es\/#\/schema\/person\/cdd782c93d4a9eda86ab19a8c01cdf5c"},"breadcrumb":{"@id":"https:\/\/legrandcontinent.eu\/es\/2023\/04\/21\/2022-fue-el-ano-mas-caluroso-registrado-en-europa\/#breadcrumb"},"inLanguage":"es","potentialAction":[{"@type":"ReadAction","target":["https:\/\/legrandcontinent.eu\/es\/2023\/04\/21\/2022-fue-el-ano-mas-caluroso-registrado-en-europa\/"]}]},{"@type":"ImageObject","inLanguage":"es","@id":"https:\/\/legrandcontinent.eu\/es\/2023\/04\/21\/2022-fue-el-ano-mas-caluroso-registrado-en-europa\/#primaryimage","url":"https:\/\/legrandcontinent.eu\/es\/wp-content\/uploads\/sites\/6\/2023\/04\/V8WgH-variaci-n-anual-de-la-masa-glaciar-de-los-alpes-1962-2022-.png","contentUrl":"https:\/\/legrandcontinent.eu\/es\/wp-content\/uploads\/sites\/6\/2023\/04\/V8WgH-variaci-n-anual-de-la-masa-glaciar-de-los-alpes-1962-2022-.png","width":1679,"height":806},{"@type":"BreadcrumbList","@id":"https:\/\/legrandcontinent.eu\/es\/2023\/04\/21\/2022-fue-el-ano-mas-caluroso-registrado-en-europa\/#breadcrumb","itemListElement":[{"@type":"ListItem","position":1,"name":"Home","item":"https:\/\/legrandcontinent.eu\/es\/"},{"@type":"ListItem","position":2,"name":"2022 fue el a\u00f1o m\u00e1s caluroso registrado en Europa"}]},{"@type":"WebSite","@id":"https:\/\/legrandcontinent.eu\/es\/#website","url":"https:\/\/legrandcontinent.eu\/es\/","name":"El Grand Continent","description":"La escala pertinente","potentialAction":[{"@type":"SearchAction","target":{"@type":"EntryPoint","urlTemplate":"https:\/\/legrandcontinent.eu\/es\/?s={search_term_string}"},"query-input":{"@type":"PropertyValueSpecification","valueRequired":true,"valueName":"search_term_string"}}],"inLanguage":"es"},{"@type":"Person","@id":"https:\/\/legrandcontinent.eu\/es\/#\/schema\/person\/cdd782c93d4a9eda86ab19a8c01cdf5c","name":"florent","image":{"@type":"ImageObject","inLanguage":"es","@id":"https:\/\/legrandcontinent.eu\/es\/#\/schema\/person\/image\/","url":"https:\/\/secure.gravatar.com\/avatar\/0d38d78c90602daf39b309035cdac6bc?s=96&d=mm&r=g","contentUrl":"https:\/\/secure.gravatar.com\/avatar\/0d38d78c90602daf39b309035cdac6bc?s=96&d=mm&r=g","caption":"florent"}}]}},"lgc_categories":[{"id":98,"name":"Energ\u00eda y medio ambiente","slug":"energia-y-medio-ambiente"}],"lgc_author":null,"feature_image_summary":{"url":"https:\/\/legrandcontinent.eu\/es\/wp-content\/uploads\/sites\/6\/2023\/04\/V8WgH-variaci-n-anual-de-la-masa-glaciar-de-los-alpes-1962-2022-.png","width":1679,"height":806,"alt":""},"feature_image_cover":null,"term_position_data":null,"_links":{"self":[{"href":"https:\/\/legrandcontinent.eu\/es\/wp-json\/wp\/v2\/posts\/15952","targetHints":{"allow":["GET"]}}],"collection":[{"href":"https:\/\/legrandcontinent.eu\/es\/wp-json\/wp\/v2\/posts"}],"about":[{"href":"https:\/\/legrandcontinent.eu\/es\/wp-json\/wp\/v2\/types\/post"}],"author":[{"embeddable":true,"href":"https:\/\/legrandcontinent.eu\/es\/wp-json\/wp\/v2\/users\/1366"}],"replies":[{"embeddable":true,"href":"https:\/\/legrandcontinent.eu\/es\/wp-json\/wp\/v2\/comments?post=15952"}],"version-history":[{"count":0,"href":"https:\/\/legrandcontinent.eu\/es\/wp-json\/wp\/v2\/posts\/15952\/revisions"}],"wp:featuredmedia":[{"embeddable":true,"href":"https:\/\/legrandcontinent.eu\/es\/wp-json\/wp\/v2\/media\/15953"}],"wp:attachment":[{"href":"https:\/\/legrandcontinent.eu\/es\/wp-json\/wp\/v2\/media?parent=15952"}],"wp:term":[{"taxonomy":"category","embeddable":true,"href":"https:\/\/legrandcontinent.eu\/es\/wp-json\/wp\/v2\/categories?post=15952"},{"taxonomy":"post_tag","embeddable":true,"href":"https:\/\/legrandcontinent.eu\/es\/wp-json\/wp\/v2\/tags?post=15952"},{"taxonomy":"staff","embeddable":true,"href":"https:\/\/legrandcontinent.eu\/es\/wp-json\/wp\/v2\/staff?post=15952"},{"taxonomy":"editorial_format","embeddable":true,"href":"https:\/\/legrandcontinent.eu\/es\/wp-json\/wp\/v2\/editorial_format?post=15952"},{"taxonomy":"serie","embeddable":true,"href":"https:\/\/legrandcontinent.eu\/es\/wp-json\/wp\/v2\/serie?post=15952"},{"taxonomy":"audience","embeddable":true,"href":"https:\/\/legrandcontinent.eu\/es\/wp-json\/wp\/v2\/audience?post=15952"},{"taxonomy":"geo","embeddable":true,"href":"https:\/\/legrandcontinent.eu\/es\/wp-json\/wp\/v2\/geo?post=15952"}],"curies":[{"name":"wp","href":"https:\/\/api.w.org\/{rel}","templated":true}]}}