{"id":15552,"date":"2023-04-07T09:20:00","date_gmt":"2023-04-07T08:20:00","guid":{"rendered":"https:\/\/legrandcontinent.eu\/es\/?p=15552"},"modified":"2023-04-07T17:21:47","modified_gmt":"2023-04-07T16:21:47","slug":"israel-lanza-ataques-contra-gaza-y-libano-tras-el-lanzamiento-de-cohetes","status":"publish","type":"post","link":"https:\/\/legrandcontinent.eu\/es\/2023\/04\/07\/israel-lanza-ataques-contra-gaza-y-libano-tras-el-lanzamiento-de-cohetes\/","title":{"rendered":"Israel lanza ataques contra Gaza y L\u00edbano tras el lanzamiento de cohetes"},"content":{"rendered":"\n<p>La escalada comenz\u00f3 tras un violento enfrentamiento el mi\u00e9rcoles 5 de abril entre la polic\u00eda israel\u00ed y fieles palestinos en la mezquita de Al Aqsa de Jerusal\u00e9n.<\/p>\n\n\n\n<ul class=\"wp-block-list\">\n<li>En la noche del mi\u00e9rcoles 5 de abril al jueves 6 de abril, seg\u00fan la polic\u00eda israel\u00ed, fieles palestinos se atrincheraron en una sala de oraci\u00f3n de la mezquita de Al-Aqsa con armas rudimentarias; la polic\u00eda intervino para desalojarlos.<\/li>\n\n\n\n<li>Ham\u00e1s hab\u00eda instado anteriormente a los palestinos a que acudieran al lugar sagrado y se atrincheraran para impedir las celebraciones del Pessa&#8217;h, ya que el Ramad\u00e1n y el Pessa&#8217;h coinciden este a\u00f1o.<\/li>\n\n\n\n<li>El ala militar de Hezbol\u00e1 emiti\u00f3 el jueves por la ma\u00f1ana un comunicado en el que expresaba su solidaridad con el pueblo palestino y \u00ablas facciones de la resistencia\u00bb y subrayaba su apoyo a cualquier medida que adopten para defender la mezquita de Al Aqsa.<\/li>\n<\/ul>\n\n\n\n<p>Poco despu\u00e9s de que Ham\u00e1s condenara la incursi\u00f3n policial en Al-Aqsa, se dispararon cohetes desde la Franja de Gaza contra la ciudad israel\u00ed de Sderot. El jueves por la tarde, al menos 34 cohetes fueron disparados desde el sur de L\u00edbano, seg\u00fan las fuerzas armadas israel\u00edes. Veinticinco fueron interceptados, cuatro cayeron dentro de L\u00edbano y cinco en territorio israel\u00ed, incluida la ciudad septentrional de Shlomi.<\/p>\n\n\n\n<div class=\"iframe-container wp-block-image wp-block-image-medium  iframe-dw\">\n\t<div>\n\t\t<iframe class=\"absolute w-full h-full pin-t pin-l\" title=\"titolo\" aria-label=\"Interactive line chart\" src=\"\/\/datawrapper.dwcdn.net\/6tXIw\/\" scrolling=\"no\" frameborder=\"0\"><\/iframe>\n\t<\/div>\n<\/div>\n\n\n\n<p>Ning\u00fan grupo ha reivindicado la autor\u00eda de los disparos libaneses, pero Israel culpa a militantes de Ham\u00e1s.<\/p>\n\n\n\n<ul class=\"wp-block-list\">\n<li>El portavoz del ej\u00e9rcito israel\u00ed, Daniel Hagari, declar\u00f3 en una conferencia de prensa que Ham\u00e1s estaba detr\u00e1s del ataque. A\u00f1adi\u00f3 que Israel no permitir\u00eda que Ham\u00e1s operara desde L\u00edbano y que el gobierno liban\u00e9s \u00abes responsable de cualquier ataque desde su territorio\u00bb.<\/li>\n\n\n\n<li>En respuesta a los atentados, el primer ministro israel\u00ed, Benjamin Netanyahu, orden\u00f3 el jueves por la noche ataques contra instalaciones de Ham\u00e1s en Gaza y el sur del L\u00edbano; las fuerzas armadas israel\u00edes afirmaron haber atacado 10 objetivos de Ham\u00e1s en Gaza, incluidos t\u00faneles y centros de fabricaci\u00f3n de armas, y otros tres objetivos de Ham\u00e1s en el sur del L\u00edbano.<\/li>\n<\/ul>\n\n\n\n<p>El enfrentamiento entre Israel y los grupos islamistas pareci\u00f3 terminar a media ma\u00f1ana del viernes, cuando el ej\u00e9rcito comunic\u00f3 a los civiles israel\u00edes del sur que ya no era necesario que estuvieran cerca de los refugios. No obstante, tras un tiroteo en Cisjordania en el que murieron dos civiles israel\u00edes, se espera que Netanyahu vuelva a convocar a su consejo de seguridad.<\/p>\n","protected":false},"excerpt":{"rendered":"<p>El ej\u00e9rcito israel\u00ed lanz\u00f3 anoche ataques contra Gaza y L\u00edbano en respuesta a una andanada de cohetes lanzados desde L\u00edbano contra el norte de Israel a primera hora del jueves 6 de abril; desde Gaza tambi\u00e9n se hab\u00edan lanzado decenas de cohetes desde el mi\u00e9rcoles.<\/p>\n","protected":false},"author":1366,"featured_media":15553,"comment_status":"closed","ping_status":"closed","sticky":false,"template":"templates\/post-briefings.php","format":"standard","meta":{"_acf_changed":false,"_trash_the_other_posts":false,"_yoast_wpseo_estimated-reading-time-minutes":2,"footnotes":""},"categories":[128],"tags":[],"staff":[],"editorial_format":[],"serie":[],"audience":[],"geo":[173],"class_list":["post-15552","post","type-post","status-publish","format-standard","hentry","category-guerra","geo-mediterraneo"],"acf":{"open_in_webview":false,"accent":false},"yoast_head":"<!-- This site is optimized with the Yoast SEO plugin v26.1.1 - https:\/\/yoast.com\/wordpress\/plugins\/seo\/ -->\n<title>Israel lanza ataques contra Gaza y L\u00edbano tras el lanzamiento de cohetes - El Grand Continent<\/title>\n<meta name=\"robots\" content=\"index, follow, max-snippet:-1, max-image-preview:large, max-video-preview:-1\" \/>\n<link rel=\"canonical\" href=\"https:\/\/legrandcontinent.eu\/es\/2023\/04\/07\/israel-lanza-ataques-contra-gaza-y-libano-tras-el-lanzamiento-de-cohetes\/\" \/>\n<meta property=\"og:locale\" content=\"es_ES\" \/>\n<meta property=\"og:type\" content=\"article\" \/>\n<meta property=\"og:title\" content=\"Israel lanza ataques contra Gaza y L\u00edbano tras el lanzamiento de cohetes - El Grand Continent\" \/>\n<meta property=\"og:description\" content=\"El ej\u00e9rcito israel\u00ed lanz\u00f3 anoche ataques contra Gaza y L\u00edbano en respuesta a una andanada de cohetes lanzados desde L\u00edbano contra el norte de Israel a primera hora del jueves 6 de abril; desde Gaza tambi\u00e9n se hab\u00edan lanzado decenas de cohetes desde el mi\u00e9rcoles.\" \/>\n<meta property=\"og:url\" content=\"https:\/\/legrandcontinent.eu\/es\/2023\/04\/07\/israel-lanza-ataques-contra-gaza-y-libano-tras-el-lanzamiento-de-cohetes\/\" \/>\n<meta property=\"og:site_name\" content=\"El Grand Continent\" \/>\n<meta property=\"article:published_time\" content=\"2023-04-07T08:20:00+00:00\" \/>\n<meta property=\"article:modified_time\" content=\"2023-04-07T16:21:47+00:00\" \/>\n<meta property=\"og:image\" content=\"https:\/\/legrandcontinent.eu\/es\/wp-content\/uploads\/sites\/6\/2023\/04\/6tXIw-ataques-contra-israel-y-represalias-del-5-a-7-de-abril-de-2022.png\" \/>\n\t<meta property=\"og:image:width\" content=\"1337\" \/>\n\t<meta property=\"og:image:height\" content=\"1139\" \/>\n\t<meta property=\"og:image:type\" content=\"image\/png\" \/>\n<meta name=\"author\" content=\"florent\" \/>\n<meta name=\"twitter:card\" content=\"summary_large_image\" \/>\n<meta name=\"twitter:image\" content=\"https:\/\/legrandcontinent.eu\/es\/wp-content\/uploads\/sites\/6\/2023\/04\/6tXIw-ataques-contra-israel-y-represalias-del-5-a-7-de-abril-de-2022.png\" \/>\n<meta name=\"twitter:label1\" content=\"Escrito por\" \/>\n\t<meta name=\"twitter:data1\" content=\"florent\" \/>\n\t<meta name=\"twitter:label2\" content=\"Tiempo de lectura\" \/>\n\t<meta name=\"twitter:data2\" content=\"2 minutos\" \/>\n<script type=\"application\/ld+json\" class=\"yoast-schema-graph\">{\"@context\":\"https:\/\/schema.org\",\"@graph\":[{\"@type\":\"WebPage\",\"@id\":\"https:\/\/legrandcontinent.eu\/es\/2023\/04\/07\/israel-lanza-ataques-contra-gaza-y-libano-tras-el-lanzamiento-de-cohetes\/\",\"url\":\"https:\/\/legrandcontinent.eu\/es\/2023\/04\/07\/israel-lanza-ataques-contra-gaza-y-libano-tras-el-lanzamiento-de-cohetes\/\",\"name\":\"Israel lanza ataques contra Gaza y L\u00edbano tras el lanzamiento de cohetes - El Grand Continent\",\"isPartOf\":{\"@id\":\"https:\/\/legrandcontinent.eu\/es\/#website\"},\"primaryImageOfPage\":{\"@id\":\"https:\/\/legrandcontinent.eu\/es\/2023\/04\/07\/israel-lanza-ataques-contra-gaza-y-libano-tras-el-lanzamiento-de-cohetes\/#primaryimage\"},\"image\":{\"@id\":\"https:\/\/legrandcontinent.eu\/es\/2023\/04\/07\/israel-lanza-ataques-contra-gaza-y-libano-tras-el-lanzamiento-de-cohetes\/#primaryimage\"},\"thumbnailUrl\":\"https:\/\/legrandcontinent.eu\/es\/wp-content\/uploads\/sites\/6\/2023\/04\/6tXIw-ataques-contra-israel-y-represalias-del-5-a-7-de-abril-de-2022.png\",\"datePublished\":\"2023-04-07T08:20:00+00:00\",\"dateModified\":\"2023-04-07T16:21:47+00:00\",\"author\":{\"@id\":\"https:\/\/legrandcontinent.eu\/es\/#\/schema\/person\/cdd782c93d4a9eda86ab19a8c01cdf5c\"},\"breadcrumb\":{\"@id\":\"https:\/\/legrandcontinent.eu\/es\/2023\/04\/07\/israel-lanza-ataques-contra-gaza-y-libano-tras-el-lanzamiento-de-cohetes\/#breadcrumb\"},\"inLanguage\":\"es\",\"potentialAction\":[{\"@type\":\"ReadAction\",\"target\":[\"https:\/\/legrandcontinent.eu\/es\/2023\/04\/07\/israel-lanza-ataques-contra-gaza-y-libano-tras-el-lanzamiento-de-cohetes\/\"]}]},{\"@type\":\"ImageObject\",\"inLanguage\":\"es\",\"@id\":\"https:\/\/legrandcontinent.eu\/es\/2023\/04\/07\/israel-lanza-ataques-contra-gaza-y-libano-tras-el-lanzamiento-de-cohetes\/#primaryimage\",\"url\":\"https:\/\/legrandcontinent.eu\/es\/wp-content\/uploads\/sites\/6\/2023\/04\/6tXIw-ataques-contra-israel-y-represalias-del-5-a-7-de-abril-de-2022.png\",\"contentUrl\":\"https:\/\/legrandcontinent.eu\/es\/wp-content\/uploads\/sites\/6\/2023\/04\/6tXIw-ataques-contra-israel-y-represalias-del-5-a-7-de-abril-de-2022.png\",\"width\":1337,\"height\":1139},{\"@type\":\"BreadcrumbList\",\"@id\":\"https:\/\/legrandcontinent.eu\/es\/2023\/04\/07\/israel-lanza-ataques-contra-gaza-y-libano-tras-el-lanzamiento-de-cohetes\/#breadcrumb\",\"itemListElement\":[{\"@type\":\"ListItem\",\"position\":1,\"name\":\"Home\",\"item\":\"https:\/\/legrandcontinent.eu\/es\/\"},{\"@type\":\"ListItem\",\"position\":2,\"name\":\"Israel lanza ataques contra Gaza y L\u00edbano tras el lanzamiento de cohetes\"}]},{\"@type\":\"WebSite\",\"@id\":\"https:\/\/legrandcontinent.eu\/es\/#website\",\"url\":\"https:\/\/legrandcontinent.eu\/es\/\",\"name\":\"El Grand Continent\",\"description\":\"La escala pertinente\",\"potentialAction\":[{\"@type\":\"SearchAction\",\"target\":{\"@type\":\"EntryPoint\",\"urlTemplate\":\"https:\/\/legrandcontinent.eu\/es\/?s={search_term_string}\"},\"query-input\":{\"@type\":\"PropertyValueSpecification\",\"valueRequired\":true,\"valueName\":\"search_term_string\"}}],\"inLanguage\":\"es\"},{\"@type\":\"Person\",\"@id\":\"https:\/\/legrandcontinent.eu\/es\/#\/schema\/person\/cdd782c93d4a9eda86ab19a8c01cdf5c\",\"name\":\"florent\",\"image\":{\"@type\":\"ImageObject\",\"inLanguage\":\"es\",\"@id\":\"https:\/\/legrandcontinent.eu\/es\/#\/schema\/person\/image\/\",\"url\":\"https:\/\/secure.gravatar.com\/avatar\/0d38d78c90602daf39b309035cdac6bc?s=96&d=mm&r=g\",\"contentUrl\":\"https:\/\/secure.gravatar.com\/avatar\/0d38d78c90602daf39b309035cdac6bc?s=96&d=mm&r=g\",\"caption\":\"florent\"}}]}<\/script>\n<!-- \/ Yoast SEO plugin. -->","yoast_head_json":{"title":"Israel lanza ataques contra Gaza y L\u00edbano tras el lanzamiento de cohetes - El Grand Continent","robots":{"index":"index","follow":"follow","max-snippet":"max-snippet:-1","max-image-preview":"max-image-preview:large","max-video-preview":"max-video-preview:-1"},"canonical":"https:\/\/legrandcontinent.eu\/es\/2023\/04\/07\/israel-lanza-ataques-contra-gaza-y-libano-tras-el-lanzamiento-de-cohetes\/","og_locale":"es_ES","og_type":"article","og_title":"Israel lanza ataques contra Gaza y L\u00edbano tras el lanzamiento de cohetes - El Grand Continent","og_description":"El ej\u00e9rcito israel\u00ed lanz\u00f3 anoche ataques contra Gaza y L\u00edbano en respuesta a una andanada de cohetes lanzados desde L\u00edbano contra el norte de Israel a primera hora del jueves 6 de abril; desde Gaza tambi\u00e9n se hab\u00edan lanzado decenas de cohetes desde el mi\u00e9rcoles.","og_url":"https:\/\/legrandcontinent.eu\/es\/2023\/04\/07\/israel-lanza-ataques-contra-gaza-y-libano-tras-el-lanzamiento-de-cohetes\/","og_site_name":"El Grand Continent","article_published_time":"2023-04-07T08:20:00+00:00","article_modified_time":"2023-04-07T16:21:47+00:00","og_image":[{"width":1337,"height":1139,"url":"https:\/\/legrandcontinent.eu\/es\/wp-content\/uploads\/sites\/6\/2023\/04\/6tXIw-ataques-contra-israel-y-represalias-del-5-a-7-de-abril-de-2022.png","type":"image\/png"}],"author":"florent","twitter_card":"summary_large_image","twitter_image":"https:\/\/legrandcontinent.eu\/es\/wp-content\/uploads\/sites\/6\/2023\/04\/6tXIw-ataques-contra-israel-y-represalias-del-5-a-7-de-abril-de-2022.png","twitter_misc":{"Escrito por":"florent","Tiempo de lectura":"2 minutos"},"schema":{"@context":"https:\/\/schema.org","@graph":[{"@type":"WebPage","@id":"https:\/\/legrandcontinent.eu\/es\/2023\/04\/07\/israel-lanza-ataques-contra-gaza-y-libano-tras-el-lanzamiento-de-cohetes\/","url":"https:\/\/legrandcontinent.eu\/es\/2023\/04\/07\/israel-lanza-ataques-contra-gaza-y-libano-tras-el-lanzamiento-de-cohetes\/","name":"Israel lanza ataques contra Gaza y L\u00edbano tras el lanzamiento de cohetes - El Grand Continent","isPartOf":{"@id":"https:\/\/legrandcontinent.eu\/es\/#website"},"primaryImageOfPage":{"@id":"https:\/\/legrandcontinent.eu\/es\/2023\/04\/07\/israel-lanza-ataques-contra-gaza-y-libano-tras-el-lanzamiento-de-cohetes\/#primaryimage"},"image":{"@id":"https:\/\/legrandcontinent.eu\/es\/2023\/04\/07\/israel-lanza-ataques-contra-gaza-y-libano-tras-el-lanzamiento-de-cohetes\/#primaryimage"},"thumbnailUrl":"https:\/\/legrandcontinent.eu\/es\/wp-content\/uploads\/sites\/6\/2023\/04\/6tXIw-ataques-contra-israel-y-represalias-del-5-a-7-de-abril-de-2022.png","datePublished":"2023-04-07T08:20:00+00:00","dateModified":"2023-04-07T16:21:47+00:00","author":{"@id":"https:\/\/legrandcontinent.eu\/es\/#\/schema\/person\/cdd782c93d4a9eda86ab19a8c01cdf5c"},"breadcrumb":{"@id":"https:\/\/legrandcontinent.eu\/es\/2023\/04\/07\/israel-lanza-ataques-contra-gaza-y-libano-tras-el-lanzamiento-de-cohetes\/#breadcrumb"},"inLanguage":"es","potentialAction":[{"@type":"ReadAction","target":["https:\/\/legrandcontinent.eu\/es\/2023\/04\/07\/israel-lanza-ataques-contra-gaza-y-libano-tras-el-lanzamiento-de-cohetes\/"]}]},{"@type":"ImageObject","inLanguage":"es","@id":"https:\/\/legrandcontinent.eu\/es\/2023\/04\/07\/israel-lanza-ataques-contra-gaza-y-libano-tras-el-lanzamiento-de-cohetes\/#primaryimage","url":"https:\/\/legrandcontinent.eu\/es\/wp-content\/uploads\/sites\/6\/2023\/04\/6tXIw-ataques-contra-israel-y-represalias-del-5-a-7-de-abril-de-2022.png","contentUrl":"https:\/\/legrandcontinent.eu\/es\/wp-content\/uploads\/sites\/6\/2023\/04\/6tXIw-ataques-contra-israel-y-represalias-del-5-a-7-de-abril-de-2022.png","width":1337,"height":1139},{"@type":"BreadcrumbList","@id":"https:\/\/legrandcontinent.eu\/es\/2023\/04\/07\/israel-lanza-ataques-contra-gaza-y-libano-tras-el-lanzamiento-de-cohetes\/#breadcrumb","itemListElement":[{"@type":"ListItem","position":1,"name":"Home","item":"https:\/\/legrandcontinent.eu\/es\/"},{"@type":"ListItem","position":2,"name":"Israel lanza ataques contra Gaza y L\u00edbano tras el lanzamiento de cohetes"}]},{"@type":"WebSite","@id":"https:\/\/legrandcontinent.eu\/es\/#website","url":"https:\/\/legrandcontinent.eu\/es\/","name":"El Grand Continent","description":"La escala pertinente","potentialAction":[{"@type":"SearchAction","target":{"@type":"EntryPoint","urlTemplate":"https:\/\/legrandcontinent.eu\/es\/?s={search_term_string}"},"query-input":{"@type":"PropertyValueSpecification","valueRequired":true,"valueName":"search_term_string"}}],"inLanguage":"es"},{"@type":"Person","@id":"https:\/\/legrandcontinent.eu\/es\/#\/schema\/person\/cdd782c93d4a9eda86ab19a8c01cdf5c","name":"florent","image":{"@type":"ImageObject","inLanguage":"es","@id":"https:\/\/legrandcontinent.eu\/es\/#\/schema\/person\/image\/","url":"https:\/\/secure.gravatar.com\/avatar\/0d38d78c90602daf39b309035cdac6bc?s=96&d=mm&r=g","contentUrl":"https:\/\/secure.gravatar.com\/avatar\/0d38d78c90602daf39b309035cdac6bc?s=96&d=mm&r=g","caption":"florent"}}]}},"lgc_categories":[{"id":128,"name":"Guerra","slug":"guerra"}],"lgc_author":null,"feature_image_summary":{"url":"https:\/\/legrandcontinent.eu\/es\/wp-content\/uploads\/sites\/6\/2023\/04\/6tXIw-ataques-contra-israel-y-represalias-del-5-a-7-de-abril-de-2022.png","width":1337,"height":1139,"alt":""},"feature_image_cover":null,"term_position_data":null,"_links":{"self":[{"href":"https:\/\/legrandcontinent.eu\/es\/wp-json\/wp\/v2\/posts\/15552","targetHints":{"allow":["GET"]}}],"collection":[{"href":"https:\/\/legrandcontinent.eu\/es\/wp-json\/wp\/v2\/posts"}],"about":[{"href":"https:\/\/legrandcontinent.eu\/es\/wp-json\/wp\/v2\/types\/post"}],"author":[{"embeddable":true,"href":"https:\/\/legrandcontinent.eu\/es\/wp-json\/wp\/v2\/users\/1366"}],"replies":[{"embeddable":true,"href":"https:\/\/legrandcontinent.eu\/es\/wp-json\/wp\/v2\/comments?post=15552"}],"version-history":[{"count":0,"href":"https:\/\/legrandcontinent.eu\/es\/wp-json\/wp\/v2\/posts\/15552\/revisions"}],"wp:featuredmedia":[{"embeddable":true,"href":"https:\/\/legrandcontinent.eu\/es\/wp-json\/wp\/v2\/media\/15553"}],"wp:attachment":[{"href":"https:\/\/legrandcontinent.eu\/es\/wp-json\/wp\/v2\/media?parent=15552"}],"wp:term":[{"taxonomy":"category","embeddable":true,"href":"https:\/\/legrandcontinent.eu\/es\/wp-json\/wp\/v2\/categories?post=15552"},{"taxonomy":"post_tag","embeddable":true,"href":"https:\/\/legrandcontinent.eu\/es\/wp-json\/wp\/v2\/tags?post=15552"},{"taxonomy":"staff","embeddable":true,"href":"https:\/\/legrandcontinent.eu\/es\/wp-json\/wp\/v2\/staff?post=15552"},{"taxonomy":"editorial_format","embeddable":true,"href":"https:\/\/legrandcontinent.eu\/es\/wp-json\/wp\/v2\/editorial_format?post=15552"},{"taxonomy":"serie","embeddable":true,"href":"https:\/\/legrandcontinent.eu\/es\/wp-json\/wp\/v2\/serie?post=15552"},{"taxonomy":"audience","embeddable":true,"href":"https:\/\/legrandcontinent.eu\/es\/wp-json\/wp\/v2\/audience?post=15552"},{"taxonomy":"geo","embeddable":true,"href":"https:\/\/legrandcontinent.eu\/es\/wp-json\/wp\/v2\/geo?post=15552"}],"curies":[{"name":"wp","href":"https:\/\/api.w.org\/{rel}","templated":true}]}}