{"id":15026,"date":"2023-03-20T17:55:00","date_gmt":"2023-03-20T17:55:00","guid":{"rendered":"https:\/\/legrandcontinent.eu\/es\/?p=15026"},"modified":"2023-03-21T10:09:55","modified_gmt":"2023-03-21T10:09:55","slug":"el-umbral-de-calentamiento-de-15c-se-superara-en-los-anos-2030-segun-el-ipcc","status":"publish","type":"post","link":"https:\/\/legrandcontinent.eu\/es\/2023\/03\/20\/el-umbral-de-calentamiento-de-15c-se-superara-en-los-anos-2030-segun-el-ipcc\/","title":{"rendered":"El umbral de calentamiento de 1,5\u00b0C se superar\u00e1 en los a\u00f1os 2030, seg\u00fan el IPCC"},"content":{"rendered":"\n<p>El informe del IPCC publicado hoy es una s\u00edntesis de las tres partes del sexto informe de evaluaci\u00f3n publicadas en los dos a\u00f1os anteriores, as\u00ed como de los tres llamados \u00abinformes especiales\u00bb sobre las consecuencias del calentamiento global en la tierra, los oc\u00e9anos y la criosfera, publicados desde 2018.<\/p>\n\n\n\n<ul class=\"wp-block-list\">\n<li>Aunque el mensaje del organismo ya se conoce, es el resultado de una larga negociaci\u00f3n que dur\u00f3 16 d\u00edas -como es habitual, los autores del informe deben validarlo l\u00ednea por l\u00ednea antes de su aprobaci\u00f3n-.<\/li>\n\n\n\n<li>El documento en s\u00ed es importante porque, a diferencia de las anteriores producciones mencionadas, se trata de un informe exhaustivo que servir\u00e1 de base para las negociaciones de la pr\u00f3xima COP 28 de Dub\u00e1i, al igual que el Quinto Informe de Evaluaci\u00f3n constituy\u00f3 la principal base cient\u00edfica del Acuerdo de Par\u00eds de 2015&nbsp;<span class='whitespace-nowrap'><span id='easy-footnote-1-15026' class='easy-footnote-margin-adjust'><\/span><span class='easy-footnote'><a href='https:\/\/legrandcontinent.eu\/es\/2023\/03\/20\/el-umbral-de-calentamiento-de-15c-se-superara-en-los-anos-2030-segun-el-ipcc\/#easy-footnote-bottom-1-15026' title='&lt;a href=&quot;https:\/\/www.ipcc.ch\/report\/ar6\/syr\/downloads\/press\/IPCC_AR6_SYR_PressRelease_en.pdf&quot;&gt;Urgent climate action can secure a liveable future for all&lt;\/a&gt;, IPCC Press Release, 20 de marzo de 2023.'><sup>1<\/sup><\/a><\/span><\/span>.<\/li>\n<\/ul>\n\n\n\n<div class=\"iframe-container wp-block-image wp-block-image-medium \">\n\t<div>\n\t\t<iframe class=\"absolute w-full h-full pin-t pin-l\" title=\"titolo\" aria-label=\"Interactive line chart\" src=\"\/\/flo.uri.sh\/visualisation\/13132854\/embed\" scrolling=\"no\" frameborder=\"0\"><\/iframe>\n\t<\/div>\n<\/div>\n\n\n\n<p>A pesar de que el IPCC volvi\u00f3 a alertar en 2018 de los peligros de un aumento de la temperatura global de m\u00e1s de 1,5 \u00b0C por encima de los niveles preindustriales y de la dificultad de mantenerse bajo ese techo, las emisiones de gases de efecto invernadero han seguido aumentando, alcanzando un m\u00e1ximo en 2021 de 37.120 millones de toneladas de emisiones de CO2 (por encima de los 36.830 millones de 2018, a pesar del descenso relacionado con la pandemia).<\/p>\n\n\n\n<div class=\"iframe-container wp-block-image wp-block-image-medium  iframe-dw\">\n\t<div>\n\t\t<iframe class=\"absolute w-full h-full pin-t pin-l\" title=\"titolo\" aria-label=\"Interactive line chart\" src=\"\/\/datawrapper.dwcdn.net\/8Eh4R\/\" scrolling=\"no\" frameborder=\"0\"><\/iframe>\n\t<\/div>\n<\/div>\n\n\n\n<p>As\u00ed pues, el IPCC hace varias observaciones.<\/p>\n\n\n\n<ul class=\"wp-block-list\">\n<li>Las medidas adoptadas por los gobiernos son actualmente insuficientes para luchar contra el cambio clim\u00e1tico.<\/li>\n\n\n\n<li>Aunque \u00abhay capital suficiente para colmar el d\u00e9ficit de inversi\u00f3n mundial\u00bb, las inversiones necesarias para limitar el calentamiento a 2 \u00b0C o 1,5 \u00b0C durante el periodo 2020-2030 son \u00abde tres a seis veces superiores a los niveles actuales\u00bb&nbsp;<span class='whitespace-nowrap'><span id='easy-footnote-2-15026' class='easy-footnote-margin-adjust'><\/span><span class='easy-footnote'><a href='https:\/\/legrandcontinent.eu\/es\/2023\/03\/20\/el-umbral-de-calentamiento-de-15c-se-superara-en-los-anos-2030-segun-el-ipcc\/#easy-footnote-bottom-2-15026' title='&lt;a href=&quot;https:\/\/report.ipcc.ch\/ar6syr\/pdf\/IPCC_AR6_SYR_SPM.pdf&quot;&gt;SYNTHESIS REPORT 2 OF THE IPCC SIXTH ASSESSMENT REPORT (AR6)&lt;\/a&gt;, GIEC, 20 de marzo de 2023.'><sup>2<\/sup><\/a><\/span><\/span>.<\/li>\n\n\n\n<li>La acumulaci\u00f3n de emisiones de gases de efecto invernadero ya liberadas a la atm\u00f3sfera tiene y tendr\u00e1 un impacto negativo en el sistema clim\u00e1tico. Sin embargo, es necesario reducir el nivel de contaminaci\u00f3n, ya que podr\u00eda limitar el riesgo de cruzar <a href=\"https:\/\/legrandcontinent.eu\/es\/2022\/09\/14\/un-calentamiento-superior-a-15oc-provocaria-puntos-de-inflexion-climaticos-desastrosos\/\">\u00abpuntos de inflexi\u00f3n clim\u00e1ticos\u00bb<\/a>.<\/li>\n<\/ul>\n\n\n\n<div class=\"iframe-container wp-block-image wp-block-image-medium  iframe-dw\">\n\t<div>\n\t\t<iframe class=\"absolute w-full h-full pin-t pin-l\" title=\"titolo\" aria-label=\"Interactive line chart\" src=\"\/\/datawrapper.dwcdn.net\/guC27\/\" scrolling=\"no\" frameborder=\"0\"><\/iframe>\n\t<\/div>\n<\/div>\n\n\n\n<p>El informe hace hincapi\u00e9 en la viabilidad de las alternativas existentes para mitigar las emisiones de gases de efecto invernadero. S\u00f3lo en el sector de la producci\u00f3n de energ\u00eda, las opciones descarbonizadas (solar, e\u00f3lica, bioenerg\u00eda, nuclear, hidr\u00e1ulica, etc.) permitir\u00edan, seg\u00fan el IPCC, emitir 11,69 gigatoneladas de CO2 equivalente menos de aqu\u00ed a 2030 en comparaci\u00f3n con la producci\u00f3n de energ\u00eda a partir de fuentes de carbono (principalmente carb\u00f3n).<\/p>\n\n\n\n<div class=\"iframe-container wp-block-image wp-block-image-medium  iframe-dw\">\n\t<div>\n\t\t<iframe class=\"absolute w-full h-full pin-t pin-l\" title=\"titolo\" aria-label=\"Interactive line chart\" src=\"\/\/datawrapper.dwcdn.net\/EhGxh\/\" scrolling=\"no\" frameborder=\"0\"><\/iframe>\n\t<\/div>\n<\/div>\n\n\n\n<p>Sin embargo, este escenario exigir\u00eda que los pa\u00edses dejaran de invertir en la producci\u00f3n de energ\u00eda basada en el carb\u00f3n y el petr\u00f3leo.<\/p>\n\n\n\n<ul class=\"wp-block-list\">\n<li>El IPCC insiste en la necesidad de que las sociedades sean m\u00e1s resilientes y m\u00e1s racionales en su consumo de energ\u00eda (promover el acceso del mayor n\u00famero, fomentar la movilidad sostenible, invertir masivamente en energ\u00edas renovables, etc.).<\/li>\n\n\n\n<li>Sin embargo, algunos pa\u00edses avanzan hacia esta transici\u00f3n energ\u00e9tica mientras siguen dependiendo en gran medida de los combustibles f\u00f3siles. Por ejemplo, el 72% de los nuevos proyectos de centrales el\u00e9ctricas de carb\u00f3n del mundo se encuentran en China (por un equivalente de 250 GW), mientras que Pek\u00edn ha aprobado la construcci\u00f3n del <a href=\"https:\/\/legrandcontinent.eu\/es\/2023\/02\/28\/en-2022-pekin-ha-aprobado-el-equivalente-a-dos-nuevas-centrales-electricas-de-carbon-por-semana\/\">equivalente de dos nuevas centrales el\u00e9ctricas por semana<\/a> de aqu\u00ed a 2022.<\/li>\n<\/ul>\n","protected":false},"excerpt":{"rendered":"<p>Hoy, lunes 20 de marzo, el Grupo Intergubernamental de Expertos sobre el Cambio Clim\u00e1tico (IPCC) ha publicado el resumen de su sexto informe. En este informe, la organizaci\u00f3n ofrece la evaluaci\u00f3n m\u00e1s completa y actualizada de sus investigaciones con un mensaje sencillo: las causas del cambio clim\u00e1tico son conocidas, al igual que las soluciones.<\/p>\n","protected":false},"author":1366,"featured_media":15033,"comment_status":"closed","ping_status":"closed","sticky":false,"template":"templates\/post-briefings.php","format":"standard","meta":{"_acf_changed":false,"_trash_the_other_posts":false,"_yoast_wpseo_estimated-reading-time-minutes":3,"footnotes":""},"categories":[98],"tags":[],"staff":[],"editorial_format":[],"serie":[],"audience":[],"geo":[198],"class_list":["post-15026","post","type-post","status-publish","format-standard","hentry","category-energia-y-medio-ambiente","geo-mundo"],"acf":{"open_in_webview":false,"accent":false},"yoast_head":"<!-- This site is optimized with the Yoast SEO plugin v26.1.1 - https:\/\/yoast.com\/wordpress\/plugins\/seo\/ -->\n<title>El umbral de calentamiento de 1,5\u00b0C se superar\u00e1 en los a\u00f1os 2030, seg\u00fan el IPCC - El Grand Continent<\/title>\n<meta name=\"robots\" content=\"index, follow, max-snippet:-1, max-image-preview:large, max-video-preview:-1\" \/>\n<link rel=\"canonical\" href=\"https:\/\/legrandcontinent.eu\/es\/2023\/03\/20\/el-umbral-de-calentamiento-de-15c-se-superara-en-los-anos-2030-segun-el-ipcc\/\" \/>\n<meta property=\"og:locale\" content=\"es_ES\" \/>\n<meta property=\"og:type\" content=\"article\" \/>\n<meta property=\"og:title\" content=\"El umbral de calentamiento de 1,5\u00b0C se superar\u00e1 en los a\u00f1os 2030, seg\u00fan el IPCC - El Grand Continent\" \/>\n<meta property=\"og:description\" content=\"Hoy, lunes 20 de marzo, el Grupo Intergubernamental de Expertos sobre el Cambio Clim\u00e1tico (IPCC) ha publicado el resumen de su sexto informe. En este informe, la organizaci\u00f3n ofrece la evaluaci\u00f3n m\u00e1s completa y actualizada de sus investigaciones con un mensaje sencillo: las causas del cambio clim\u00e1tico son conocidas, al igual que las soluciones.\" \/>\n<meta property=\"og:url\" content=\"https:\/\/legrandcontinent.eu\/es\/2023\/03\/20\/el-umbral-de-calentamiento-de-15c-se-superara-en-los-anos-2030-segun-el-ipcc\/\" \/>\n<meta property=\"og:site_name\" content=\"El Grand Continent\" \/>\n<meta property=\"article:published_time\" content=\"2023-03-20T17:55:00+00:00\" \/>\n<meta property=\"article:modified_time\" content=\"2023-03-21T10:09:55+00:00\" \/>\n<meta property=\"og:image\" content=\"https:\/\/legrandcontinent.eu\/es\/wp-content\/uploads\/sites\/6\/2023\/03\/gc-elipcc-scaled.jpg\" \/>\n\t<meta property=\"og:image:width\" content=\"2560\" \/>\n\t<meta property=\"og:image:height\" content=\"1440\" \/>\n\t<meta property=\"og:image:type\" content=\"image\/jpeg\" \/>\n<meta name=\"author\" content=\"florent\" \/>\n<meta name=\"twitter:card\" content=\"summary_large_image\" \/>\n<meta name=\"twitter:image\" content=\"https:\/\/legrandcontinent.eu\/es\/wp-content\/uploads\/sites\/6\/2023\/03\/gc-elipcc-scaled.jpg\" \/>\n<meta name=\"twitter:label1\" content=\"Escrito por\" \/>\n\t<meta name=\"twitter:data1\" content=\"florent\" \/>\n\t<meta name=\"twitter:label2\" content=\"Tiempo de lectura\" \/>\n\t<meta name=\"twitter:data2\" content=\"3 minutos\" \/>\n<script type=\"application\/ld+json\" class=\"yoast-schema-graph\">{\"@context\":\"https:\/\/schema.org\",\"@graph\":[{\"@type\":\"WebPage\",\"@id\":\"https:\/\/legrandcontinent.eu\/es\/2023\/03\/20\/el-umbral-de-calentamiento-de-15c-se-superara-en-los-anos-2030-segun-el-ipcc\/\",\"url\":\"https:\/\/legrandcontinent.eu\/es\/2023\/03\/20\/el-umbral-de-calentamiento-de-15c-se-superara-en-los-anos-2030-segun-el-ipcc\/\",\"name\":\"El umbral de calentamiento de 1,5\u00b0C se superar\u00e1 en los a\u00f1os 2030, seg\u00fan el IPCC - El Grand Continent\",\"isPartOf\":{\"@id\":\"https:\/\/legrandcontinent.eu\/es\/#website\"},\"primaryImageOfPage\":{\"@id\":\"https:\/\/legrandcontinent.eu\/es\/2023\/03\/20\/el-umbral-de-calentamiento-de-15c-se-superara-en-los-anos-2030-segun-el-ipcc\/#primaryimage\"},\"image\":{\"@id\":\"https:\/\/legrandcontinent.eu\/es\/2023\/03\/20\/el-umbral-de-calentamiento-de-15c-se-superara-en-los-anos-2030-segun-el-ipcc\/#primaryimage\"},\"thumbnailUrl\":\"https:\/\/legrandcontinent.eu\/es\/wp-content\/uploads\/sites\/6\/2023\/03\/8Eh4R-variaci-n-de-la-temperatura-media-anual-con-respecto-al-periodo-preindustrial.png\",\"datePublished\":\"2023-03-20T17:55:00+00:00\",\"dateModified\":\"2023-03-21T10:09:55+00:00\",\"author\":{\"@id\":\"https:\/\/legrandcontinent.eu\/es\/#\/schema\/person\/cdd782c93d4a9eda86ab19a8c01cdf5c\"},\"breadcrumb\":{\"@id\":\"https:\/\/legrandcontinent.eu\/es\/2023\/03\/20\/el-umbral-de-calentamiento-de-15c-se-superara-en-los-anos-2030-segun-el-ipcc\/#breadcrumb\"},\"inLanguage\":\"es\",\"potentialAction\":[{\"@type\":\"ReadAction\",\"target\":[\"https:\/\/legrandcontinent.eu\/es\/2023\/03\/20\/el-umbral-de-calentamiento-de-15c-se-superara-en-los-anos-2030-segun-el-ipcc\/\"]}]},{\"@type\":\"ImageObject\",\"inLanguage\":\"es\",\"@id\":\"https:\/\/legrandcontinent.eu\/es\/2023\/03\/20\/el-umbral-de-calentamiento-de-15c-se-superara-en-los-anos-2030-segun-el-ipcc\/#primaryimage\",\"url\":\"https:\/\/legrandcontinent.eu\/es\/wp-content\/uploads\/sites\/6\/2023\/03\/8Eh4R-variaci-n-de-la-temperatura-media-anual-con-respecto-al-periodo-preindustrial.png\",\"contentUrl\":\"https:\/\/legrandcontinent.eu\/es\/wp-content\/uploads\/sites\/6\/2023\/03\/8Eh4R-variaci-n-de-la-temperatura-media-anual-con-respecto-al-periodo-preindustrial.png\",\"width\":1418,\"height\":768},{\"@type\":\"BreadcrumbList\",\"@id\":\"https:\/\/legrandcontinent.eu\/es\/2023\/03\/20\/el-umbral-de-calentamiento-de-15c-se-superara-en-los-anos-2030-segun-el-ipcc\/#breadcrumb\",\"itemListElement\":[{\"@type\":\"ListItem\",\"position\":1,\"name\":\"Home\",\"item\":\"https:\/\/legrandcontinent.eu\/es\/\"},{\"@type\":\"ListItem\",\"position\":2,\"name\":\"El umbral de calentamiento de 1,5\u00b0C se superar\u00e1 en los a\u00f1os 2030, seg\u00fan el IPCC\"}]},{\"@type\":\"WebSite\",\"@id\":\"https:\/\/legrandcontinent.eu\/es\/#website\",\"url\":\"https:\/\/legrandcontinent.eu\/es\/\",\"name\":\"El Grand Continent\",\"description\":\"La escala pertinente\",\"potentialAction\":[{\"@type\":\"SearchAction\",\"target\":{\"@type\":\"EntryPoint\",\"urlTemplate\":\"https:\/\/legrandcontinent.eu\/es\/?s={search_term_string}\"},\"query-input\":{\"@type\":\"PropertyValueSpecification\",\"valueRequired\":true,\"valueName\":\"search_term_string\"}}],\"inLanguage\":\"es\"},{\"@type\":\"Person\",\"@id\":\"https:\/\/legrandcontinent.eu\/es\/#\/schema\/person\/cdd782c93d4a9eda86ab19a8c01cdf5c\",\"name\":\"florent\",\"image\":{\"@type\":\"ImageObject\",\"inLanguage\":\"es\",\"@id\":\"https:\/\/legrandcontinent.eu\/es\/#\/schema\/person\/image\/\",\"url\":\"https:\/\/secure.gravatar.com\/avatar\/0d38d78c90602daf39b309035cdac6bc?s=96&d=mm&r=g\",\"contentUrl\":\"https:\/\/secure.gravatar.com\/avatar\/0d38d78c90602daf39b309035cdac6bc?s=96&d=mm&r=g\",\"caption\":\"florent\"}}]}<\/script>\n<!-- \/ Yoast SEO plugin. -->","yoast_head_json":{"title":"El umbral de calentamiento de 1,5\u00b0C se superar\u00e1 en los a\u00f1os 2030, seg\u00fan el IPCC - El Grand Continent","robots":{"index":"index","follow":"follow","max-snippet":"max-snippet:-1","max-image-preview":"max-image-preview:large","max-video-preview":"max-video-preview:-1"},"canonical":"https:\/\/legrandcontinent.eu\/es\/2023\/03\/20\/el-umbral-de-calentamiento-de-15c-se-superara-en-los-anos-2030-segun-el-ipcc\/","og_locale":"es_ES","og_type":"article","og_title":"El umbral de calentamiento de 1,5\u00b0C se superar\u00e1 en los a\u00f1os 2030, seg\u00fan el IPCC - El Grand Continent","og_description":"Hoy, lunes 20 de marzo, el Grupo Intergubernamental de Expertos sobre el Cambio Clim\u00e1tico (IPCC) ha publicado el resumen de su sexto informe. En este informe, la organizaci\u00f3n ofrece la evaluaci\u00f3n m\u00e1s completa y actualizada de sus investigaciones con un mensaje sencillo: las causas del cambio clim\u00e1tico son conocidas, al igual que las soluciones.","og_url":"https:\/\/legrandcontinent.eu\/es\/2023\/03\/20\/el-umbral-de-calentamiento-de-15c-se-superara-en-los-anos-2030-segun-el-ipcc\/","og_site_name":"El Grand Continent","article_published_time":"2023-03-20T17:55:00+00:00","article_modified_time":"2023-03-21T10:09:55+00:00","og_image":[{"width":2560,"height":1440,"url":"https:\/\/legrandcontinent.eu\/es\/wp-content\/uploads\/sites\/6\/2023\/03\/gc-elipcc-scaled.jpg","type":"image\/jpeg"}],"author":"florent","twitter_card":"summary_large_image","twitter_image":"https:\/\/legrandcontinent.eu\/es\/wp-content\/uploads\/sites\/6\/2023\/03\/gc-elipcc-scaled.jpg","twitter_misc":{"Escrito por":"florent","Tiempo de lectura":"3 minutos"},"schema":{"@context":"https:\/\/schema.org","@graph":[{"@type":"WebPage","@id":"https:\/\/legrandcontinent.eu\/es\/2023\/03\/20\/el-umbral-de-calentamiento-de-15c-se-superara-en-los-anos-2030-segun-el-ipcc\/","url":"https:\/\/legrandcontinent.eu\/es\/2023\/03\/20\/el-umbral-de-calentamiento-de-15c-se-superara-en-los-anos-2030-segun-el-ipcc\/","name":"El umbral de calentamiento de 1,5\u00b0C se superar\u00e1 en los a\u00f1os 2030, seg\u00fan el IPCC - El Grand Continent","isPartOf":{"@id":"https:\/\/legrandcontinent.eu\/es\/#website"},"primaryImageOfPage":{"@id":"https:\/\/legrandcontinent.eu\/es\/2023\/03\/20\/el-umbral-de-calentamiento-de-15c-se-superara-en-los-anos-2030-segun-el-ipcc\/#primaryimage"},"image":{"@id":"https:\/\/legrandcontinent.eu\/es\/2023\/03\/20\/el-umbral-de-calentamiento-de-15c-se-superara-en-los-anos-2030-segun-el-ipcc\/#primaryimage"},"thumbnailUrl":"https:\/\/legrandcontinent.eu\/es\/wp-content\/uploads\/sites\/6\/2023\/03\/8Eh4R-variaci-n-de-la-temperatura-media-anual-con-respecto-al-periodo-preindustrial.png","datePublished":"2023-03-20T17:55:00+00:00","dateModified":"2023-03-21T10:09:55+00:00","author":{"@id":"https:\/\/legrandcontinent.eu\/es\/#\/schema\/person\/cdd782c93d4a9eda86ab19a8c01cdf5c"},"breadcrumb":{"@id":"https:\/\/legrandcontinent.eu\/es\/2023\/03\/20\/el-umbral-de-calentamiento-de-15c-se-superara-en-los-anos-2030-segun-el-ipcc\/#breadcrumb"},"inLanguage":"es","potentialAction":[{"@type":"ReadAction","target":["https:\/\/legrandcontinent.eu\/es\/2023\/03\/20\/el-umbral-de-calentamiento-de-15c-se-superara-en-los-anos-2030-segun-el-ipcc\/"]}]},{"@type":"ImageObject","inLanguage":"es","@id":"https:\/\/legrandcontinent.eu\/es\/2023\/03\/20\/el-umbral-de-calentamiento-de-15c-se-superara-en-los-anos-2030-segun-el-ipcc\/#primaryimage","url":"https:\/\/legrandcontinent.eu\/es\/wp-content\/uploads\/sites\/6\/2023\/03\/8Eh4R-variaci-n-de-la-temperatura-media-anual-con-respecto-al-periodo-preindustrial.png","contentUrl":"https:\/\/legrandcontinent.eu\/es\/wp-content\/uploads\/sites\/6\/2023\/03\/8Eh4R-variaci-n-de-la-temperatura-media-anual-con-respecto-al-periodo-preindustrial.png","width":1418,"height":768},{"@type":"BreadcrumbList","@id":"https:\/\/legrandcontinent.eu\/es\/2023\/03\/20\/el-umbral-de-calentamiento-de-15c-se-superara-en-los-anos-2030-segun-el-ipcc\/#breadcrumb","itemListElement":[{"@type":"ListItem","position":1,"name":"Home","item":"https:\/\/legrandcontinent.eu\/es\/"},{"@type":"ListItem","position":2,"name":"El umbral de calentamiento de 1,5\u00b0C se superar\u00e1 en los a\u00f1os 2030, seg\u00fan el IPCC"}]},{"@type":"WebSite","@id":"https:\/\/legrandcontinent.eu\/es\/#website","url":"https:\/\/legrandcontinent.eu\/es\/","name":"El Grand Continent","description":"La escala pertinente","potentialAction":[{"@type":"SearchAction","target":{"@type":"EntryPoint","urlTemplate":"https:\/\/legrandcontinent.eu\/es\/?s={search_term_string}"},"query-input":{"@type":"PropertyValueSpecification","valueRequired":true,"valueName":"search_term_string"}}],"inLanguage":"es"},{"@type":"Person","@id":"https:\/\/legrandcontinent.eu\/es\/#\/schema\/person\/cdd782c93d4a9eda86ab19a8c01cdf5c","name":"florent","image":{"@type":"ImageObject","inLanguage":"es","@id":"https:\/\/legrandcontinent.eu\/es\/#\/schema\/person\/image\/","url":"https:\/\/secure.gravatar.com\/avatar\/0d38d78c90602daf39b309035cdac6bc?s=96&d=mm&r=g","contentUrl":"https:\/\/secure.gravatar.com\/avatar\/0d38d78c90602daf39b309035cdac6bc?s=96&d=mm&r=g","caption":"florent"}}]}},"lgc_categories":[{"id":98,"name":"Energ\u00eda y medio ambiente","slug":"energia-y-medio-ambiente"}],"lgc_author":null,"feature_image_summary":{"url":"https:\/\/legrandcontinent.eu\/es\/wp-content\/uploads\/sites\/6\/2023\/03\/8Eh4R-variaci-n-de-la-temperatura-media-anual-con-respecto-al-periodo-preindustrial.png","width":1418,"height":768,"alt":""},"feature_image_cover":null,"term_position_data":null,"_links":{"self":[{"href":"https:\/\/legrandcontinent.eu\/es\/wp-json\/wp\/v2\/posts\/15026","targetHints":{"allow":["GET"]}}],"collection":[{"href":"https:\/\/legrandcontinent.eu\/es\/wp-json\/wp\/v2\/posts"}],"about":[{"href":"https:\/\/legrandcontinent.eu\/es\/wp-json\/wp\/v2\/types\/post"}],"author":[{"embeddable":true,"href":"https:\/\/legrandcontinent.eu\/es\/wp-json\/wp\/v2\/users\/1366"}],"replies":[{"embeddable":true,"href":"https:\/\/legrandcontinent.eu\/es\/wp-json\/wp\/v2\/comments?post=15026"}],"version-history":[{"count":0,"href":"https:\/\/legrandcontinent.eu\/es\/wp-json\/wp\/v2\/posts\/15026\/revisions"}],"wp:featuredmedia":[{"embeddable":true,"href":"https:\/\/legrandcontinent.eu\/es\/wp-json\/wp\/v2\/media\/15033"}],"wp:attachment":[{"href":"https:\/\/legrandcontinent.eu\/es\/wp-json\/wp\/v2\/media?parent=15026"}],"wp:term":[{"taxonomy":"category","embeddable":true,"href":"https:\/\/legrandcontinent.eu\/es\/wp-json\/wp\/v2\/categories?post=15026"},{"taxonomy":"post_tag","embeddable":true,"href":"https:\/\/legrandcontinent.eu\/es\/wp-json\/wp\/v2\/tags?post=15026"},{"taxonomy":"staff","embeddable":true,"href":"https:\/\/legrandcontinent.eu\/es\/wp-json\/wp\/v2\/staff?post=15026"},{"taxonomy":"editorial_format","embeddable":true,"href":"https:\/\/legrandcontinent.eu\/es\/wp-json\/wp\/v2\/editorial_format?post=15026"},{"taxonomy":"serie","embeddable":true,"href":"https:\/\/legrandcontinent.eu\/es\/wp-json\/wp\/v2\/serie?post=15026"},{"taxonomy":"audience","embeddable":true,"href":"https:\/\/legrandcontinent.eu\/es\/wp-json\/wp\/v2\/audience?post=15026"},{"taxonomy":"geo","embeddable":true,"href":"https:\/\/legrandcontinent.eu\/es\/wp-json\/wp\/v2\/geo?post=15026"}],"curies":[{"name":"wp","href":"https:\/\/api.w.org\/{rel}","templated":true}]}}