{"id":14657,"date":"2023-03-10T05:35:00","date_gmt":"2023-03-10T05:35:00","guid":{"rendered":"https:\/\/legrandcontinent.eu\/es\/?p=14657"},"modified":"2023-03-09T23:52:45","modified_gmt":"2023-03-09T23:52:45","slug":"que-esperar-de-la-cumbre-franco-britanica-de-paris","status":"publish","type":"post","link":"https:\/\/legrandcontinent.eu\/es\/2023\/03\/10\/que-esperar-de-la-cumbre-franco-britanica-de-paris\/","title":{"rendered":"\u00bfQu\u00e9 esperar de la cumbre franco-brit\u00e1nica que se abre en Par\u00eds?"},"content":{"rendered":"\n<p>Los temas que figuran oficialmente en la agenda cubren un amplio espectro: incluyen defensa, clima, energ\u00eda, migraci\u00f3n, juventud y pol\u00edtica exterior.<\/p>\n\n\n\n<ul class=\"wp-block-list\">\n<li>La cumbre se produce tras la presentaci\u00f3n de los nuevos objetivos franceses en materia de defensa y en la secuencia de la preparaci\u00f3n de la ley de programaci\u00f3n militar (LPM), que incluye en particular la preparaci\u00f3n para un conflicto de alta intensidad y el aumento del arsenal. \u00abLa cooperaci\u00f3n bilateral [en materia de defensa] podr\u00eda servir tambi\u00e9n de catalizador para una cooperaci\u00f3n a nivel europeo, ya se trate de coaliciones ad hoc o de una cooperaci\u00f3n <em>plug-and-play <\/em><a href=\"https:\/\/legrandcontinent.eu\/es\/2023\/01\/03\/10-puntos-sobre-la-defensa-europea-en-2023\/\">entre la Uni\u00f3n Europea y el Reino Unido<\/a>.\u00bb<\/li>\n\n\n\n<li>Tambi\u00e9n llega en un momento de relativa calma entre Bruselas y Londres, tras el acuerdo sobre Irlanda del Norte del 27 de febrero.<\/li>\n<\/ul>\n\n\n\n<p>El momento de la reuni\u00f3n no es balad\u00ed para ninguno de los dos pa\u00edses.<\/p>\n\n\n\n<ul class=\"wp-block-list\">\n<li>Si cuando asumi\u00f3 el cargo, Rishi Sunak reafirm\u00f3 una l\u00ednea dura sobre el Brexit y refut\u00f3 cualquier deseo de acercamiento a la Uni\u00f3n, ahora los brit\u00e1nicos <a href=\"https:\/\/legrandcontinent.eu\/es\/2023\/01\/19\/por-que-un-porcentaje-creciente-de-britanicos-lamenta-el-brexit\/\">lamentan mayoritariamente<\/a> la decisi\u00f3n y dos tercios consideran que el Gobierno est\u00e1 \u00abgestionando mal\u00bb la situaci\u00f3n. Las preocupaciones se centran sobre todo en la situaci\u00f3n econ\u00f3mica del pa\u00eds.<\/li>\n<\/ul>\n\n\n\n<div class=\"iframe-container wp-block-image wp-block-image-medium  iframe-dw\">\n\t<div>\n\t\t<iframe class=\"absolute w-full h-full pin-t pin-l\" title=\"titolo\" aria-label=\"Interactive line chart\" src=\"\/\/datawrapper.dwcdn.net\/48yoY\/\" scrolling=\"no\" frameborder=\"0\"><\/iframe>\n\t<\/div>\n<\/div>\n\n\n\n<ul class=\"wp-block-list\">\n<li>Por parte francesa, Par\u00eds tiene todo el inter\u00e9s en buscar socios: la pareja franco-alemana ha estado marcada recientemente por tensiones que van desde la pol\u00edtica de defensa y energ\u00e9tica hasta la pol\u00edtica industrial. La cooperaci\u00f3n profundizada entre Roma y Par\u00eds, relanzada por el Tratado del Quirinale en 2021, tambi\u00e9n est\u00e1 perdiendo impulso tras la llegada de Giorgia Meloni al Palazzo Chigi.<\/li>\n\n\n\n<li>En concreto, a ambos lados del Canal de la Mancha se est\u00e1n librando desde principios de a\u00f1o importantes batallas sociales: en respuesta a la reforma de las pensiones en Francia, y por la preservaci\u00f3n del sistema sanitario y los aumentos salariales en el Reino Unido -que ha vivido varias huelgas de proporciones hist\u00f3ricas desde enero-.<\/li>\n<\/ul>\n\n\n\n<p>Este acercamiento franco-brit\u00e1nico concierne tambi\u00e9n a la familia real, ya que el Rey Carlos III visitar\u00e1 Francia el 27 de marzo, pa\u00eds elegido para su primera visita oficial como Rey de Inglaterra.<\/p>\n","protected":false},"excerpt":{"rendered":"<p>El primer ministro Rishi Sunak se encuentra hoy en Par\u00eds para celebrar una cumbre franco-brit\u00e1nica, la primera desde 2018.<\/p>\n","protected":false},"author":1366,"featured_media":14707,"comment_status":"closed","ping_status":"closed","sticky":false,"template":"templates\/post-briefings.php","format":"standard","meta":{"_acf_changed":false,"_trash_the_other_posts":false,"_yoast_wpseo_estimated-reading-time-minutes":2,"footnotes":""},"categories":[6],"tags":[],"staff":[],"editorial_format":[],"serie":[],"audience":[],"geo":[177],"class_list":["post-14657","post","type-post","status-publish","format-standard","hentry","category-politica","geo-europa"],"acf":{"open_in_webview":false,"accent":false},"yoast_head":"<!-- This site is optimized with the Yoast SEO plugin v26.1.1 - https:\/\/yoast.com\/wordpress\/plugins\/seo\/ -->\n<title>\u00bfQu\u00e9 esperar de la cumbre franco-brit\u00e1nica que se abre en Par\u00eds? - El Grand Continent<\/title>\n<meta name=\"robots\" content=\"index, follow, max-snippet:-1, max-image-preview:large, max-video-preview:-1\" \/>\n<link rel=\"canonical\" href=\"https:\/\/legrandcontinent.eu\/es\/2023\/03\/10\/que-esperar-de-la-cumbre-franco-britanica-de-paris\/\" \/>\n<meta property=\"og:locale\" content=\"es_ES\" \/>\n<meta property=\"og:type\" content=\"article\" \/>\n<meta property=\"og:title\" content=\"\u00bfQu\u00e9 esperar de la cumbre franco-brit\u00e1nica que se abre en Par\u00eds? - El Grand Continent\" \/>\n<meta property=\"og:description\" content=\"El primer ministro Rishi Sunak se encuentra hoy en Par\u00eds para celebrar una cumbre franco-brit\u00e1nica, la primera desde 2018.\" \/>\n<meta property=\"og:url\" content=\"https:\/\/legrandcontinent.eu\/es\/2023\/03\/10\/que-esperar-de-la-cumbre-franco-britanica-de-paris\/\" \/>\n<meta property=\"og:site_name\" content=\"El Grand Continent\" \/>\n<meta property=\"article:published_time\" content=\"2023-03-10T05:35:00+00:00\" \/>\n<meta property=\"og:image\" content=\"https:\/\/legrandcontinent.eu\/es\/wp-content\/uploads\/sites\/6\/2023\/03\/gc-elfrancobritanico-scaled.jpg\" \/>\n\t<meta property=\"og:image:width\" content=\"2560\" \/>\n\t<meta property=\"og:image:height\" content=\"1440\" \/>\n\t<meta property=\"og:image:type\" content=\"image\/jpeg\" \/>\n<meta name=\"author\" content=\"florent\" \/>\n<meta name=\"twitter:card\" content=\"summary_large_image\" \/>\n<meta name=\"twitter:image\" content=\"https:\/\/legrandcontinent.eu\/es\/wp-content\/uploads\/sites\/6\/2023\/03\/gc-elfrancobritanico-scaled.jpg\" \/>\n<meta name=\"twitter:label1\" content=\"Escrito por\" \/>\n\t<meta name=\"twitter:data1\" content=\"florent\" \/>\n\t<meta name=\"twitter:label2\" content=\"Tiempo de lectura\" \/>\n\t<meta name=\"twitter:data2\" content=\"2 minutos\" \/>\n<script type=\"application\/ld+json\" class=\"yoast-schema-graph\">{\"@context\":\"https:\/\/schema.org\",\"@graph\":[{\"@type\":\"WebPage\",\"@id\":\"https:\/\/legrandcontinent.eu\/es\/2023\/03\/10\/que-esperar-de-la-cumbre-franco-britanica-de-paris\/\",\"url\":\"https:\/\/legrandcontinent.eu\/es\/2023\/03\/10\/que-esperar-de-la-cumbre-franco-britanica-de-paris\/\",\"name\":\"\u00bfQu\u00e9 esperar de la cumbre franco-brit\u00e1nica que se abre en Par\u00eds? - El Grand Continent\",\"isPartOf\":{\"@id\":\"https:\/\/legrandcontinent.eu\/es\/#website\"},\"primaryImageOfPage\":{\"@id\":\"https:\/\/legrandcontinent.eu\/es\/2023\/03\/10\/que-esperar-de-la-cumbre-franco-britanica-de-paris\/#primaryimage\"},\"image\":{\"@id\":\"https:\/\/legrandcontinent.eu\/es\/2023\/03\/10\/que-esperar-de-la-cumbre-franco-britanica-de-paris\/#primaryimage\"},\"thumbnailUrl\":\"https:\/\/legrandcontinent.eu\/es\/wp-content\/uploads\/sites\/6\/2023\/03\/SIPA_ap22744354_000002-scaled-1.jpg\",\"datePublished\":\"2023-03-10T05:35:00+00:00\",\"author\":{\"@id\":\"https:\/\/legrandcontinent.eu\/es\/#\/schema\/person\/cdd782c93d4a9eda86ab19a8c01cdf5c\"},\"breadcrumb\":{\"@id\":\"https:\/\/legrandcontinent.eu\/es\/2023\/03\/10\/que-esperar-de-la-cumbre-franco-britanica-de-paris\/#breadcrumb\"},\"inLanguage\":\"es\",\"potentialAction\":[{\"@type\":\"ReadAction\",\"target\":[\"https:\/\/legrandcontinent.eu\/es\/2023\/03\/10\/que-esperar-de-la-cumbre-franco-britanica-de-paris\/\"]}]},{\"@type\":\"ImageObject\",\"inLanguage\":\"es\",\"@id\":\"https:\/\/legrandcontinent.eu\/es\/2023\/03\/10\/que-esperar-de-la-cumbre-franco-britanica-de-paris\/#primaryimage\",\"url\":\"https:\/\/legrandcontinent.eu\/es\/wp-content\/uploads\/sites\/6\/2023\/03\/SIPA_ap22744354_000002-scaled-1.jpg\",\"contentUrl\":\"https:\/\/legrandcontinent.eu\/es\/wp-content\/uploads\/sites\/6\/2023\/03\/SIPA_ap22744354_000002-scaled-1.jpg\",\"width\":2560,\"height\":1705,\"caption\":\"FILE - Britain's Prime Minister Rishi Sunak right, reaches to shake hands with President of France Emmanuel Macron ahead of a bilateral meeting during the COP27 summit, in Sharm el-Sheikh, Egypt, Nov. 7, 2022. In his first month as Britain's prime minister, Rishi Sunak has stabilized the economy, reassured allies from Washington to Kyiv and even soothed the European Union after years of sparring between Britain and the bloc. But Sunak\u00e2&#x80;&#x99;s challenges are just beginning. He is facing a stagnating economy, a cost-of-living crisis \u00e2&#x80;&#x93; and a Conservative Party that is fractious and increasingly unpopular after 12 years in power. (Stefan Rousseau\/Pool Photo via AP, File)\/XPOL109\/22327698977268\/FILE POOL PHOTO\/2211250805\"},{\"@type\":\"BreadcrumbList\",\"@id\":\"https:\/\/legrandcontinent.eu\/es\/2023\/03\/10\/que-esperar-de-la-cumbre-franco-britanica-de-paris\/#breadcrumb\",\"itemListElement\":[{\"@type\":\"ListItem\",\"position\":1,\"name\":\"Home\",\"item\":\"https:\/\/legrandcontinent.eu\/es\/\"},{\"@type\":\"ListItem\",\"position\":2,\"name\":\"\u00bfQu\u00e9 esperar de la cumbre franco-brit\u00e1nica que se abre en Par\u00eds?\"}]},{\"@type\":\"WebSite\",\"@id\":\"https:\/\/legrandcontinent.eu\/es\/#website\",\"url\":\"https:\/\/legrandcontinent.eu\/es\/\",\"name\":\"El Grand Continent\",\"description\":\"La escala pertinente\",\"potentialAction\":[{\"@type\":\"SearchAction\",\"target\":{\"@type\":\"EntryPoint\",\"urlTemplate\":\"https:\/\/legrandcontinent.eu\/es\/?s={search_term_string}\"},\"query-input\":{\"@type\":\"PropertyValueSpecification\",\"valueRequired\":true,\"valueName\":\"search_term_string\"}}],\"inLanguage\":\"es\"},{\"@type\":\"Person\",\"@id\":\"https:\/\/legrandcontinent.eu\/es\/#\/schema\/person\/cdd782c93d4a9eda86ab19a8c01cdf5c\",\"name\":\"florent\",\"image\":{\"@type\":\"ImageObject\",\"inLanguage\":\"es\",\"@id\":\"https:\/\/legrandcontinent.eu\/es\/#\/schema\/person\/image\/\",\"url\":\"https:\/\/secure.gravatar.com\/avatar\/0d38d78c90602daf39b309035cdac6bc?s=96&d=mm&r=g\",\"contentUrl\":\"https:\/\/secure.gravatar.com\/avatar\/0d38d78c90602daf39b309035cdac6bc?s=96&d=mm&r=g\",\"caption\":\"florent\"}}]}<\/script>\n<!-- \/ Yoast SEO plugin. -->","yoast_head_json":{"title":"\u00bfQu\u00e9 esperar de la cumbre franco-brit\u00e1nica que se abre en Par\u00eds? - El Grand Continent","robots":{"index":"index","follow":"follow","max-snippet":"max-snippet:-1","max-image-preview":"max-image-preview:large","max-video-preview":"max-video-preview:-1"},"canonical":"https:\/\/legrandcontinent.eu\/es\/2023\/03\/10\/que-esperar-de-la-cumbre-franco-britanica-de-paris\/","og_locale":"es_ES","og_type":"article","og_title":"\u00bfQu\u00e9 esperar de la cumbre franco-brit\u00e1nica que se abre en Par\u00eds? - El Grand Continent","og_description":"El primer ministro Rishi Sunak se encuentra hoy en Par\u00eds para celebrar una cumbre franco-brit\u00e1nica, la primera desde 2018.","og_url":"https:\/\/legrandcontinent.eu\/es\/2023\/03\/10\/que-esperar-de-la-cumbre-franco-britanica-de-paris\/","og_site_name":"El Grand Continent","article_published_time":"2023-03-10T05:35:00+00:00","og_image":[{"width":2560,"height":1440,"url":"https:\/\/legrandcontinent.eu\/es\/wp-content\/uploads\/sites\/6\/2023\/03\/gc-elfrancobritanico-scaled.jpg","type":"image\/jpeg"}],"author":"florent","twitter_card":"summary_large_image","twitter_image":"https:\/\/legrandcontinent.eu\/es\/wp-content\/uploads\/sites\/6\/2023\/03\/gc-elfrancobritanico-scaled.jpg","twitter_misc":{"Escrito por":"florent","Tiempo de lectura":"2 minutos"},"schema":{"@context":"https:\/\/schema.org","@graph":[{"@type":"WebPage","@id":"https:\/\/legrandcontinent.eu\/es\/2023\/03\/10\/que-esperar-de-la-cumbre-franco-britanica-de-paris\/","url":"https:\/\/legrandcontinent.eu\/es\/2023\/03\/10\/que-esperar-de-la-cumbre-franco-britanica-de-paris\/","name":"\u00bfQu\u00e9 esperar de la cumbre franco-brit\u00e1nica que se abre en Par\u00eds? - El Grand Continent","isPartOf":{"@id":"https:\/\/legrandcontinent.eu\/es\/#website"},"primaryImageOfPage":{"@id":"https:\/\/legrandcontinent.eu\/es\/2023\/03\/10\/que-esperar-de-la-cumbre-franco-britanica-de-paris\/#primaryimage"},"image":{"@id":"https:\/\/legrandcontinent.eu\/es\/2023\/03\/10\/que-esperar-de-la-cumbre-franco-britanica-de-paris\/#primaryimage"},"thumbnailUrl":"https:\/\/legrandcontinent.eu\/es\/wp-content\/uploads\/sites\/6\/2023\/03\/SIPA_ap22744354_000002-scaled-1.jpg","datePublished":"2023-03-10T05:35:00+00:00","author":{"@id":"https:\/\/legrandcontinent.eu\/es\/#\/schema\/person\/cdd782c93d4a9eda86ab19a8c01cdf5c"},"breadcrumb":{"@id":"https:\/\/legrandcontinent.eu\/es\/2023\/03\/10\/que-esperar-de-la-cumbre-franco-britanica-de-paris\/#breadcrumb"},"inLanguage":"es","potentialAction":[{"@type":"ReadAction","target":["https:\/\/legrandcontinent.eu\/es\/2023\/03\/10\/que-esperar-de-la-cumbre-franco-britanica-de-paris\/"]}]},{"@type":"ImageObject","inLanguage":"es","@id":"https:\/\/legrandcontinent.eu\/es\/2023\/03\/10\/que-esperar-de-la-cumbre-franco-britanica-de-paris\/#primaryimage","url":"https:\/\/legrandcontinent.eu\/es\/wp-content\/uploads\/sites\/6\/2023\/03\/SIPA_ap22744354_000002-scaled-1.jpg","contentUrl":"https:\/\/legrandcontinent.eu\/es\/wp-content\/uploads\/sites\/6\/2023\/03\/SIPA_ap22744354_000002-scaled-1.jpg","width":2560,"height":1705,"caption":"FILE - Britain's Prime Minister Rishi Sunak right, reaches to shake hands with President of France Emmanuel Macron ahead of a bilateral meeting during the COP27 summit, in Sharm el-Sheikh, Egypt, Nov. 7, 2022. In his first month as Britain's prime minister, Rishi Sunak has stabilized the economy, reassured allies from Washington to Kyiv and even soothed the European Union after years of sparring between Britain and the bloc. But Sunak\u00e2&#x80;&#x99;s challenges are just beginning. He is facing a stagnating economy, a cost-of-living crisis \u00e2&#x80;&#x93; and a Conservative Party that is fractious and increasingly unpopular after 12 years in power. (Stefan Rousseau\/Pool Photo via AP, File)\/XPOL109\/22327698977268\/FILE POOL PHOTO\/2211250805"},{"@type":"BreadcrumbList","@id":"https:\/\/legrandcontinent.eu\/es\/2023\/03\/10\/que-esperar-de-la-cumbre-franco-britanica-de-paris\/#breadcrumb","itemListElement":[{"@type":"ListItem","position":1,"name":"Home","item":"https:\/\/legrandcontinent.eu\/es\/"},{"@type":"ListItem","position":2,"name":"\u00bfQu\u00e9 esperar de la cumbre franco-brit\u00e1nica que se abre en Par\u00eds?"}]},{"@type":"WebSite","@id":"https:\/\/legrandcontinent.eu\/es\/#website","url":"https:\/\/legrandcontinent.eu\/es\/","name":"El Grand Continent","description":"La escala pertinente","potentialAction":[{"@type":"SearchAction","target":{"@type":"EntryPoint","urlTemplate":"https:\/\/legrandcontinent.eu\/es\/?s={search_term_string}"},"query-input":{"@type":"PropertyValueSpecification","valueRequired":true,"valueName":"search_term_string"}}],"inLanguage":"es"},{"@type":"Person","@id":"https:\/\/legrandcontinent.eu\/es\/#\/schema\/person\/cdd782c93d4a9eda86ab19a8c01cdf5c","name":"florent","image":{"@type":"ImageObject","inLanguage":"es","@id":"https:\/\/legrandcontinent.eu\/es\/#\/schema\/person\/image\/","url":"https:\/\/secure.gravatar.com\/avatar\/0d38d78c90602daf39b309035cdac6bc?s=96&d=mm&r=g","contentUrl":"https:\/\/secure.gravatar.com\/avatar\/0d38d78c90602daf39b309035cdac6bc?s=96&d=mm&r=g","caption":"florent"}}]}},"lgc_categories":[{"id":6,"name":"Pol\u00edtica","slug":"politica"}],"lgc_author":null,"feature_image_summary":{"url":"https:\/\/legrandcontinent.eu\/es\/wp-content\/uploads\/sites\/6\/2023\/03\/SIPA_ap22744354_000002-scaled-1.jpg","width":2560,"height":1705,"alt":""},"feature_image_cover":null,"term_position_data":null,"_links":{"self":[{"href":"https:\/\/legrandcontinent.eu\/es\/wp-json\/wp\/v2\/posts\/14657","targetHints":{"allow":["GET"]}}],"collection":[{"href":"https:\/\/legrandcontinent.eu\/es\/wp-json\/wp\/v2\/posts"}],"about":[{"href":"https:\/\/legrandcontinent.eu\/es\/wp-json\/wp\/v2\/types\/post"}],"author":[{"embeddable":true,"href":"https:\/\/legrandcontinent.eu\/es\/wp-json\/wp\/v2\/users\/1366"}],"replies":[{"embeddable":true,"href":"https:\/\/legrandcontinent.eu\/es\/wp-json\/wp\/v2\/comments?post=14657"}],"version-history":[{"count":0,"href":"https:\/\/legrandcontinent.eu\/es\/wp-json\/wp\/v2\/posts\/14657\/revisions"}],"wp:featuredmedia":[{"embeddable":true,"href":"https:\/\/legrandcontinent.eu\/es\/wp-json\/wp\/v2\/media\/14707"}],"wp:attachment":[{"href":"https:\/\/legrandcontinent.eu\/es\/wp-json\/wp\/v2\/media?parent=14657"}],"wp:term":[{"taxonomy":"category","embeddable":true,"href":"https:\/\/legrandcontinent.eu\/es\/wp-json\/wp\/v2\/categories?post=14657"},{"taxonomy":"post_tag","embeddable":true,"href":"https:\/\/legrandcontinent.eu\/es\/wp-json\/wp\/v2\/tags?post=14657"},{"taxonomy":"staff","embeddable":true,"href":"https:\/\/legrandcontinent.eu\/es\/wp-json\/wp\/v2\/staff?post=14657"},{"taxonomy":"editorial_format","embeddable":true,"href":"https:\/\/legrandcontinent.eu\/es\/wp-json\/wp\/v2\/editorial_format?post=14657"},{"taxonomy":"serie","embeddable":true,"href":"https:\/\/legrandcontinent.eu\/es\/wp-json\/wp\/v2\/serie?post=14657"},{"taxonomy":"audience","embeddable":true,"href":"https:\/\/legrandcontinent.eu\/es\/wp-json\/wp\/v2\/audience?post=14657"},{"taxonomy":"geo","embeddable":true,"href":"https:\/\/legrandcontinent.eu\/es\/wp-json\/wp\/v2\/geo?post=14657"}],"curies":[{"name":"wp","href":"https:\/\/api.w.org\/{rel}","templated":true}]}}