{"id":14615,"date":"2023-03-08T06:58:00","date_gmt":"2023-03-08T06:58:00","guid":{"rendered":"https:\/\/legrandcontinent.eu\/es\/?p=14615"},"modified":"2023-03-08T18:08:55","modified_gmt":"2023-03-08T18:08:55","slug":"el-movimiento-5-estrellas-dispuesto-a-unirse-a-los-verdes-europeos","status":"publish","type":"post","link":"https:\/\/legrandcontinent.eu\/es\/2023\/03\/08\/el-movimiento-5-estrellas-dispuesto-a-unirse-a-los-verdes-europeos\/","title":{"rendered":"\u00bfEl Movimiento 5 Estrellas dispuesto a unirse a los Verdes europeos?"},"content":{"rendered":"\n<p>El Movimiento 5 Estrellas ha tenido dificultades para establecerse en Europa. Entre 2014 y 2019, adoptando una l\u00ednea euroesc\u00e9ptica, cercana a las posiciones de la Lega de Matteo Salvini, con quien hab\u00eda entrado en el Gobierno, el partido hab\u00eda llegado a un acuerdo con el UKIP de Nigel Farage para formar un grupo conjunto, lo que puso en peligro las alianzas en la actual legislatura. Las posturas pasadas y la influencia en la elaboraci\u00f3n de pol\u00edticas de Casaleggio Associati -una empresa privada acusada por otros eurodiputados de conflictos de intereses- llevaron al Movimiento 5 Estrellas al grupo de no adscritos a partir de 2019.<\/p>\n\n\n\n<ul class=\"wp-block-list\">\n<li>Tras la salida de Casaleggio Associati y la p\u00e9rdida de influencia de su fundador, Beppe Grillo, Giuseppe Conte, que asumi\u00f3 el liderazgo del Movimiento 5 Estrellas en febrero de 2021 modificando los estatutos, ha tratado de adoptar una l\u00ednea m\u00e1s claramente de izquierdas y acercarse a las posiciones de Los Verdes.<\/li>\n\n\n\n<li>Lleva meses trabajando para encontrar un nuevo grupo en Bruselas y ya se ha reunido con el bur\u00f3 verde. Fuentes cercanas al movimiento se muestran \u00aboptimistas\u00bb ante la reuni\u00f3n del mi\u00e9rcoles, aunque no se esperan resultados concretos: \u00abEs un nuevo paso para disipar las \u00faltimas dudas y concluir el acuerdo en los pr\u00f3ximos meses\u00bb, aseguran desde el partido italiano.<\/li>\n\n\n\n<li>Seg\u00fan Fabio Massimo Castaldo, eurodiputado del Movimiento 5 Estrellas, <a href=\"https:\/\/legrandcontinent.eu\/it\/2021\/11\/26\/unione-balcani-occidentali-un-futuro-comune-conversazione-con-fabio-massimo-castaldo\/\">al que ya hab\u00edamos entrevistado anteriormente,<\/a> \u00abnuestro deseo de unirnos a los Verdes es coherente con nuestro compromiso pol\u00edtico en Italia y en Europa, que siempre se ha caracterizado por un fuerte enfoque en las pol\u00edticas de transici\u00f3n y energ\u00eda\u00bb.<\/li>\n\n\n\n<li>Castaldo es muy transparente sobre la motivaci\u00f3n pr\u00e1ctica de este acuerdo, que permitir\u00eda al Movimiento 5 Estrellas \u00abobtener m\u00e1s herramientas para apoyar nuestras batallas y, sobre todo, contar con el apoyo de otros colegas europeos, que comparten nuestras luchas, y para los Verdes poder contar con una fuerza progresista y reformista en un pa\u00eds fundador donde actualmente no existe ning\u00fan partido Verde fuerte\u00bb.<\/li>\n\n\n\n<li>Seg\u00fan los \u00faltimos sondeos, el Movimiento 5 Estrellas cuenta con entre el 15 y el 17% de las intenciones de voto.<\/li>\n<\/ul>\n\n\n\n<div class=\"iframe-container wp-block-image wp-block-image-medium  iframe-dw\">\n\t<div>\n\t\t<iframe class=\"absolute w-full h-full pin-t pin-l\" title=\"titolo\" aria-label=\"Interactive line chart\" src=\"\/\/datawrapper.dwcdn.net\/v0GGx\/\" scrolling=\"no\" frameborder=\"0\"><\/iframe>\n\t<\/div>\n<\/div>\n\n\n\n<p>La prioridad del Movimiento 5 Estrellas es unirse al grupo de los Verdes \u00abantes de las pr\u00f3ximas elecciones europeas\u00bb, previstas para la primavera de 2024, para, seg\u00fan Castaldo, \u00abpoder poner en marcha una campa\u00f1a electoral com\u00fan, a escala europea\u00bb.<\/p>\n\n\n\n<ul class=\"wp-block-list\">\n<li>La composici\u00f3n del pr\u00f3ximo Parlamento Europeo tendr\u00e1 un gran impacto en la pol\u00edtica nacional italiana. La Presidenta del Consejo, Giorgia Meloni, lleva tiempo trabajando para crear un \u00abpuente\u00bb entre el Grupo Conservador Europeo, al que pertenece Fratelli d&#8217;Italia, y el Partido Popular Europeo. La figura de Roberta Metsola, Presidenta del Parlamento Europeo y miembro del PPE, es muy apreciada por Meloni, y podr\u00eda ser una Spitzenkandidat de s\u00edntesis entre las dos sensibilidades de la derecha europea.<\/li>\n\n\n\n<li>Fabio Massimo Castaldo tambi\u00e9n insiste en que la adhesi\u00f3n del Movimiento 5 Estrellas podr\u00eda dar a los Verdes \u00abuna dimensi\u00f3n mediterr\u00e1nea de la que carecen hoy\u00bb, debido a su escaso peso en los pa\u00edses del sur de Europa.<\/li>\n<\/ul>\n\n\n\n<div class=\"iframe-container wp-block-image wp-block-image-medium  iframe-dw\">\n\t<div>\n\t\t<iframe class=\"absolute w-full h-full pin-t pin-l\" title=\"titolo\" aria-label=\"Interactive line chart\" src=\"\/\/datawrapper.dwcdn.net\/MjmMc\/\" scrolling=\"no\" frameborder=\"0\"><\/iframe>\n\t<\/div>\n<\/div>\n\n\n\n<p>El Movimiento 5 Estrellas tambi\u00e9n tendr\u00e1 que encontrar la manera de coexistir con el Partido Dem\u00f3crata, cuyo centro de gravedad, tras la victoria de Elly Schlein en las primarias, se desplaza hacia la izquierda, a riesgo de competir con el posicionamiento construido en los \u00faltimos meses por Giuseppe Conte.<\/p>\n\n\n\n<div class=\"iframe-container wp-block-image wp-block-image-medium  iframe-dw\">\n\t<div>\n\t\t<iframe class=\"absolute w-full h-full pin-t pin-l\" title=\"titolo\" aria-label=\"Interactive line chart\" src=\"\/\/datawrapper.dwcdn.net\/A3GTx\/\" scrolling=\"no\" frameborder=\"0\"><\/iframe>\n\t<\/div>\n<\/div>\n\n\n\n<p>No cabe duda de que la batalla por el apoyo de los Verdes en Europa forma parte de este intento de redefinir la nueva l\u00ednea del PD.<\/p>\n","protected":false},"excerpt":{"rendered":"<p>El mi\u00e9rcoles, el l\u00edder del Movimiento 5 Estrellas, Giuseppe Conte, viajar\u00e1 a Bruselas para reunirse con los eurodiputados de los Verdes\/ALE y convencerles de que acepten la adhesi\u00f3n del movimiento a su grupo. La estrategia del antiguo Presidente del Consejo consiste en consolidarse como fuerza de izquierda en Europa, y as\u00ed seguir siendo competitivo frente al Partido Dem\u00f3crata, revitalizado tras la victoria de Elly Schlein en el congreso.<\/p>\n","protected":false},"author":1366,"featured_media":14631,"comment_status":"closed","ping_status":"closed","sticky":false,"template":"templates\/post-briefings.php","format":"standard","meta":{"_acf_changed":false,"_trash_the_other_posts":false,"_yoast_wpseo_estimated-reading-time-minutes":3,"footnotes":""},"categories":[6],"tags":[],"staff":[],"editorial_format":[],"serie":[],"audience":[],"geo":[177],"class_list":["post-14615","post","type-post","status-publish","format-standard","hentry","category-politica","geo-europa"],"acf":{"open_in_webview":false,"accent":false,"_thumbnail_id":14631,"excerpt":"El mi\u00e9rcoles, el l\u00edder del Movimiento 5 Estrellas, Giuseppe Conte, viajar\u00e1 a Bruselas para reunirse con los eurodiputados de los Verdes\/ALE y convencerles de que acepten la adhesi\u00f3n del movimiento a su grupo. La estrategia del antiguo Presidente del Consejo consiste en consolidarse como fuerza de izquierda en Europa, y as\u00ed seguir siendo competitivo frente al Partido Dem\u00f3crata, revitalizado tras la victoria de Elly Schlein en el congreso.","display_date":"","new_abstract":true},"yoast_head":"<!-- This site is optimized with the Yoast SEO plugin v26.1.1 - https:\/\/yoast.com\/wordpress\/plugins\/seo\/ -->\n<title>\u00bfEl Movimiento 5 Estrellas dispuesto a unirse a los Verdes europeos? - El Grand Continent<\/title>\n<meta name=\"robots\" content=\"index, follow, max-snippet:-1, max-image-preview:large, max-video-preview:-1\" \/>\n<link rel=\"canonical\" href=\"https:\/\/legrandcontinent.eu\/es\/2023\/03\/08\/el-movimiento-5-estrellas-dispuesto-a-unirse-a-los-verdes-europeos\/\" \/>\n<meta property=\"og:locale\" content=\"es_ES\" \/>\n<meta property=\"og:type\" content=\"article\" \/>\n<meta property=\"og:title\" content=\"\u00bfEl Movimiento 5 Estrellas dispuesto a unirse a los Verdes europeos? - El Grand Continent\" \/>\n<meta property=\"og:description\" content=\"El mi\u00e9rcoles, el l\u00edder del Movimiento 5 Estrellas, Giuseppe Conte, viajar\u00e1 a Bruselas para reunirse con los eurodiputados de los Verdes\/ALE y convencerles de que acepten la adhesi\u00f3n del movimiento a su grupo. La estrategia del antiguo Presidente del Consejo consiste en consolidarse como fuerza de izquierda en Europa, y as\u00ed seguir siendo competitivo frente al Partido Dem\u00f3crata, revitalizado tras la victoria de Elly Schlein en el congreso.\" \/>\n<meta property=\"og:url\" content=\"https:\/\/legrandcontinent.eu\/es\/2023\/03\/08\/el-movimiento-5-estrellas-dispuesto-a-unirse-a-los-verdes-europeos\/\" \/>\n<meta property=\"og:site_name\" content=\"El Grand Continent\" \/>\n<meta property=\"article:published_time\" content=\"2023-03-08T06:58:00+00:00\" \/>\n<meta property=\"article:modified_time\" content=\"2023-03-08T18:08:55+00:00\" \/>\n<meta property=\"og:image\" content=\"https:\/\/legrandcontinent.eu\/es\/wp-content\/uploads\/sites\/6\/2023\/03\/gc-elgiuseppeconte-scaled.jpg\" \/>\n\t<meta property=\"og:image:width\" content=\"2560\" \/>\n\t<meta property=\"og:image:height\" content=\"1440\" \/>\n\t<meta property=\"og:image:type\" content=\"image\/jpeg\" \/>\n<meta name=\"author\" content=\"florent\" \/>\n<meta name=\"twitter:card\" content=\"summary_large_image\" \/>\n<meta name=\"twitter:image\" content=\"https:\/\/legrandcontinent.eu\/es\/wp-content\/uploads\/sites\/6\/2023\/03\/gc-elgiuseppeconte-scaled.jpg\" \/>\n<meta name=\"twitter:label1\" content=\"Escrito por\" \/>\n\t<meta name=\"twitter:data1\" content=\"florent\" \/>\n\t<meta name=\"twitter:label2\" content=\"Tiempo de lectura\" \/>\n\t<meta name=\"twitter:data2\" content=\"3 minutos\" \/>\n<script type=\"application\/ld+json\" class=\"yoast-schema-graph\">{\"@context\":\"https:\/\/schema.org\",\"@graph\":[{\"@type\":\"WebPage\",\"@id\":\"https:\/\/legrandcontinent.eu\/es\/2023\/03\/08\/el-movimiento-5-estrellas-dispuesto-a-unirse-a-los-verdes-europeos\/\",\"url\":\"https:\/\/legrandcontinent.eu\/es\/2023\/03\/08\/el-movimiento-5-estrellas-dispuesto-a-unirse-a-los-verdes-europeos\/\",\"name\":\"\u00bfEl Movimiento 5 Estrellas dispuesto a unirse a los Verdes europeos? - El Grand Continent\",\"isPartOf\":{\"@id\":\"https:\/\/legrandcontinent.eu\/es\/#website\"},\"primaryImageOfPage\":{\"@id\":\"https:\/\/legrandcontinent.eu\/es\/2023\/03\/08\/el-movimiento-5-estrellas-dispuesto-a-unirse-a-los-verdes-europeos\/#primaryimage\"},\"image\":{\"@id\":\"https:\/\/legrandcontinent.eu\/es\/2023\/03\/08\/el-movimiento-5-estrellas-dispuesto-a-unirse-a-los-verdes-europeos\/#primaryimage\"},\"thumbnailUrl\":\"https:\/\/legrandcontinent.eu\/es\/wp-content\/uploads\/sites\/6\/2023\/03\/SIPA_shutterstock41051675_000021-scaled-1.jpg\",\"datePublished\":\"2023-03-08T06:58:00+00:00\",\"dateModified\":\"2023-03-08T18:08:55+00:00\",\"author\":{\"@id\":\"https:\/\/legrandcontinent.eu\/es\/#\/schema\/person\/cdd782c93d4a9eda86ab19a8c01cdf5c\"},\"breadcrumb\":{\"@id\":\"https:\/\/legrandcontinent.eu\/es\/2023\/03\/08\/el-movimiento-5-estrellas-dispuesto-a-unirse-a-los-verdes-europeos\/#breadcrumb\"},\"inLanguage\":\"es\",\"potentialAction\":[{\"@type\":\"ReadAction\",\"target\":[\"https:\/\/legrandcontinent.eu\/es\/2023\/03\/08\/el-movimiento-5-estrellas-dispuesto-a-unirse-a-los-verdes-europeos\/\"]}]},{\"@type\":\"ImageObject\",\"inLanguage\":\"es\",\"@id\":\"https:\/\/legrandcontinent.eu\/es\/2023\/03\/08\/el-movimiento-5-estrellas-dispuesto-a-unirse-a-los-verdes-europeos\/#primaryimage\",\"url\":\"https:\/\/legrandcontinent.eu\/es\/wp-content\/uploads\/sites\/6\/2023\/03\/SIPA_shutterstock41051675_000021-scaled-1.jpg\",\"contentUrl\":\"https:\/\/legrandcontinent.eu\/es\/wp-content\/uploads\/sites\/6\/2023\/03\/SIPA_shutterstock41051675_000021-scaled-1.jpg\",\"width\":2560,\"height\":1708,\"caption\":\"Mandatory Credit: Photo by Cecilia Fabiano\/LaPresse\/Shutterstock (13794921u) Rome, Italy -Politics -Lectio by Giuseppe Conte \\\"The foreign policy of the M5S\\\" in the context of the Master Full Time Corporate Communication, Lobbying &amp; Public Affairs of the 24Ore business school In the photo: Giuseppe Conte Rome, Lectio by Giuseppe Conte The Foreign Policy of the M5S, Italy - 06 Mar 2023\/shutterstock_editorial_Rome_Lectio_by_Giuseppe_Conte_13794921u\/\/2303061634\"},{\"@type\":\"BreadcrumbList\",\"@id\":\"https:\/\/legrandcontinent.eu\/es\/2023\/03\/08\/el-movimiento-5-estrellas-dispuesto-a-unirse-a-los-verdes-europeos\/#breadcrumb\",\"itemListElement\":[{\"@type\":\"ListItem\",\"position\":1,\"name\":\"Home\",\"item\":\"https:\/\/legrandcontinent.eu\/es\/\"},{\"@type\":\"ListItem\",\"position\":2,\"name\":\"\u00bfEl Movimiento 5 Estrellas dispuesto a unirse a los Verdes europeos?\"}]},{\"@type\":\"WebSite\",\"@id\":\"https:\/\/legrandcontinent.eu\/es\/#website\",\"url\":\"https:\/\/legrandcontinent.eu\/es\/\",\"name\":\"El Grand Continent\",\"description\":\"La escala pertinente\",\"potentialAction\":[{\"@type\":\"SearchAction\",\"target\":{\"@type\":\"EntryPoint\",\"urlTemplate\":\"https:\/\/legrandcontinent.eu\/es\/?s={search_term_string}\"},\"query-input\":{\"@type\":\"PropertyValueSpecification\",\"valueRequired\":true,\"valueName\":\"search_term_string\"}}],\"inLanguage\":\"es\"},{\"@type\":\"Person\",\"@id\":\"https:\/\/legrandcontinent.eu\/es\/#\/schema\/person\/cdd782c93d4a9eda86ab19a8c01cdf5c\",\"name\":\"florent\",\"image\":{\"@type\":\"ImageObject\",\"inLanguage\":\"es\",\"@id\":\"https:\/\/legrandcontinent.eu\/es\/#\/schema\/person\/image\/\",\"url\":\"https:\/\/secure.gravatar.com\/avatar\/0d38d78c90602daf39b309035cdac6bc?s=96&d=mm&r=g\",\"contentUrl\":\"https:\/\/secure.gravatar.com\/avatar\/0d38d78c90602daf39b309035cdac6bc?s=96&d=mm&r=g\",\"caption\":\"florent\"}}]}<\/script>\n<!-- \/ Yoast SEO plugin. -->","yoast_head_json":{"title":"\u00bfEl Movimiento 5 Estrellas dispuesto a unirse a los Verdes europeos? - El Grand Continent","robots":{"index":"index","follow":"follow","max-snippet":"max-snippet:-1","max-image-preview":"max-image-preview:large","max-video-preview":"max-video-preview:-1"},"canonical":"https:\/\/legrandcontinent.eu\/es\/2023\/03\/08\/el-movimiento-5-estrellas-dispuesto-a-unirse-a-los-verdes-europeos\/","og_locale":"es_ES","og_type":"article","og_title":"\u00bfEl Movimiento 5 Estrellas dispuesto a unirse a los Verdes europeos? - El Grand Continent","og_description":"El mi\u00e9rcoles, el l\u00edder del Movimiento 5 Estrellas, Giuseppe Conte, viajar\u00e1 a Bruselas para reunirse con los eurodiputados de los Verdes\/ALE y convencerles de que acepten la adhesi\u00f3n del movimiento a su grupo. La estrategia del antiguo Presidente del Consejo consiste en consolidarse como fuerza de izquierda en Europa, y as\u00ed seguir siendo competitivo frente al Partido Dem\u00f3crata, revitalizado tras la victoria de Elly Schlein en el congreso.","og_url":"https:\/\/legrandcontinent.eu\/es\/2023\/03\/08\/el-movimiento-5-estrellas-dispuesto-a-unirse-a-los-verdes-europeos\/","og_site_name":"El Grand Continent","article_published_time":"2023-03-08T06:58:00+00:00","article_modified_time":"2023-03-08T18:08:55+00:00","og_image":[{"width":2560,"height":1440,"url":"https:\/\/legrandcontinent.eu\/es\/wp-content\/uploads\/sites\/6\/2023\/03\/gc-elgiuseppeconte-scaled.jpg","type":"image\/jpeg"}],"author":"florent","twitter_card":"summary_large_image","twitter_image":"https:\/\/legrandcontinent.eu\/es\/wp-content\/uploads\/sites\/6\/2023\/03\/gc-elgiuseppeconte-scaled.jpg","twitter_misc":{"Escrito por":"florent","Tiempo de lectura":"3 minutos"},"schema":{"@context":"https:\/\/schema.org","@graph":[{"@type":"WebPage","@id":"https:\/\/legrandcontinent.eu\/es\/2023\/03\/08\/el-movimiento-5-estrellas-dispuesto-a-unirse-a-los-verdes-europeos\/","url":"https:\/\/legrandcontinent.eu\/es\/2023\/03\/08\/el-movimiento-5-estrellas-dispuesto-a-unirse-a-los-verdes-europeos\/","name":"\u00bfEl Movimiento 5 Estrellas dispuesto a unirse a los Verdes europeos? - El Grand Continent","isPartOf":{"@id":"https:\/\/legrandcontinent.eu\/es\/#website"},"primaryImageOfPage":{"@id":"https:\/\/legrandcontinent.eu\/es\/2023\/03\/08\/el-movimiento-5-estrellas-dispuesto-a-unirse-a-los-verdes-europeos\/#primaryimage"},"image":{"@id":"https:\/\/legrandcontinent.eu\/es\/2023\/03\/08\/el-movimiento-5-estrellas-dispuesto-a-unirse-a-los-verdes-europeos\/#primaryimage"},"thumbnailUrl":"https:\/\/legrandcontinent.eu\/es\/wp-content\/uploads\/sites\/6\/2023\/03\/SIPA_shutterstock41051675_000021-scaled-1.jpg","datePublished":"2023-03-08T06:58:00+00:00","dateModified":"2023-03-08T18:08:55+00:00","author":{"@id":"https:\/\/legrandcontinent.eu\/es\/#\/schema\/person\/cdd782c93d4a9eda86ab19a8c01cdf5c"},"breadcrumb":{"@id":"https:\/\/legrandcontinent.eu\/es\/2023\/03\/08\/el-movimiento-5-estrellas-dispuesto-a-unirse-a-los-verdes-europeos\/#breadcrumb"},"inLanguage":"es","potentialAction":[{"@type":"ReadAction","target":["https:\/\/legrandcontinent.eu\/es\/2023\/03\/08\/el-movimiento-5-estrellas-dispuesto-a-unirse-a-los-verdes-europeos\/"]}]},{"@type":"ImageObject","inLanguage":"es","@id":"https:\/\/legrandcontinent.eu\/es\/2023\/03\/08\/el-movimiento-5-estrellas-dispuesto-a-unirse-a-los-verdes-europeos\/#primaryimage","url":"https:\/\/legrandcontinent.eu\/es\/wp-content\/uploads\/sites\/6\/2023\/03\/SIPA_shutterstock41051675_000021-scaled-1.jpg","contentUrl":"https:\/\/legrandcontinent.eu\/es\/wp-content\/uploads\/sites\/6\/2023\/03\/SIPA_shutterstock41051675_000021-scaled-1.jpg","width":2560,"height":1708,"caption":"Mandatory Credit: Photo by Cecilia Fabiano\/LaPresse\/Shutterstock (13794921u) Rome, Italy -Politics -Lectio by Giuseppe Conte \"The foreign policy of the M5S\" in the context of the Master Full Time Corporate Communication, Lobbying &amp; Public Affairs of the 24Ore business school In the photo: Giuseppe Conte Rome, Lectio by Giuseppe Conte The Foreign Policy of the M5S, Italy - 06 Mar 2023\/shutterstock_editorial_Rome_Lectio_by_Giuseppe_Conte_13794921u\/\/2303061634"},{"@type":"BreadcrumbList","@id":"https:\/\/legrandcontinent.eu\/es\/2023\/03\/08\/el-movimiento-5-estrellas-dispuesto-a-unirse-a-los-verdes-europeos\/#breadcrumb","itemListElement":[{"@type":"ListItem","position":1,"name":"Home","item":"https:\/\/legrandcontinent.eu\/es\/"},{"@type":"ListItem","position":2,"name":"\u00bfEl Movimiento 5 Estrellas dispuesto a unirse a los Verdes europeos?"}]},{"@type":"WebSite","@id":"https:\/\/legrandcontinent.eu\/es\/#website","url":"https:\/\/legrandcontinent.eu\/es\/","name":"El Grand Continent","description":"La escala pertinente","potentialAction":[{"@type":"SearchAction","target":{"@type":"EntryPoint","urlTemplate":"https:\/\/legrandcontinent.eu\/es\/?s={search_term_string}"},"query-input":{"@type":"PropertyValueSpecification","valueRequired":true,"valueName":"search_term_string"}}],"inLanguage":"es"},{"@type":"Person","@id":"https:\/\/legrandcontinent.eu\/es\/#\/schema\/person\/cdd782c93d4a9eda86ab19a8c01cdf5c","name":"florent","image":{"@type":"ImageObject","inLanguage":"es","@id":"https:\/\/legrandcontinent.eu\/es\/#\/schema\/person\/image\/","url":"https:\/\/secure.gravatar.com\/avatar\/0d38d78c90602daf39b309035cdac6bc?s=96&d=mm&r=g","contentUrl":"https:\/\/secure.gravatar.com\/avatar\/0d38d78c90602daf39b309035cdac6bc?s=96&d=mm&r=g","caption":"florent"}}]}},"lgc_categories":[{"id":6,"name":"Pol\u00edtica","slug":"politica"}],"lgc_author":null,"feature_image_summary":{"url":"https:\/\/legrandcontinent.eu\/es\/wp-content\/uploads\/sites\/6\/2023\/03\/SIPA_shutterstock41051675_000021-scaled-1.jpg","width":2560,"height":1708,"alt":""},"feature_image_cover":null,"term_position_data":null,"_links":{"self":[{"href":"https:\/\/legrandcontinent.eu\/es\/wp-json\/wp\/v2\/posts\/14615","targetHints":{"allow":["GET"]}}],"collection":[{"href":"https:\/\/legrandcontinent.eu\/es\/wp-json\/wp\/v2\/posts"}],"about":[{"href":"https:\/\/legrandcontinent.eu\/es\/wp-json\/wp\/v2\/types\/post"}],"author":[{"embeddable":true,"href":"https:\/\/legrandcontinent.eu\/es\/wp-json\/wp\/v2\/users\/1366"}],"replies":[{"embeddable":true,"href":"https:\/\/legrandcontinent.eu\/es\/wp-json\/wp\/v2\/comments?post=14615"}],"version-history":[{"count":0,"href":"https:\/\/legrandcontinent.eu\/es\/wp-json\/wp\/v2\/posts\/14615\/revisions"}],"wp:featuredmedia":[{"embeddable":true,"href":"https:\/\/legrandcontinent.eu\/es\/wp-json\/wp\/v2\/media\/14631"}],"wp:attachment":[{"href":"https:\/\/legrandcontinent.eu\/es\/wp-json\/wp\/v2\/media?parent=14615"}],"wp:term":[{"taxonomy":"category","embeddable":true,"href":"https:\/\/legrandcontinent.eu\/es\/wp-json\/wp\/v2\/categories?post=14615"},{"taxonomy":"post_tag","embeddable":true,"href":"https:\/\/legrandcontinent.eu\/es\/wp-json\/wp\/v2\/tags?post=14615"},{"taxonomy":"staff","embeddable":true,"href":"https:\/\/legrandcontinent.eu\/es\/wp-json\/wp\/v2\/staff?post=14615"},{"taxonomy":"editorial_format","embeddable":true,"href":"https:\/\/legrandcontinent.eu\/es\/wp-json\/wp\/v2\/editorial_format?post=14615"},{"taxonomy":"serie","embeddable":true,"href":"https:\/\/legrandcontinent.eu\/es\/wp-json\/wp\/v2\/serie?post=14615"},{"taxonomy":"audience","embeddable":true,"href":"https:\/\/legrandcontinent.eu\/es\/wp-json\/wp\/v2\/audience?post=14615"},{"taxonomy":"geo","embeddable":true,"href":"https:\/\/legrandcontinent.eu\/es\/wp-json\/wp\/v2\/geo?post=14615"}],"curies":[{"name":"wp","href":"https:\/\/api.w.org\/{rel}","templated":true}]}}