{"id":13850,"date":"2023-02-12T15:46:00","date_gmt":"2023-02-12T15:46:00","guid":{"rendered":"https:\/\/legrandcontinent.eu\/es\/?p=13850"},"modified":"2023-02-13T23:27:39","modified_gmt":"2023-02-13T23:27:39","slug":"el-calentamiento-global-por-encima-de-15-c-podria-provocar-una-reaccion-en-cadena","status":"publish","type":"post","link":"https:\/\/legrandcontinent.eu\/es\/2023\/02\/12\/el-calentamiento-global-por-encima-de-15-c-podria-provocar-una-reaccion-en-cadena\/","title":{"rendered":"El calentamiento global por encima de 1,5 \u00b0C podr\u00eda provocar una reacci\u00f3n en cadena"},"content":{"rendered":"\n<p>Este informe de la OCDE&nbsp;<span class='whitespace-nowrap'><span id='easy-footnote-1-13850' class='easy-footnote-margin-adjust'><\/span><span class='easy-footnote'><a href='https:\/\/legrandcontinent.eu\/es\/2023\/02\/12\/el-calentamiento-global-por-encima-de-15-c-podria-provocar-una-reaccion-en-cadena\/#easy-footnote-bottom-1-13850' title='&lt;a href=&quot;https:\/\/www.oecd-ilibrary.org\/docserver\/abc5a69e-en.pdf?expires=1676023973&amp;amp;id=id&amp;amp;accname=guest&amp;amp;checksum=A844E70ECB80B3F8E1C6D5B43439C614&quot;&gt;Climate Tipping Points. Insights for Effective Policy Action&lt;\/a&gt;, OCDE, diciembre 2022.'><sup>1<\/sup><\/a><\/span><\/span> completa un campo de estudio abierto en 2008 por un documento pionero que identific\u00f3 por primera vez varios puntos de inflexi\u00f3n que pueden alcanzarse cuando se supera un umbral de temperatura, entre ellos el colapso de los casquetes polares y la desaparici\u00f3n de la circulaci\u00f3n meridional atl\u00e1ntica&nbsp;<span class='whitespace-nowrap'><span id='easy-footnote-2-13850' class='easy-footnote-margin-adjust'><\/span><span class='easy-footnote'><a href='https:\/\/legrandcontinent.eu\/es\/2023\/02\/12\/el-calentamiento-global-por-encima-de-15-c-podria-provocar-una-reaccion-en-cadena\/#easy-footnote-bottom-2-13850' title='Lenton, T. M., Held, H., Kriegler, E., Hall, J. W., Lucht, W., Rahmstorf, S., &amp;amp; Schellnhuber, H. J. (2008), \u00ab &lt;a href=&quot;https:\/\/www.pnas.org\/doi\/10.1073\/pnas.0705414105&quot;&gt;Tipping elements in the Earth\u2019s climate system&lt;\/a&gt; \u00bb, &lt;em&gt;Proceedings of the National Academy of Sciences&lt;\/em&gt;, &lt;em&gt;105&lt;\/em&gt;(6), 1786-1793.'><sup>2<\/sup><\/a><\/span><\/span>.<\/p>\n\n\n\n<ul class=\"wp-block-list\">\n<li>Un estudio publicado en Science el pasado mes de septiembre reevalu\u00f3 los puntos ya identificados&nbsp;<span class='whitespace-nowrap'><span id='easy-footnote-3-13850' class='easy-footnote-margin-adjust'><\/span><span class='easy-footnote'><a href='https:\/\/legrandcontinent.eu\/es\/2023\/02\/12\/el-calentamiento-global-por-encima-de-15-c-podria-provocar-una-reaccion-en-cadena\/#easy-footnote-bottom-3-13850' title='Armstrong McKay, David I., Staal, Arie, Abrams, Jesse F., &lt;em&gt;et al., &lt;\/em&gt;\u00ab &lt;a href=&quot;https:\/\/www.science.org\/doi\/10.1126\/science.abn7950&quot;&gt;Exceeding 1.5\u00b0 C global warming could trigger multiple climate tipping points&lt;\/a&gt; \u00bb, &lt;em&gt;Science&lt;\/em&gt;, 2022, vol. 377, n\u00b06611.'><sup>3<\/sup><\/a><\/span><\/span>. Seg\u00fan los autores, es posible que ya <a href=\"https:\/\/legrandcontinent.eu\/es\/2022\/09\/14\/un-calentamiento-superior-a-15oc-provocaria-puntos-de-inflexion-climaticos-desastrosos\/\">se hayan superado cinco puntos de inflexi\u00f3n<\/a> y es probable que se alcancen otros seis dentro del rango del Acuerdo de Par\u00eds de limitar el calentamiento global muy por debajo de 2 \u00b0C y preferiblemente 1,5 \u00b0C por encima de los niveles preindustriales.<\/li>\n\n\n\n<li>La temperatura media mundial ya ha aumentado 1,1 \u00b0C. El deshielo del permafrost en las regiones boreales y meridionales y la muerte de los corales en latitudes bajas ya son posibles.<\/li>\n<\/ul>\n\n\n\n<div class=\"iframe-container wp-block-image wp-block-image-medium  iframe-dw\">\n\t<div>\n\t\t<iframe class=\"absolute w-full h-full pin-t pin-l\" title=\"titolo\" aria-label=\"Interactive line chart\" src=\"\/\/datawrapper.dwcdn.net\/0YydK\/\" scrolling=\"no\" frameborder=\"0\"><\/iframe>\n\t<\/div>\n<\/div>\n\n\n\n<p>La din\u00e1mica entre los puntos de inflexi\u00f3n hace posibles reacciones en cadena, en las que se cruza un punto y se cruza otro.<\/p>\n\n\n\n<ul class=\"wp-block-list\">\n<li>El deshielo de los casquetes polares es el principal agente susceptible de iniciar otros cambios, en particular la desaparici\u00f3n de la circulaci\u00f3n meridional atl\u00e1ntica.<\/li>\n\n\n\n<li>Esto, a su vez, reducir\u00eda los ciclos monz\u00f3nicos de baja latitud y las precipitaciones en el hemisferio norte, produciendo sequ\u00edas y contribuyendo al descenso global de la temperatura en varios grados.<\/li>\n\n\n\n<li>Estos cambios reducir\u00edan significativamente los rendimientos agr\u00edcolas. Mientras que los cultivos de arroz ganar\u00edan tierras utilizables, los de ma\u00edz y trigo perder\u00edan m\u00e1s de la mitad de las suyas, poniendo en peligro la seguridad alimentaria mundial.<\/li>\n\n\n\n<li>La reducci\u00f3n de las precipitaciones en el Amazonas acabar\u00eda convirtiendo la regi\u00f3n en un \u00abecosistema de sabana\u00bb, comprometiendo su papel como sumidero de carbono.<\/li>\n<\/ul>\n\n\n\n<div class=\"iframe-container wp-block-image wp-block-image-medium  iframe-dw\">\n\t<div>\n\t\t<iframe class=\"absolute w-full h-full pin-t pin-l\" title=\"titolo\" aria-label=\"Interactive line chart\" src=\"\/\/datawrapper.dwcdn.net\/ijkVe\/\" scrolling=\"no\" frameborder=\"0\"><\/iframe>\n\t<\/div>\n<\/div>\n\n\n\n<p>El calentamiento global ya est\u00e1 afectando a la criosfera, es decir, a las capas de hielo, los glaciares y el permafrost.<\/p>\n\n\n\n<ul class=\"wp-block-list\">\n<li>Se calcula que, entre 1992 y 2020, la capa de hielo de Groenlandia habr\u00e1 perdido alrededor de 4.900 Gt de hielo, y que el deshielo se duplicar\u00e1 entre 2007 y 2016 en comparaci\u00f3n con el periodo 1997-2006. La p\u00e9rdida total de hielo de la capa de hielo de la Ant\u00e1rtida durante el mismo periodo se estima en unas 2700 Gt.<\/li>\n\n\n\n<li>Dado que el calentamiento de las capas de hielo es un proceso especialmente lento, su completa desintegraci\u00f3n es posible incluso si se detienen por completo las emisiones de gases de efecto invernadero (GEI).<\/li>\n\n\n\n<li>Incluso si el calentamiento se limita a 2 \u00b0C o 3 \u00b0C por encima de los niveles preindustriales, los casquetes polares podr\u00edan desaparecer de forma irreversible.<\/li>\n\n\n\n<li>Se calcula que la criosfera en su conjunto -y principalmente el deshielo de las capas de hielo de Groenlandia y la Ant\u00e1rtida- ha contribuido en un 45% a la subida del nivel del mar en el mundo desde principios de los a\u00f1os 1990.<\/li>\n<\/ul>\n\n\n\n<div class=\"iframe-container wp-block-image wp-block-image-medium  iframe-dw\">\n\t<div>\n\t\t<iframe class=\"absolute w-full h-full pin-t pin-l\" title=\"titolo\" aria-label=\"Interactive line chart\" src=\"\/\/datawrapper.dwcdn.net\/OmMEZ\/\" scrolling=\"no\" frameborder=\"0\"><\/iframe>\n\t<\/div>\n<\/div>\n\n\n\n<p>Los permafrost atrapan una cantidad considerable de gases de efecto invernadero, y su deshielo podr\u00eda poner en peligro el cumplimiento de los compromisos clim\u00e1ticos.<\/p>\n\n\n\n<ul class=\"wp-block-list\">\n<li>Se calcula que la cantidad total de carbono encerrado en la regi\u00f3n septentrional de permafrost ronda las 1.700 Gt, casi el doble de lo que hay actualmente almacenado en la atm\u00f3sfera.<\/li>\n\n\n\n<li>En comparaci\u00f3n, los presupuestos de carbono restantes para mantener el calentamiento por debajo de 1,5\u00b0C y 2\u00b0C son de 400 y 1150 Gt de CO\u2082 respectivamente.&nbsp;<\/li>\n<\/ul>\n\n\n\n<div class=\"iframe-container wp-block-image wp-block-image-medium  iframe-dw\">\n\t<div>\n\t\t<iframe class=\"absolute w-full h-full pin-t pin-l\" title=\"titolo\" aria-label=\"Interactive line chart\" src=\"\/\/datawrapper.dwcdn.net\/lS7Wc\/\" scrolling=\"no\" frameborder=\"0\"><\/iframe>\n\t<\/div>\n<\/div>\n\n\n\n<p>A escala mundial, las emisiones de GEI han seguido aumentando desde 1990 en todos los grandes sectores de la econom\u00eda. Adem\u00e1s, las trayectorias de emisiones acordes con las pol\u00edticas actuales no van por buen camino para cumplir los compromisos adquiridos, y conducir\u00edan a un aumento de la temperatura de unos 2,7 \u00b0C a finales de siglo.<\/p>\n","protected":false},"excerpt":{"rendered":"<p>Seg\u00fan un reciente informe de la OCDE, el calentamiento m\u00e1s all\u00e1 de los objetivos del Acuerdo de Par\u00eds podr\u00eda desencadenar varios cambios estructurales importantes e irreversibles. Estos \u00abpuntos de inflexi\u00f3n\u00bb pueden influirse mutuamente, provocando una reacci\u00f3n en cadena.<\/p>\n","protected":false},"author":1366,"featured_media":13881,"comment_status":"closed","ping_status":"closed","sticky":false,"template":"templates\/post-briefings.php","format":"standard","meta":{"_acf_changed":false,"_trash_the_other_posts":false,"_yoast_wpseo_estimated-reading-time-minutes":4,"footnotes":""},"categories":[98],"tags":[],"staff":[],"editorial_format":[],"serie":[],"audience":[],"geo":[198],"class_list":["post-13850","post","type-post","status-publish","format-standard","hentry","category-energia-y-medio-ambiente","geo-mundo"],"acf":{"open_in_webview":false,"accent":false,"_thumbnail_id":13881,"excerpt":"Seg\u00fan un reciente informe de la OCDE, el calentamiento m\u00e1s all\u00e1 de los objetivos del Acuerdo de Par\u00eds podr\u00eda desencadenar varios cambios estructurales importantes e irreversibles. Estos \"puntos de inflexi\u00f3n\" pueden influirse mutuamente, provocando una reacci\u00f3n en cadena.","display_date":"","new_abstract":true},"yoast_head":"<!-- This site is optimized with the Yoast SEO plugin v26.1.1 - https:\/\/yoast.com\/wordpress\/plugins\/seo\/ -->\n<title>El calentamiento global por encima de 1,5 \u00b0C podr\u00eda provocar una reacci\u00f3n en cadena - El Grand Continent<\/title>\n<meta name=\"robots\" content=\"index, follow, max-snippet:-1, max-image-preview:large, max-video-preview:-1\" \/>\n<link rel=\"canonical\" href=\"https:\/\/legrandcontinent.eu\/es\/2023\/02\/12\/el-calentamiento-global-por-encima-de-15-c-podria-provocar-una-reaccion-en-cadena\/\" \/>\n<meta property=\"og:locale\" content=\"es_ES\" \/>\n<meta property=\"og:type\" content=\"article\" \/>\n<meta property=\"og:title\" content=\"El calentamiento global por encima de 1,5 \u00b0C podr\u00eda provocar una reacci\u00f3n en cadena - El Grand Continent\" \/>\n<meta property=\"og:description\" content=\"Seg\u00fan un reciente informe de la OCDE, el calentamiento m\u00e1s all\u00e1 de los objetivos del Acuerdo de Par\u00eds podr\u00eda desencadenar varios cambios estructurales importantes e irreversibles. Estos &quot;puntos de inflexi\u00f3n&quot; pueden influirse mutuamente, provocando una reacci\u00f3n en cadena.\" \/>\n<meta property=\"og:url\" content=\"https:\/\/legrandcontinent.eu\/es\/2023\/02\/12\/el-calentamiento-global-por-encima-de-15-c-podria-provocar-una-reaccion-en-cadena\/\" \/>\n<meta property=\"og:site_name\" content=\"El Grand Continent\" \/>\n<meta property=\"article:published_time\" content=\"2023-02-12T15:46:00+00:00\" \/>\n<meta property=\"article:modified_time\" content=\"2023-02-13T23:27:39+00:00\" \/>\n<meta property=\"og:image\" content=\"https:\/\/legrandcontinent.eu\/es\/wp-content\/uploads\/sites\/6\/2023\/02\/gc-elaumentotemperatura-scaled.jpg\" \/>\n\t<meta property=\"og:image:width\" content=\"2560\" \/>\n\t<meta property=\"og:image:height\" content=\"1440\" \/>\n\t<meta property=\"og:image:type\" content=\"image\/jpeg\" \/>\n<meta name=\"author\" content=\"florent\" \/>\n<meta name=\"twitter:card\" content=\"summary_large_image\" \/>\n<meta name=\"twitter:image\" content=\"https:\/\/legrandcontinent.eu\/es\/wp-content\/uploads\/sites\/6\/2023\/02\/gc-elaumentotemperatura-scaled.jpg\" \/>\n<meta name=\"twitter:label1\" content=\"Escrito por\" \/>\n\t<meta name=\"twitter:data1\" content=\"florent\" \/>\n\t<meta name=\"twitter:label2\" content=\"Tiempo de lectura\" \/>\n\t<meta name=\"twitter:data2\" content=\"4 minutos\" \/>\n<script type=\"application\/ld+json\" class=\"yoast-schema-graph\">{\"@context\":\"https:\/\/schema.org\",\"@graph\":[{\"@type\":\"WebPage\",\"@id\":\"https:\/\/legrandcontinent.eu\/es\/2023\/02\/12\/el-calentamiento-global-por-encima-de-15-c-podria-provocar-una-reaccion-en-cadena\/\",\"url\":\"https:\/\/legrandcontinent.eu\/es\/2023\/02\/12\/el-calentamiento-global-por-encima-de-15-c-podria-provocar-una-reaccion-en-cadena\/\",\"name\":\"El calentamiento global por encima de 1,5 \u00b0C podr\u00eda provocar una reacci\u00f3n en cadena - El Grand Continent\",\"isPartOf\":{\"@id\":\"https:\/\/legrandcontinent.eu\/es\/#website\"},\"primaryImageOfPage\":{\"@id\":\"https:\/\/legrandcontinent.eu\/es\/2023\/02\/12\/el-calentamiento-global-por-encima-de-15-c-podria-provocar-una-reaccion-en-cadena\/#primaryimage\"},\"image\":{\"@id\":\"https:\/\/legrandcontinent.eu\/es\/2023\/02\/12\/el-calentamiento-global-por-encima-de-15-c-podria-provocar-una-reaccion-en-cadena\/#primaryimage\"},\"thumbnailUrl\":\"https:\/\/legrandcontinent.eu\/es\/wp-content\/uploads\/sites\/6\/2023\/02\/Capture-decran-2023-02-14-a-00.25.13.png\",\"datePublished\":\"2023-02-12T15:46:00+00:00\",\"dateModified\":\"2023-02-13T23:27:39+00:00\",\"author\":{\"@id\":\"https:\/\/legrandcontinent.eu\/es\/#\/schema\/person\/cdd782c93d4a9eda86ab19a8c01cdf5c\"},\"breadcrumb\":{\"@id\":\"https:\/\/legrandcontinent.eu\/es\/2023\/02\/12\/el-calentamiento-global-por-encima-de-15-c-podria-provocar-una-reaccion-en-cadena\/#breadcrumb\"},\"inLanguage\":\"es\",\"potentialAction\":[{\"@type\":\"ReadAction\",\"target\":[\"https:\/\/legrandcontinent.eu\/es\/2023\/02\/12\/el-calentamiento-global-por-encima-de-15-c-podria-provocar-una-reaccion-en-cadena\/\"]}]},{\"@type\":\"ImageObject\",\"inLanguage\":\"es\",\"@id\":\"https:\/\/legrandcontinent.eu\/es\/2023\/02\/12\/el-calentamiento-global-por-encima-de-15-c-podria-provocar-una-reaccion-en-cadena\/#primaryimage\",\"url\":\"https:\/\/legrandcontinent.eu\/es\/wp-content\/uploads\/sites\/6\/2023\/02\/Capture-decran-2023-02-14-a-00.25.13.png\",\"contentUrl\":\"https:\/\/legrandcontinent.eu\/es\/wp-content\/uploads\/sites\/6\/2023\/02\/Capture-decran-2023-02-14-a-00.25.13.png\",\"width\":1292,\"height\":768},{\"@type\":\"BreadcrumbList\",\"@id\":\"https:\/\/legrandcontinent.eu\/es\/2023\/02\/12\/el-calentamiento-global-por-encima-de-15-c-podria-provocar-una-reaccion-en-cadena\/#breadcrumb\",\"itemListElement\":[{\"@type\":\"ListItem\",\"position\":1,\"name\":\"Home\",\"item\":\"https:\/\/legrandcontinent.eu\/es\/\"},{\"@type\":\"ListItem\",\"position\":2,\"name\":\"El calentamiento global por encima de 1,5 \u00b0C podr\u00eda provocar una reacci\u00f3n en cadena\"}]},{\"@type\":\"WebSite\",\"@id\":\"https:\/\/legrandcontinent.eu\/es\/#website\",\"url\":\"https:\/\/legrandcontinent.eu\/es\/\",\"name\":\"El Grand Continent\",\"description\":\"La escala pertinente\",\"potentialAction\":[{\"@type\":\"SearchAction\",\"target\":{\"@type\":\"EntryPoint\",\"urlTemplate\":\"https:\/\/legrandcontinent.eu\/es\/?s={search_term_string}\"},\"query-input\":{\"@type\":\"PropertyValueSpecification\",\"valueRequired\":true,\"valueName\":\"search_term_string\"}}],\"inLanguage\":\"es\"},{\"@type\":\"Person\",\"@id\":\"https:\/\/legrandcontinent.eu\/es\/#\/schema\/person\/cdd782c93d4a9eda86ab19a8c01cdf5c\",\"name\":\"florent\",\"image\":{\"@type\":\"ImageObject\",\"inLanguage\":\"es\",\"@id\":\"https:\/\/legrandcontinent.eu\/es\/#\/schema\/person\/image\/\",\"url\":\"https:\/\/secure.gravatar.com\/avatar\/0d38d78c90602daf39b309035cdac6bc?s=96&d=mm&r=g\",\"contentUrl\":\"https:\/\/secure.gravatar.com\/avatar\/0d38d78c90602daf39b309035cdac6bc?s=96&d=mm&r=g\",\"caption\":\"florent\"}}]}<\/script>\n<!-- \/ Yoast SEO plugin. -->","yoast_head_json":{"title":"El calentamiento global por encima de 1,5 \u00b0C podr\u00eda provocar una reacci\u00f3n en cadena - El Grand Continent","robots":{"index":"index","follow":"follow","max-snippet":"max-snippet:-1","max-image-preview":"max-image-preview:large","max-video-preview":"max-video-preview:-1"},"canonical":"https:\/\/legrandcontinent.eu\/es\/2023\/02\/12\/el-calentamiento-global-por-encima-de-15-c-podria-provocar-una-reaccion-en-cadena\/","og_locale":"es_ES","og_type":"article","og_title":"El calentamiento global por encima de 1,5 \u00b0C podr\u00eda provocar una reacci\u00f3n en cadena - El Grand Continent","og_description":"Seg\u00fan un reciente informe de la OCDE, el calentamiento m\u00e1s all\u00e1 de los objetivos del Acuerdo de Par\u00eds podr\u00eda desencadenar varios cambios estructurales importantes e irreversibles. Estos \"puntos de inflexi\u00f3n\" pueden influirse mutuamente, provocando una reacci\u00f3n en cadena.","og_url":"https:\/\/legrandcontinent.eu\/es\/2023\/02\/12\/el-calentamiento-global-por-encima-de-15-c-podria-provocar-una-reaccion-en-cadena\/","og_site_name":"El Grand Continent","article_published_time":"2023-02-12T15:46:00+00:00","article_modified_time":"2023-02-13T23:27:39+00:00","og_image":[{"width":2560,"height":1440,"url":"https:\/\/legrandcontinent.eu\/es\/wp-content\/uploads\/sites\/6\/2023\/02\/gc-elaumentotemperatura-scaled.jpg","type":"image\/jpeg"}],"author":"florent","twitter_card":"summary_large_image","twitter_image":"https:\/\/legrandcontinent.eu\/es\/wp-content\/uploads\/sites\/6\/2023\/02\/gc-elaumentotemperatura-scaled.jpg","twitter_misc":{"Escrito por":"florent","Tiempo de lectura":"4 minutos"},"schema":{"@context":"https:\/\/schema.org","@graph":[{"@type":"WebPage","@id":"https:\/\/legrandcontinent.eu\/es\/2023\/02\/12\/el-calentamiento-global-por-encima-de-15-c-podria-provocar-una-reaccion-en-cadena\/","url":"https:\/\/legrandcontinent.eu\/es\/2023\/02\/12\/el-calentamiento-global-por-encima-de-15-c-podria-provocar-una-reaccion-en-cadena\/","name":"El calentamiento global por encima de 1,5 \u00b0C podr\u00eda provocar una reacci\u00f3n en cadena - El Grand Continent","isPartOf":{"@id":"https:\/\/legrandcontinent.eu\/es\/#website"},"primaryImageOfPage":{"@id":"https:\/\/legrandcontinent.eu\/es\/2023\/02\/12\/el-calentamiento-global-por-encima-de-15-c-podria-provocar-una-reaccion-en-cadena\/#primaryimage"},"image":{"@id":"https:\/\/legrandcontinent.eu\/es\/2023\/02\/12\/el-calentamiento-global-por-encima-de-15-c-podria-provocar-una-reaccion-en-cadena\/#primaryimage"},"thumbnailUrl":"https:\/\/legrandcontinent.eu\/es\/wp-content\/uploads\/sites\/6\/2023\/02\/Capture-decran-2023-02-14-a-00.25.13.png","datePublished":"2023-02-12T15:46:00+00:00","dateModified":"2023-02-13T23:27:39+00:00","author":{"@id":"https:\/\/legrandcontinent.eu\/es\/#\/schema\/person\/cdd782c93d4a9eda86ab19a8c01cdf5c"},"breadcrumb":{"@id":"https:\/\/legrandcontinent.eu\/es\/2023\/02\/12\/el-calentamiento-global-por-encima-de-15-c-podria-provocar-una-reaccion-en-cadena\/#breadcrumb"},"inLanguage":"es","potentialAction":[{"@type":"ReadAction","target":["https:\/\/legrandcontinent.eu\/es\/2023\/02\/12\/el-calentamiento-global-por-encima-de-15-c-podria-provocar-una-reaccion-en-cadena\/"]}]},{"@type":"ImageObject","inLanguage":"es","@id":"https:\/\/legrandcontinent.eu\/es\/2023\/02\/12\/el-calentamiento-global-por-encima-de-15-c-podria-provocar-una-reaccion-en-cadena\/#primaryimage","url":"https:\/\/legrandcontinent.eu\/es\/wp-content\/uploads\/sites\/6\/2023\/02\/Capture-decran-2023-02-14-a-00.25.13.png","contentUrl":"https:\/\/legrandcontinent.eu\/es\/wp-content\/uploads\/sites\/6\/2023\/02\/Capture-decran-2023-02-14-a-00.25.13.png","width":1292,"height":768},{"@type":"BreadcrumbList","@id":"https:\/\/legrandcontinent.eu\/es\/2023\/02\/12\/el-calentamiento-global-por-encima-de-15-c-podria-provocar-una-reaccion-en-cadena\/#breadcrumb","itemListElement":[{"@type":"ListItem","position":1,"name":"Home","item":"https:\/\/legrandcontinent.eu\/es\/"},{"@type":"ListItem","position":2,"name":"El calentamiento global por encima de 1,5 \u00b0C podr\u00eda provocar una reacci\u00f3n en cadena"}]},{"@type":"WebSite","@id":"https:\/\/legrandcontinent.eu\/es\/#website","url":"https:\/\/legrandcontinent.eu\/es\/","name":"El Grand Continent","description":"La escala pertinente","potentialAction":[{"@type":"SearchAction","target":{"@type":"EntryPoint","urlTemplate":"https:\/\/legrandcontinent.eu\/es\/?s={search_term_string}"},"query-input":{"@type":"PropertyValueSpecification","valueRequired":true,"valueName":"search_term_string"}}],"inLanguage":"es"},{"@type":"Person","@id":"https:\/\/legrandcontinent.eu\/es\/#\/schema\/person\/cdd782c93d4a9eda86ab19a8c01cdf5c","name":"florent","image":{"@type":"ImageObject","inLanguage":"es","@id":"https:\/\/legrandcontinent.eu\/es\/#\/schema\/person\/image\/","url":"https:\/\/secure.gravatar.com\/avatar\/0d38d78c90602daf39b309035cdac6bc?s=96&d=mm&r=g","contentUrl":"https:\/\/secure.gravatar.com\/avatar\/0d38d78c90602daf39b309035cdac6bc?s=96&d=mm&r=g","caption":"florent"}}]}},"lgc_categories":[{"id":98,"name":"Energ\u00eda y medio ambiente","slug":"energia-y-medio-ambiente"}],"lgc_author":null,"feature_image_summary":{"url":"https:\/\/legrandcontinent.eu\/es\/wp-content\/uploads\/sites\/6\/2023\/02\/Capture-decran-2023-02-14-a-00.25.13.png","width":1292,"height":768,"alt":""},"feature_image_cover":null,"term_position_data":null,"_links":{"self":[{"href":"https:\/\/legrandcontinent.eu\/es\/wp-json\/wp\/v2\/posts\/13850","targetHints":{"allow":["GET"]}}],"collection":[{"href":"https:\/\/legrandcontinent.eu\/es\/wp-json\/wp\/v2\/posts"}],"about":[{"href":"https:\/\/legrandcontinent.eu\/es\/wp-json\/wp\/v2\/types\/post"}],"author":[{"embeddable":true,"href":"https:\/\/legrandcontinent.eu\/es\/wp-json\/wp\/v2\/users\/1366"}],"replies":[{"embeddable":true,"href":"https:\/\/legrandcontinent.eu\/es\/wp-json\/wp\/v2\/comments?post=13850"}],"version-history":[{"count":0,"href":"https:\/\/legrandcontinent.eu\/es\/wp-json\/wp\/v2\/posts\/13850\/revisions"}],"wp:featuredmedia":[{"embeddable":true,"href":"https:\/\/legrandcontinent.eu\/es\/wp-json\/wp\/v2\/media\/13881"}],"wp:attachment":[{"href":"https:\/\/legrandcontinent.eu\/es\/wp-json\/wp\/v2\/media?parent=13850"}],"wp:term":[{"taxonomy":"category","embeddable":true,"href":"https:\/\/legrandcontinent.eu\/es\/wp-json\/wp\/v2\/categories?post=13850"},{"taxonomy":"post_tag","embeddable":true,"href":"https:\/\/legrandcontinent.eu\/es\/wp-json\/wp\/v2\/tags?post=13850"},{"taxonomy":"staff","embeddable":true,"href":"https:\/\/legrandcontinent.eu\/es\/wp-json\/wp\/v2\/staff?post=13850"},{"taxonomy":"editorial_format","embeddable":true,"href":"https:\/\/legrandcontinent.eu\/es\/wp-json\/wp\/v2\/editorial_format?post=13850"},{"taxonomy":"serie","embeddable":true,"href":"https:\/\/legrandcontinent.eu\/es\/wp-json\/wp\/v2\/serie?post=13850"},{"taxonomy":"audience","embeddable":true,"href":"https:\/\/legrandcontinent.eu\/es\/wp-json\/wp\/v2\/audience?post=13850"},{"taxonomy":"geo","embeddable":true,"href":"https:\/\/legrandcontinent.eu\/es\/wp-json\/wp\/v2\/geo?post=13850"}],"curies":[{"name":"wp","href":"https:\/\/api.w.org\/{rel}","templated":true}]}}