{"id":13786,"date":"2023-02-10T09:37:00","date_gmt":"2023-02-10T09:37:00","guid":{"rendered":"https:\/\/legrandcontinent.eu\/es\/?p=13786"},"modified":"2023-02-10T11:50:54","modified_gmt":"2023-02-10T11:50:54","slug":"ha-comenzado-la-ofensiva-rusa-en-la-region-de-luhansk","status":"publish","type":"post","link":"https:\/\/legrandcontinent.eu\/es\/2023\/02\/10\/ha-comenzado-la-ofensiva-rusa-en-la-region-de-luhansk\/","title":{"rendered":"\u00bfHa comenzado la ofensiva rusa en la regi\u00f3n de Luhansk?"},"content":{"rendered":"\n<p>Seg\u00fan los servicios de inteligencia ucranianos, el objetivo de Vlad\u00edmir Putin es hacerse con la totalidad de las provincias de Lugansk y Donetsk antes de marzo&nbsp;<span class='whitespace-nowrap'><span id='easy-footnote-1-13786' class='easy-footnote-margin-adjust'><\/span><span class='easy-footnote'><a href='https:\/\/legrandcontinent.eu\/es\/2023\/02\/10\/ha-comenzado-la-ofensiva-rusa-en-la-region-de-luhansk\/#easy-footnote-bottom-1-13786' title='\u00ab &lt;a href=&quot;https:\/\/www.kyivpost.com\/post\/11732&quot;&gt;\u2018Putin Has Ordered Troops to Seize Donetsk and Luhansk by March,\u2019 Ukrainian Intel Tells Kyiv Post&lt;\/a&gt; \u00bb, &lt;em&gt;Kyiv Post&lt;\/em&gt;, 1 de febrero 2023.'><sup>1<\/sup><\/a><\/span><\/span>. Aunque el <a href=\"https:\/\/legrandcontinent.eu\/es\/2023\/02\/01\/el-frente-de-la-guerra-lleva-dos-meses-casi-congelado\/\">frente de guerra lleva dos meses pr\u00e1cticamente paralizado <\/a>debido al clima invernal y al agotamiento humano y material, este objetivo implica un despliegue masivo de fuerzas que a\u00fan no parece haberse completado.<\/p>\n\n\n\n<div class=\"iframe-container wp-block-image wp-block-image-medium \">\n\t<div>\n\t\t<iframe class=\"absolute w-full h-full pin-t pin-l\" title=\"titolo\" aria-label=\"Interactive line chart\" src=\"\/\/flo.uri.sh\/visualisation\/12619781\/embed\" scrolling=\"no\" frameborder=\"0\"><\/iframe>\n\t<\/div>\n<\/div>\n\n\n\n<ul class=\"wp-block-list\">\n<li>Fuerzas de al menos tres grandes divisiones rusas (incluidos regimientos de las 144\u00aa y 3\u00aa Divisiones de Fusiles a Motor y un regimiento de la 90\u00aa Divisi\u00f3n de Tanques) se han ido enfrentando progresivamente desde la semana pasada en la l\u00ednea que va de Svatove a Kreminna&nbsp;<span class='whitespace-nowrap'><span id='easy-footnote-2-13786' class='easy-footnote-margin-adjust'><\/span><span class='easy-footnote'><a href='https:\/\/legrandcontinent.eu\/es\/2023\/02\/10\/ha-comenzado-la-ofensiva-rusa-en-la-region-de-luhansk\/#easy-footnote-bottom-2-13786' title='Karolina Hird, Riley Bailey, George Barros, Layne Philipson, Nicole Wolkov y Mason Clark, &lt;a href=&quot;https:\/\/understandingwar.org\/sites\/default\/files\/20230208%20Russian%20Offensive%20Campaign%20Assessment.pdf&quot;&gt;Russian Offensive Campaign Assessment&lt;\/a&gt;, 8 de febrero 2023.'><sup>2<\/sup><\/a><\/span><\/span>.<\/li>\n\n\n\n<li>Varios elementos, entre ellos la 2\u00aa Divisi\u00f3n de Fusiles Motorizados -desplegada en Luhansk Oblast el mes pasado, transferida desde Bielorrusia- siguen ausentes de este frente, lo que indica que el esfuerzo de acumulaci\u00f3n de fuerzas a\u00fan no ha concluido.<\/li>\n<\/ul>\n\n\n\n<div class=\"iframe-container wp-block-image wp-block-image-medium  iframe-dw\">\n\t<div>\n\t\t<iframe class=\"absolute w-full h-full pin-t pin-l\" title=\"titolo\" aria-label=\"Interactive line chart\" src=\"\/\/datawrapper.dwcdn.net\/O4lC6\/\" scrolling=\"no\" frameborder=\"0\"><\/iframe>\n\t<\/div>\n<\/div>\n\n\n\n<p>El calendario est\u00e1 limitado para los rusos por el tiempo. Mientras que las temperaturas bajo cero o casi bajo cero permiten a los veh\u00edculos blindados -necesarios para atravesar el sistema defensivo ucraniano- circular por las carreteras, el deshielo de las pr\u00f3ximas semanas convertir\u00e1 la parte oriental del pa\u00eds en un lodazal, lo que har\u00e1 que el terreno sea casi intransitable y se corra el riesgo de quedar empantanado.<\/p>\n\n\n\n<p>Las fuerzas rusas parecen tener una ventaja num\u00e9rica en el frente Svatove-Kreminna.<\/p>\n\n\n\n<ul class=\"wp-block-list\">\n<li>Los \u00faltimos ataques s\u00f3lo han provocado avances marginales, lo que indica que las defensas ucranianas resisten a pesar de los repetidos asaltos.<\/li>\n\n\n\n<li>Las amenazas planteadas en los otros frentes (activos e inactivos) del conflicto -m\u00e1s al este, en la frontera septentrional con Bielorrusia, en Zaporijja y Bakhmut- han provocado, sin embargo, una considerable dispersi\u00f3n de las fuerzas ucranianas.<\/li>\n<\/ul>\n\n\n\n<div class=\"iframe-container wp-block-image wp-block-image-medium  iframe-dw\">\n\t<div>\n\t\t<iframe class=\"absolute w-full h-full pin-t pin-l\" title=\"titolo\" aria-label=\"Interactive line chart\" src=\"\/\/datawrapper.dwcdn.net\/Xywgw\/\" scrolling=\"no\" frameborder=\"0\"><\/iframe>\n\t<\/div>\n<\/div>\n\n\n\n<p>Las pr\u00f3ximas semanas ser\u00e1n decisivas para la ofensiva rusa en la provincia de Luhansk. Sin embargo, un avance en este frente no garantizar\u00eda la toma de todo el \u00f3blast -y mucho menos de Donetsk y Luhansk- en pocas semanas, sobre todo porque un avance r\u00e1pido de varias decenas de kil\u00f3metros en la regi\u00f3n de Donetsk provocar\u00eda problemas log\u00edsticos de suministro y comunicaci\u00f3n.<\/p>\n","protected":false},"excerpt":{"rendered":"<p>Desde la semana pasada, se ha intensificado el ritmo de las operaciones rusas en torno a Svatove y Kreminna, en el este de Ucrania. Sin embargo, una gran ofensiva rusa en la regi\u00f3n de Luhansk depende de las condiciones meteorol\u00f3gicas, ya que el inminente deshielo dificulta la capacidad de maniobra.<\/p>\n","protected":false},"author":1366,"featured_media":13790,"comment_status":"closed","ping_status":"closed","sticky":false,"template":"templates\/post-briefings.php","format":"standard","meta":{"_acf_changed":false,"_trash_the_other_posts":false,"_yoast_wpseo_estimated-reading-time-minutes":2,"footnotes":""},"categories":[216],"tags":[],"staff":[],"editorial_format":[],"serie":[],"audience":[],"geo":[177],"class_list":["post-13786","post","type-post","status-publish","format-standard","hentry","category-la-guerra-en-ucrania-dia-a-dia","geo-europa"],"acf":{"open_in_webview":false,"accent":false},"yoast_head":"<!-- This site is optimized with the Yoast SEO plugin v26.1.1 - https:\/\/yoast.com\/wordpress\/plugins\/seo\/ -->\n<title>\u00bfHa comenzado la ofensiva rusa en la regi\u00f3n de Luhansk? - El Grand Continent<\/title>\n<meta name=\"robots\" content=\"index, follow, max-snippet:-1, max-image-preview:large, max-video-preview:-1\" \/>\n<link rel=\"canonical\" href=\"https:\/\/legrandcontinent.eu\/es\/2023\/02\/10\/ha-comenzado-la-ofensiva-rusa-en-la-region-de-luhansk\/\" \/>\n<meta property=\"og:locale\" content=\"es_ES\" \/>\n<meta property=\"og:type\" content=\"article\" \/>\n<meta property=\"og:title\" content=\"\u00bfHa comenzado la ofensiva rusa en la regi\u00f3n de Luhansk? - El Grand Continent\" \/>\n<meta property=\"og:description\" content=\"Desde la semana pasada, se ha intensificado el ritmo de las operaciones rusas en torno a Svatove y Kreminna, en el este de Ucrania. Sin embargo, una gran ofensiva rusa en la regi\u00f3n de Luhansk depende de las condiciones meteorol\u00f3gicas, ya que el inminente deshielo dificulta la capacidad de maniobra.\" \/>\n<meta property=\"og:url\" content=\"https:\/\/legrandcontinent.eu\/es\/2023\/02\/10\/ha-comenzado-la-ofensiva-rusa-en-la-region-de-luhansk\/\" \/>\n<meta property=\"og:site_name\" content=\"El Grand Continent\" \/>\n<meta property=\"article:published_time\" content=\"2023-02-10T09:37:00+00:00\" \/>\n<meta property=\"article:modified_time\" content=\"2023-02-10T11:50:54+00:00\" \/>\n<meta property=\"og:image\" content=\"https:\/\/legrandcontinent.eu\/es\/wp-content\/uploads\/sites\/6\/2023\/02\/gc-elataqueruso-scaled.jpg\" \/>\n\t<meta property=\"og:image:width\" content=\"2560\" \/>\n\t<meta property=\"og:image:height\" content=\"1440\" \/>\n\t<meta property=\"og:image:type\" content=\"image\/jpeg\" \/>\n<meta name=\"author\" content=\"florent\" \/>\n<meta name=\"twitter:card\" content=\"summary_large_image\" \/>\n<meta name=\"twitter:image\" content=\"https:\/\/legrandcontinent.eu\/es\/wp-content\/uploads\/sites\/6\/2023\/02\/gc-elataqueruso-scaled.jpg\" \/>\n<meta name=\"twitter:label1\" content=\"Escrito por\" \/>\n\t<meta name=\"twitter:data1\" content=\"florent\" \/>\n\t<meta name=\"twitter:label2\" content=\"Tiempo de lectura\" \/>\n\t<meta name=\"twitter:data2\" content=\"2 minutos\" \/>\n<script type=\"application\/ld+json\" class=\"yoast-schema-graph\">{\"@context\":\"https:\/\/schema.org\",\"@graph\":[{\"@type\":\"WebPage\",\"@id\":\"https:\/\/legrandcontinent.eu\/es\/2023\/02\/10\/ha-comenzado-la-ofensiva-rusa-en-la-region-de-luhansk\/\",\"url\":\"https:\/\/legrandcontinent.eu\/es\/2023\/02\/10\/ha-comenzado-la-ofensiva-rusa-en-la-region-de-luhansk\/\",\"name\":\"\u00bfHa comenzado la ofensiva rusa en la regi\u00f3n de Luhansk? - El Grand Continent\",\"isPartOf\":{\"@id\":\"https:\/\/legrandcontinent.eu\/es\/#website\"},\"primaryImageOfPage\":{\"@id\":\"https:\/\/legrandcontinent.eu\/es\/2023\/02\/10\/ha-comenzado-la-ofensiva-rusa-en-la-region-de-luhansk\/#primaryimage\"},\"image\":{\"@id\":\"https:\/\/legrandcontinent.eu\/es\/2023\/02\/10\/ha-comenzado-la-ofensiva-rusa-en-la-region-de-luhansk\/#primaryimage\"},\"thumbnailUrl\":\"https:\/\/legrandcontinent.eu\/es\/wp-content\/uploads\/sites\/6\/2023\/02\/Capture-decran-2023-02-10-a-12.44.40.png\",\"datePublished\":\"2023-02-10T09:37:00+00:00\",\"dateModified\":\"2023-02-10T11:50:54+00:00\",\"author\":{\"@id\":\"https:\/\/legrandcontinent.eu\/es\/#\/schema\/person\/cdd782c93d4a9eda86ab19a8c01cdf5c\"},\"breadcrumb\":{\"@id\":\"https:\/\/legrandcontinent.eu\/es\/2023\/02\/10\/ha-comenzado-la-ofensiva-rusa-en-la-region-de-luhansk\/#breadcrumb\"},\"inLanguage\":\"es\",\"potentialAction\":[{\"@type\":\"ReadAction\",\"target\":[\"https:\/\/legrandcontinent.eu\/es\/2023\/02\/10\/ha-comenzado-la-ofensiva-rusa-en-la-region-de-luhansk\/\"]}]},{\"@type\":\"ImageObject\",\"inLanguage\":\"es\",\"@id\":\"https:\/\/legrandcontinent.eu\/es\/2023\/02\/10\/ha-comenzado-la-ofensiva-rusa-en-la-region-de-luhansk\/#primaryimage\",\"url\":\"https:\/\/legrandcontinent.eu\/es\/wp-content\/uploads\/sites\/6\/2023\/02\/Capture-decran-2023-02-10-a-12.44.40.png\",\"contentUrl\":\"https:\/\/legrandcontinent.eu\/es\/wp-content\/uploads\/sites\/6\/2023\/02\/Capture-decran-2023-02-10-a-12.44.40.png\",\"width\":1900,\"height\":1158},{\"@type\":\"BreadcrumbList\",\"@id\":\"https:\/\/legrandcontinent.eu\/es\/2023\/02\/10\/ha-comenzado-la-ofensiva-rusa-en-la-region-de-luhansk\/#breadcrumb\",\"itemListElement\":[{\"@type\":\"ListItem\",\"position\":1,\"name\":\"Home\",\"item\":\"https:\/\/legrandcontinent.eu\/es\/\"},{\"@type\":\"ListItem\",\"position\":2,\"name\":\"\u00bfHa comenzado la ofensiva rusa en la regi\u00f3n de Luhansk?\"}]},{\"@type\":\"WebSite\",\"@id\":\"https:\/\/legrandcontinent.eu\/es\/#website\",\"url\":\"https:\/\/legrandcontinent.eu\/es\/\",\"name\":\"El Grand Continent\",\"description\":\"La escala pertinente\",\"potentialAction\":[{\"@type\":\"SearchAction\",\"target\":{\"@type\":\"EntryPoint\",\"urlTemplate\":\"https:\/\/legrandcontinent.eu\/es\/?s={search_term_string}\"},\"query-input\":{\"@type\":\"PropertyValueSpecification\",\"valueRequired\":true,\"valueName\":\"search_term_string\"}}],\"inLanguage\":\"es\"},{\"@type\":\"Person\",\"@id\":\"https:\/\/legrandcontinent.eu\/es\/#\/schema\/person\/cdd782c93d4a9eda86ab19a8c01cdf5c\",\"name\":\"florent\",\"image\":{\"@type\":\"ImageObject\",\"inLanguage\":\"es\",\"@id\":\"https:\/\/legrandcontinent.eu\/es\/#\/schema\/person\/image\/\",\"url\":\"https:\/\/secure.gravatar.com\/avatar\/0d38d78c90602daf39b309035cdac6bc?s=96&d=mm&r=g\",\"contentUrl\":\"https:\/\/secure.gravatar.com\/avatar\/0d38d78c90602daf39b309035cdac6bc?s=96&d=mm&r=g\",\"caption\":\"florent\"}}]}<\/script>\n<!-- \/ Yoast SEO plugin. -->","yoast_head_json":{"title":"\u00bfHa comenzado la ofensiva rusa en la regi\u00f3n de Luhansk? - El Grand Continent","robots":{"index":"index","follow":"follow","max-snippet":"max-snippet:-1","max-image-preview":"max-image-preview:large","max-video-preview":"max-video-preview:-1"},"canonical":"https:\/\/legrandcontinent.eu\/es\/2023\/02\/10\/ha-comenzado-la-ofensiva-rusa-en-la-region-de-luhansk\/","og_locale":"es_ES","og_type":"article","og_title":"\u00bfHa comenzado la ofensiva rusa en la regi\u00f3n de Luhansk? - El Grand Continent","og_description":"Desde la semana pasada, se ha intensificado el ritmo de las operaciones rusas en torno a Svatove y Kreminna, en el este de Ucrania. Sin embargo, una gran ofensiva rusa en la regi\u00f3n de Luhansk depende de las condiciones meteorol\u00f3gicas, ya que el inminente deshielo dificulta la capacidad de maniobra.","og_url":"https:\/\/legrandcontinent.eu\/es\/2023\/02\/10\/ha-comenzado-la-ofensiva-rusa-en-la-region-de-luhansk\/","og_site_name":"El Grand Continent","article_published_time":"2023-02-10T09:37:00+00:00","article_modified_time":"2023-02-10T11:50:54+00:00","og_image":[{"width":2560,"height":1440,"url":"https:\/\/legrandcontinent.eu\/es\/wp-content\/uploads\/sites\/6\/2023\/02\/gc-elataqueruso-scaled.jpg","type":"image\/jpeg"}],"author":"florent","twitter_card":"summary_large_image","twitter_image":"https:\/\/legrandcontinent.eu\/es\/wp-content\/uploads\/sites\/6\/2023\/02\/gc-elataqueruso-scaled.jpg","twitter_misc":{"Escrito por":"florent","Tiempo de lectura":"2 minutos"},"schema":{"@context":"https:\/\/schema.org","@graph":[{"@type":"WebPage","@id":"https:\/\/legrandcontinent.eu\/es\/2023\/02\/10\/ha-comenzado-la-ofensiva-rusa-en-la-region-de-luhansk\/","url":"https:\/\/legrandcontinent.eu\/es\/2023\/02\/10\/ha-comenzado-la-ofensiva-rusa-en-la-region-de-luhansk\/","name":"\u00bfHa comenzado la ofensiva rusa en la regi\u00f3n de Luhansk? - El Grand Continent","isPartOf":{"@id":"https:\/\/legrandcontinent.eu\/es\/#website"},"primaryImageOfPage":{"@id":"https:\/\/legrandcontinent.eu\/es\/2023\/02\/10\/ha-comenzado-la-ofensiva-rusa-en-la-region-de-luhansk\/#primaryimage"},"image":{"@id":"https:\/\/legrandcontinent.eu\/es\/2023\/02\/10\/ha-comenzado-la-ofensiva-rusa-en-la-region-de-luhansk\/#primaryimage"},"thumbnailUrl":"https:\/\/legrandcontinent.eu\/es\/wp-content\/uploads\/sites\/6\/2023\/02\/Capture-decran-2023-02-10-a-12.44.40.png","datePublished":"2023-02-10T09:37:00+00:00","dateModified":"2023-02-10T11:50:54+00:00","author":{"@id":"https:\/\/legrandcontinent.eu\/es\/#\/schema\/person\/cdd782c93d4a9eda86ab19a8c01cdf5c"},"breadcrumb":{"@id":"https:\/\/legrandcontinent.eu\/es\/2023\/02\/10\/ha-comenzado-la-ofensiva-rusa-en-la-region-de-luhansk\/#breadcrumb"},"inLanguage":"es","potentialAction":[{"@type":"ReadAction","target":["https:\/\/legrandcontinent.eu\/es\/2023\/02\/10\/ha-comenzado-la-ofensiva-rusa-en-la-region-de-luhansk\/"]}]},{"@type":"ImageObject","inLanguage":"es","@id":"https:\/\/legrandcontinent.eu\/es\/2023\/02\/10\/ha-comenzado-la-ofensiva-rusa-en-la-region-de-luhansk\/#primaryimage","url":"https:\/\/legrandcontinent.eu\/es\/wp-content\/uploads\/sites\/6\/2023\/02\/Capture-decran-2023-02-10-a-12.44.40.png","contentUrl":"https:\/\/legrandcontinent.eu\/es\/wp-content\/uploads\/sites\/6\/2023\/02\/Capture-decran-2023-02-10-a-12.44.40.png","width":1900,"height":1158},{"@type":"BreadcrumbList","@id":"https:\/\/legrandcontinent.eu\/es\/2023\/02\/10\/ha-comenzado-la-ofensiva-rusa-en-la-region-de-luhansk\/#breadcrumb","itemListElement":[{"@type":"ListItem","position":1,"name":"Home","item":"https:\/\/legrandcontinent.eu\/es\/"},{"@type":"ListItem","position":2,"name":"\u00bfHa comenzado la ofensiva rusa en la regi\u00f3n de Luhansk?"}]},{"@type":"WebSite","@id":"https:\/\/legrandcontinent.eu\/es\/#website","url":"https:\/\/legrandcontinent.eu\/es\/","name":"El Grand Continent","description":"La escala pertinente","potentialAction":[{"@type":"SearchAction","target":{"@type":"EntryPoint","urlTemplate":"https:\/\/legrandcontinent.eu\/es\/?s={search_term_string}"},"query-input":{"@type":"PropertyValueSpecification","valueRequired":true,"valueName":"search_term_string"}}],"inLanguage":"es"},{"@type":"Person","@id":"https:\/\/legrandcontinent.eu\/es\/#\/schema\/person\/cdd782c93d4a9eda86ab19a8c01cdf5c","name":"florent","image":{"@type":"ImageObject","inLanguage":"es","@id":"https:\/\/legrandcontinent.eu\/es\/#\/schema\/person\/image\/","url":"https:\/\/secure.gravatar.com\/avatar\/0d38d78c90602daf39b309035cdac6bc?s=96&d=mm&r=g","contentUrl":"https:\/\/secure.gravatar.com\/avatar\/0d38d78c90602daf39b309035cdac6bc?s=96&d=mm&r=g","caption":"florent"}}]}},"lgc_categories":[{"id":216,"name":"La guerra en Ucrania d\u00eda a d\u00eda","slug":"la-guerra-en-ucrania-dia-a-dia"}],"lgc_author":null,"feature_image_summary":{"url":"https:\/\/legrandcontinent.eu\/es\/wp-content\/uploads\/sites\/6\/2023\/02\/Capture-decran-2023-02-10-a-12.44.40.png","width":1900,"height":1158,"alt":""},"feature_image_cover":null,"term_position_data":null,"_links":{"self":[{"href":"https:\/\/legrandcontinent.eu\/es\/wp-json\/wp\/v2\/posts\/13786","targetHints":{"allow":["GET"]}}],"collection":[{"href":"https:\/\/legrandcontinent.eu\/es\/wp-json\/wp\/v2\/posts"}],"about":[{"href":"https:\/\/legrandcontinent.eu\/es\/wp-json\/wp\/v2\/types\/post"}],"author":[{"embeddable":true,"href":"https:\/\/legrandcontinent.eu\/es\/wp-json\/wp\/v2\/users\/1366"}],"replies":[{"embeddable":true,"href":"https:\/\/legrandcontinent.eu\/es\/wp-json\/wp\/v2\/comments?post=13786"}],"version-history":[{"count":0,"href":"https:\/\/legrandcontinent.eu\/es\/wp-json\/wp\/v2\/posts\/13786\/revisions"}],"wp:featuredmedia":[{"embeddable":true,"href":"https:\/\/legrandcontinent.eu\/es\/wp-json\/wp\/v2\/media\/13790"}],"wp:attachment":[{"href":"https:\/\/legrandcontinent.eu\/es\/wp-json\/wp\/v2\/media?parent=13786"}],"wp:term":[{"taxonomy":"category","embeddable":true,"href":"https:\/\/legrandcontinent.eu\/es\/wp-json\/wp\/v2\/categories?post=13786"},{"taxonomy":"post_tag","embeddable":true,"href":"https:\/\/legrandcontinent.eu\/es\/wp-json\/wp\/v2\/tags?post=13786"},{"taxonomy":"staff","embeddable":true,"href":"https:\/\/legrandcontinent.eu\/es\/wp-json\/wp\/v2\/staff?post=13786"},{"taxonomy":"editorial_format","embeddable":true,"href":"https:\/\/legrandcontinent.eu\/es\/wp-json\/wp\/v2\/editorial_format?post=13786"},{"taxonomy":"serie","embeddable":true,"href":"https:\/\/legrandcontinent.eu\/es\/wp-json\/wp\/v2\/serie?post=13786"},{"taxonomy":"audience","embeddable":true,"href":"https:\/\/legrandcontinent.eu\/es\/wp-json\/wp\/v2\/audience?post=13786"},{"taxonomy":"geo","embeddable":true,"href":"https:\/\/legrandcontinent.eu\/es\/wp-json\/wp\/v2\/geo?post=13786"}],"curies":[{"name":"wp","href":"https:\/\/api.w.org\/{rel}","templated":true}]}}