{"id":13713,"date":"2023-02-07T19:48:00","date_gmt":"2023-02-07T19:48:00","guid":{"rendered":"https:\/\/legrandcontinent.eu\/es\/?p=13713"},"modified":"2023-02-08T23:25:39","modified_gmt":"2023-02-08T23:25:39","slug":"segun-las-autoridades-ucranianas-el-6-de-febrero-fue-el-dia-mas-mortifero-para-las-tropas-rusas-desde-que-comenzo-la-guerra","status":"publish","type":"post","link":"https:\/\/legrandcontinent.eu\/es\/2023\/02\/07\/segun-las-autoridades-ucranianas-el-6-de-febrero-fue-el-dia-mas-mortifero-para-las-tropas-rusas-desde-que-comenzo-la-guerra\/","title":{"rendered":"Seg\u00fan las autoridades ucranianas, el 6 de febrero fue el d\u00eda m\u00e1s mort\u00edfero para las tropas rusas desde que comenz\u00f3 la guerra"},"content":{"rendered":"\n<p>El Ministerio de Defensa ucraniano inform\u00f3 de la muerte de 1.030 soldados rusos (ej\u00e9rcito convencional y mercenarios Wagner combinados) durante la jornada del 6 de febrero, lo que eleva el total a 133.190 desde el 24 de febrero de 2022. Esta cifra es la m\u00e1s alta desde el comienzo de la invasi\u00f3n rusa&nbsp;<span class='whitespace-nowrap'><span id='easy-footnote-1-13713' class='easy-footnote-margin-adjust'><\/span><span class='easy-footnote'><a href='https:\/\/legrandcontinent.eu\/es\/2023\/02\/07\/segun-las-autoridades-ucranianas-el-6-de-febrero-fue-el-dia-mas-mortifero-para-las-tropas-rusas-desde-que-comenzo-la-guerra\/#easy-footnote-bottom-1-13713' title='Asia Stefan, \u00ab &lt;a href=&quot;https:\/\/www.reuters.com\/world\/europe\/zelenskiy-vows-changes-will-bolster-ukraine-amid-defence-minister-uncertainty-2023-02-06\/?utm_source=Sailthru&amp;amp;utm_medium=Newsletter&amp;amp;utm_campaign=Daily-Briefing&amp;amp;utm_term=020723&quot;&gt;Ukraine says Russians endure deadliest day so far as fighting intensifies in east&lt;\/a&gt; \u00bb, &lt;em&gt;Reuters&lt;\/em&gt;, 7 de febrero 2023.'><sup>1<\/sup><\/a><\/span><\/span>.<\/p>\n\n\n\n<div class=\"iframe-container wp-block-image wp-block-image-medium  iframe-dw\">\n\t<div>\n\t\t<iframe class=\"absolute w-full h-full pin-t pin-l\" title=\"titolo\" aria-label=\"Interactive line chart\" src=\"\/\/datawrapper.dwcdn.net\/9wFfm\/\" scrolling=\"no\" frameborder=\"0\"><\/iframe>\n\t<\/div>\n<\/div>\n\n\n\n<ul class=\"wp-block-list\">\n<li>Seg\u00fan el Ministerio de Defensa ucraniano, 3.090 soldados rusos resultaron heridos ese mismo d\u00eda, mientras que 14 tanques y 28 veh\u00edculos blindados fueron destruidos&nbsp;<span class='whitespace-nowrap'><span id='easy-footnote-2-13713' class='easy-footnote-margin-adjust'><\/span><span class='easy-footnote'><a href='https:\/\/legrandcontinent.eu\/es\/2023\/02\/07\/segun-las-autoridades-ucranianas-el-6-de-febrero-fue-el-dia-mas-mortifero-para-las-tropas-rusas-desde-que-comenzo-la-guerra\/#easy-footnote-bottom-2-13713' title='&lt;a href=&quot;https:\/\/www.mil.gov.ua\/en\/news\/2023\/02\/07\/the-total-combat-losses-of-the-enemy-from-24-02-22-to-07-02-23\/&quot;&gt;The total combat losses of the enemy from 24.02.22 to 07.02.23&lt;\/a&gt;, Ministerio de Defensa ucraniano, 7 de febrero 2023.'><sup>2<\/sup><\/a><\/span><\/span>.<\/li>\n\n\n\n<li>En total, casi 400.000 soldados rusos han resultado heridos desde el 24 de febrero de 2022, lo que unido al n\u00famero de muertos representa el 59,3% del total de las fuerzas armadas convencionales rusas, sin contar a los movilizados (900.000 soldados en activo a principios de 2022, seg\u00fan el Instituto Internacional de Estudios Estrat\u00e9gicos)&nbsp;<span class='whitespace-nowrap'><span id='easy-footnote-3-13713' class='easy-footnote-margin-adjust'><\/span><span class='easy-footnote'><a href='https:\/\/legrandcontinent.eu\/es\/2023\/02\/07\/segun-las-autoridades-ucranianas-el-6-de-febrero-fue-el-dia-mas-mortifero-para-las-tropas-rusas-desde-que-comenzo-la-guerra\/#easy-footnote-bottom-3-13713' title='&lt;a href=&quot;https:\/\/www.iiss.org\/publications\/the-military-balance&quot;&gt;Military Balance 2022&lt;\/a&gt;, International Institute for Strategic Studies.'><sup>3<\/sup><\/a><\/span><\/span>.<\/li>\n<\/ul>\n\n\n\n<ul class=\"wp-block-list\">\n<li>No obstante, estas cifras, comunicadas por el gobierno ucraniano, deben tomarse con cautela.<\/li>\n<\/ul>\n\n\n\n<p>Seg\u00fan los \u00faltimos informes de los servicios de inteligencia occidentales, el n\u00famero total de combatientes rusos muertos y heridos en Ucrania desde el comienzo de la guerra se acerca a los 200.000. El Jefe del Estado Mayor noruego, Eirik Kristoffersen, declar\u00f3 el 22 de enero que 100.000 ucranianos hab\u00edan muerto o resultado heridos desde el comienzo de la guerra&nbsp;<span class='whitespace-nowrap'><span id='easy-footnote-4-13713' class='easy-footnote-margin-adjust'><\/span><span class='easy-footnote'><a href='https:\/\/legrandcontinent.eu\/es\/2023\/02\/07\/segun-las-autoridades-ucranianas-el-6-de-febrero-fue-el-dia-mas-mortifero-para-las-tropas-rusas-desde-que-comenzo-la-guerra\/#easy-footnote-bottom-4-13713' title='Marte Lundgaard y Kjell Persen, \u00ab &lt;a href=&quot;https:\/\/www.tv2.no\/nyheter\/utenriks\/forsvarssjefen-sa-mange-liv-har-gatt-tapt-i-ukraina-krigen\/15447680\/&quot;&gt;Forsvarssjefen: S\u00e5 mange liv har g\u00e5tt tapt i Ukraina-krigen&lt;\/a&gt; \u00bb, &lt;em&gt;TV 2 Nyheter&lt;\/em&gt;, 22 de enero 2023.'><sup>4<\/sup><\/a><\/span><\/span>.<\/p>\n\n\n\n<div class=\"iframe-container wp-block-image wp-block-image-medium  iframe-dw\">\n\t<div>\n\t\t<iframe class=\"absolute w-full h-full pin-t pin-l\" title=\"titolo\" aria-label=\"Interactive line chart\" src=\"\/\/datawrapper.dwcdn.net\/ydjks\/\" scrolling=\"no\" frameborder=\"0\"><\/iframe>\n\t<\/div>\n<\/div>\n\n\n\n<p>Aunque estas cifras no son verificables, indican un orden de magnitud de la violencia del conflicto, que parece ir en aumento en el este de Ucrania, especialmente en torno a Bajmut.<\/p>\n\n\n\n<ul class=\"wp-block-list\">\n<li>El martes 7 de febrero, el Estado Mayor de las Fuerzas Armadas ucranianas declar\u00f3 que \u00abel enemigo est\u00e1 concentrando sus esfuerzos en llevar a cabo operaciones ofensivas en torno a Kup&#8217;yan&#8217;sk, Lyman, Bakhmut, Avdiivka y Novopavlivka&nbsp;<span class='whitespace-nowrap'><span id='easy-footnote-5-13713' class='easy-footnote-margin-adjust'><\/span><span class='easy-footnote'><a href='https:\/\/legrandcontinent.eu\/es\/2023\/02\/07\/segun-las-autoridades-ucranianas-el-6-de-febrero-fue-el-dia-mas-mortifero-para-las-tropas-rusas-desde-que-comenzo-la-guerra\/#easy-footnote-bottom-5-13713' title='&lt;a href=&quot;https:\/\/www.facebook.com\/GeneralStaff.ua\/posts\/pfbid04LQ61ppV86vnAfoDonxqn4GJSzjC8XPSGXZpQESD4XuiWY6rKy1BaPvYRSWQyUvol&quot;&gt;Publicaci\u00f3n Facebook del Estado Mayor del ej\u00e9rcito ucraniano&lt;\/a&gt;, 7 de febrero 2023.'><sup>5<\/sup><\/a><\/span><\/span>.<\/li>\n\n\n\n<li>Yevgeny Prigozhin, jefe de Wagner, describi\u00f3 la batalla por Bajmut como una \u00abpicadora de carne\u00bb la semana pasada&nbsp;<span class='whitespace-nowrap'><span id='easy-footnote-6-13713' class='easy-footnote-margin-adjust'><\/span><span class='easy-footnote'><a href='https:\/\/legrandcontinent.eu\/es\/2023\/02\/07\/segun-las-autoridades-ucranianas-el-6-de-febrero-fue-el-dia-mas-mortifero-para-las-tropas-rusas-desde-que-comenzo-la-guerra\/#easy-footnote-bottom-6-13713' title='Cristian Segura, \u00ab &lt;a href=&quot;https:\/\/english.elpais.com\/international\/2023-02-01\/battle-for-bakhmut-turns-into-a-meat-grinder-for-russian-and-ukrainian-armies.html&quot;&gt;Battle for Bakhmut turns into a \u2018meat grinder\u2019 for Russian and Ukrainian armies&lt;\/a&gt; \u00bb, &lt;em&gt;El Pa\u00eds&lt;\/em&gt;, 1 de febrero 2023.'><sup>6<\/sup><\/a><\/span><\/span>.<\/li>\n\n\n\n<li>Varios testimonios ucranianos indican que los mercenarios de Wagner sufren especialmente los combates en torno a Bajmut y suelen ser \u00ablas primeras oleadas rusas\u00bb&nbsp;<span class='whitespace-nowrap'><span id='easy-footnote-7-13713' class='easy-footnote-margin-adjust'><\/span><span class='easy-footnote'><a href='https:\/\/legrandcontinent.eu\/es\/2023\/02\/07\/segun-las-autoridades-ucranianas-el-6-de-febrero-fue-el-dia-mas-mortifero-para-las-tropas-rusas-desde-que-comenzo-la-guerra\/#easy-footnote-bottom-7-13713' title='R\u00e9my Ourdan, \u00ab &lt;a href=&quot;https:\/\/www.lemonde.fr\/international\/article\/2023\/02\/06\/guerre-en-ukraine-a-bakhmout-l-impitoyable-bataille-pour-tenir-le-front_6160721_3210.html&quot;&gt;\u00c0 Bakhmout, l\u2019impitoyable bataille pour \u00ab tenir \u00bb le front&lt;\/a&gt; \u00bb, &lt;em&gt;Le Monde&lt;\/em&gt;, 6 de febrero 2023.'><sup>7<\/sup><\/a><\/span><\/span>.<\/li>\n\n\n\n<li>Seg\u00fan la ONG rusa Rus Sidyashchaya, Wagner ha perdido el 80% de sus efectivos (unos 50.000 hombres en total) desde el comienzo de la guerra, ya sea por muerte, captura, abandono por sus comandantes o desaparici\u00f3n&nbsp;<span class='whitespace-nowrap'><span id='easy-footnote-8-13713' class='easy-footnote-margin-adjust'><\/span><span class='easy-footnote'><a href='https:\/\/legrandcontinent.eu\/es\/2023\/02\/07\/segun-las-autoridades-ucranianas-el-6-de-febrero-fue-el-dia-mas-mortifero-para-las-tropas-rusas-desde-que-comenzo-la-guerra\/#easy-footnote-bottom-8-13713' title='\u00ab &lt;a href=&quot;https:\/\/meduza.io\/news\/2023\/01\/23\/rus-sidyaschaya-iz-50-tysyach-zaklyuchennyh-zaverbovannyh-chvk-vagnera-na-fronte-ostalis-tolko-10-tysyach-ostalnye-libo-pogibli-libo-dezertirovali&quot;&gt;\u0420\u0443\u0441\u044c \u0441\u0438\u0434\u044f\u0449\u0430\u044f\u00bb: \u0438\u0437 50 \u0442\u044b\u0441\u044f\u0447 \u0437\u0430\u043a\u043b\u044e\u0447\u0435\u043d\u043d\u044b\u0445, \u0437\u0430\u0432\u0435\u0440\u0431\u043e\u0432\u0430\u043d\u043d\u044b\u0445 \u0427\u0412\u041a \u0412\u0430\u0433\u043d\u0435\u0440\u0430, \u043d\u0430 \u0444\u0440\u043e\u043d\u0442\u0435 \u043e\u0441\u0442\u0430\u043b\u0438\u0441\u044c \u0442\u043e\u043b\u044c\u043a\u043e 10 \u0442\u044b\u0441\u044f\u0447. \u041e\u0441\u0442\u0430\u043b\u044c\u043d\u044b\u0435 \u043b\u0438\u0431\u043e \u043f\u043e\u0433\u0438\u0431\u043b\u0438, \u043b\u0438\u0431\u043e \u0434\u0435\u0437\u0435\u0440\u0442\u0438\u0440\u043e\u0432\u0430\u043b\u0438&lt;\/a&gt; \u00bb, &lt;em&gt;Meduza&lt;\/em&gt;, 23 de enero 2023.'><sup>8<\/sup><\/a><\/span><\/span>.<\/li>\n<\/ul>\n\n\n\n<div class=\"iframe-container wp-block-image wp-block-image-medium  iframe-dw\">\n\t<div>\n\t\t<iframe class=\"absolute w-full h-full pin-t pin-l\" title=\"titolo\" aria-label=\"Interactive line chart\" src=\"\/\/datawrapper.dwcdn.net\/UB0mK\/\" scrolling=\"no\" frameborder=\"0\"><\/iframe>\n\t<\/div>\n<\/div>\n\n\n\n<p>La batalla por Bajmut, que se libra desde febrero de 2022, se ha intensificado especialmente desde noviembre, tras <a href=\"https:\/\/legrandcontinent.eu\/es\/2022\/11\/10\/el-ejercito-ucraniano-acaba-de-retomar-kherson-pronto-crimea\/\">la toma de Kherson <\/a>por las fuerzas ucranianas. A medida que las fuerzas rusas avanzan hacia el norte y el sur de la ciudad, la guerra de trincheras que ha caracterizado los \u00faltimos tres meses en torno a Bajmut se est\u00e1 convirtiendo gradualmente en una guerra urbana.<\/p>\n","protected":false},"excerpt":{"rendered":"<p>La muerte de 1.030 soldados rusos en combate el 6 de febrero de 2023 convertir\u00eda el d\u00eda en el m\u00e1s mort\u00edfero desde el 24 de febrero, seg\u00fan el Ministerio de Defensa ucraniano. Aunque estas cifras no pueden verificarse, coinciden con la intensificaci\u00f3n de los combates en el este del pa\u00eds en las \u00faltimas semanas, especialmente en torno a Bakhmut.<\/p>\n","protected":false},"author":1366,"featured_media":13749,"comment_status":"closed","ping_status":"closed","sticky":false,"template":"templates\/post-briefings.php","format":"standard","meta":{"_acf_changed":false,"_trash_the_other_posts":false,"_yoast_wpseo_estimated-reading-time-minutes":3,"footnotes":""},"categories":[216],"tags":[],"staff":[],"editorial_format":[],"serie":[],"audience":[],"geo":[177],"class_list":["post-13713","post","type-post","status-publish","format-standard","hentry","category-la-guerra-en-ucrania-dia-a-dia","geo-europa"],"acf":{"open_in_webview":false,"accent":false},"yoast_head":"<!-- This site is optimized with the Yoast SEO plugin v26.1.1 - https:\/\/yoast.com\/wordpress\/plugins\/seo\/ -->\n<title>Seg\u00fan las autoridades ucranianas, el 6 de febrero fue el d\u00eda m\u00e1s mort\u00edfero para las tropas rusas desde que comenz\u00f3 la guerra - El Grand Continent<\/title>\n<meta name=\"robots\" content=\"index, follow, max-snippet:-1, max-image-preview:large, max-video-preview:-1\" \/>\n<link rel=\"canonical\" href=\"https:\/\/legrandcontinent.eu\/es\/2023\/02\/07\/segun-las-autoridades-ucranianas-el-6-de-febrero-fue-el-dia-mas-mortifero-para-las-tropas-rusas-desde-que-comenzo-la-guerra\/\" \/>\n<meta property=\"og:locale\" content=\"es_ES\" \/>\n<meta property=\"og:type\" content=\"article\" \/>\n<meta property=\"og:title\" content=\"Seg\u00fan las autoridades ucranianas, el 6 de febrero fue el d\u00eda m\u00e1s mort\u00edfero para las tropas rusas desde que comenz\u00f3 la guerra - El Grand Continent\" \/>\n<meta property=\"og:description\" content=\"La muerte de 1.030 soldados rusos en combate el 6 de febrero de 2023 convertir\u00eda el d\u00eda en el m\u00e1s mort\u00edfero desde el 24 de febrero, seg\u00fan el Ministerio de Defensa ucraniano. Aunque estas cifras no pueden verificarse, coinciden con la intensificaci\u00f3n de los combates en el este del pa\u00eds en las \u00faltimas semanas, especialmente en torno a Bakhmut.\" \/>\n<meta property=\"og:url\" content=\"https:\/\/legrandcontinent.eu\/es\/2023\/02\/07\/segun-las-autoridades-ucranianas-el-6-de-febrero-fue-el-dia-mas-mortifero-para-las-tropas-rusas-desde-que-comenzo-la-guerra\/\" \/>\n<meta property=\"og:site_name\" content=\"El Grand Continent\" \/>\n<meta property=\"article:published_time\" content=\"2023-02-07T19:48:00+00:00\" \/>\n<meta property=\"article:modified_time\" content=\"2023-02-08T23:25:39+00:00\" \/>\n<meta property=\"og:image\" content=\"https:\/\/legrandcontinent.eu\/es\/wp-content\/uploads\/sites\/6\/2023\/02\/gc-eldiamortifero-scaled.jpg\" \/>\n\t<meta property=\"og:image:width\" content=\"2560\" \/>\n\t<meta property=\"og:image:height\" content=\"1440\" \/>\n\t<meta property=\"og:image:type\" content=\"image\/jpeg\" \/>\n<meta name=\"author\" content=\"florent\" \/>\n<meta name=\"twitter:card\" content=\"summary_large_image\" \/>\n<meta name=\"twitter:image\" content=\"https:\/\/legrandcontinent.eu\/es\/wp-content\/uploads\/sites\/6\/2023\/02\/gc-eldiamortifero-scaled.jpg\" \/>\n<meta name=\"twitter:label1\" content=\"Escrito por\" \/>\n\t<meta name=\"twitter:data1\" content=\"florent\" \/>\n\t<meta name=\"twitter:label2\" content=\"Tiempo de lectura\" \/>\n\t<meta name=\"twitter:data2\" content=\"3 minutos\" \/>\n<script type=\"application\/ld+json\" class=\"yoast-schema-graph\">{\"@context\":\"https:\/\/schema.org\",\"@graph\":[{\"@type\":\"WebPage\",\"@id\":\"https:\/\/legrandcontinent.eu\/es\/2023\/02\/07\/segun-las-autoridades-ucranianas-el-6-de-febrero-fue-el-dia-mas-mortifero-para-las-tropas-rusas-desde-que-comenzo-la-guerra\/\",\"url\":\"https:\/\/legrandcontinent.eu\/es\/2023\/02\/07\/segun-las-autoridades-ucranianas-el-6-de-febrero-fue-el-dia-mas-mortifero-para-las-tropas-rusas-desde-que-comenzo-la-guerra\/\",\"name\":\"Seg\u00fan las autoridades ucranianas, el 6 de febrero fue el d\u00eda m\u00e1s mort\u00edfero para las tropas rusas desde que comenz\u00f3 la guerra - El Grand Continent\",\"isPartOf\":{\"@id\":\"https:\/\/legrandcontinent.eu\/es\/#website\"},\"primaryImageOfPage\":{\"@id\":\"https:\/\/legrandcontinent.eu\/es\/2023\/02\/07\/segun-las-autoridades-ucranianas-el-6-de-febrero-fue-el-dia-mas-mortifero-para-las-tropas-rusas-desde-que-comenzo-la-guerra\/#primaryimage\"},\"image\":{\"@id\":\"https:\/\/legrandcontinent.eu\/es\/2023\/02\/07\/segun-las-autoridades-ucranianas-el-6-de-febrero-fue-el-dia-mas-mortifero-para-las-tropas-rusas-desde-que-comenzo-la-guerra\/#primaryimage\"},\"thumbnailUrl\":\"https:\/\/legrandcontinent.eu\/es\/wp-content\/uploads\/sites\/6\/2023\/02\/Capture-decran-2023-02-09-a-00.22.23.png\",\"datePublished\":\"2023-02-07T19:48:00+00:00\",\"dateModified\":\"2023-02-08T23:25:39+00:00\",\"author\":{\"@id\":\"https:\/\/legrandcontinent.eu\/es\/#\/schema\/person\/cdd782c93d4a9eda86ab19a8c01cdf5c\"},\"breadcrumb\":{\"@id\":\"https:\/\/legrandcontinent.eu\/es\/2023\/02\/07\/segun-las-autoridades-ucranianas-el-6-de-febrero-fue-el-dia-mas-mortifero-para-las-tropas-rusas-desde-que-comenzo-la-guerra\/#breadcrumb\"},\"inLanguage\":\"es\",\"potentialAction\":[{\"@type\":\"ReadAction\",\"target\":[\"https:\/\/legrandcontinent.eu\/es\/2023\/02\/07\/segun-las-autoridades-ucranianas-el-6-de-febrero-fue-el-dia-mas-mortifero-para-las-tropas-rusas-desde-que-comenzo-la-guerra\/\"]}]},{\"@type\":\"ImageObject\",\"inLanguage\":\"es\",\"@id\":\"https:\/\/legrandcontinent.eu\/es\/2023\/02\/07\/segun-las-autoridades-ucranianas-el-6-de-febrero-fue-el-dia-mas-mortifero-para-las-tropas-rusas-desde-que-comenzo-la-guerra\/#primaryimage\",\"url\":\"https:\/\/legrandcontinent.eu\/es\/wp-content\/uploads\/sites\/6\/2023\/02\/Capture-decran-2023-02-09-a-00.22.23.png\",\"contentUrl\":\"https:\/\/legrandcontinent.eu\/es\/wp-content\/uploads\/sites\/6\/2023\/02\/Capture-decran-2023-02-09-a-00.22.23.png\",\"width\":1894,\"height\":1152},{\"@type\":\"BreadcrumbList\",\"@id\":\"https:\/\/legrandcontinent.eu\/es\/2023\/02\/07\/segun-las-autoridades-ucranianas-el-6-de-febrero-fue-el-dia-mas-mortifero-para-las-tropas-rusas-desde-que-comenzo-la-guerra\/#breadcrumb\",\"itemListElement\":[{\"@type\":\"ListItem\",\"position\":1,\"name\":\"Home\",\"item\":\"https:\/\/legrandcontinent.eu\/es\/\"},{\"@type\":\"ListItem\",\"position\":2,\"name\":\"Seg\u00fan las autoridades ucranianas, el 6 de febrero fue el d\u00eda m\u00e1s mort\u00edfero para las tropas rusas desde que comenz\u00f3 la guerra\"}]},{\"@type\":\"WebSite\",\"@id\":\"https:\/\/legrandcontinent.eu\/es\/#website\",\"url\":\"https:\/\/legrandcontinent.eu\/es\/\",\"name\":\"El Grand Continent\",\"description\":\"La escala pertinente\",\"potentialAction\":[{\"@type\":\"SearchAction\",\"target\":{\"@type\":\"EntryPoint\",\"urlTemplate\":\"https:\/\/legrandcontinent.eu\/es\/?s={search_term_string}\"},\"query-input\":{\"@type\":\"PropertyValueSpecification\",\"valueRequired\":true,\"valueName\":\"search_term_string\"}}],\"inLanguage\":\"es\"},{\"@type\":\"Person\",\"@id\":\"https:\/\/legrandcontinent.eu\/es\/#\/schema\/person\/cdd782c93d4a9eda86ab19a8c01cdf5c\",\"name\":\"florent\",\"image\":{\"@type\":\"ImageObject\",\"inLanguage\":\"es\",\"@id\":\"https:\/\/legrandcontinent.eu\/es\/#\/schema\/person\/image\/\",\"url\":\"https:\/\/secure.gravatar.com\/avatar\/0d38d78c90602daf39b309035cdac6bc?s=96&d=mm&r=g\",\"contentUrl\":\"https:\/\/secure.gravatar.com\/avatar\/0d38d78c90602daf39b309035cdac6bc?s=96&d=mm&r=g\",\"caption\":\"florent\"}}]}<\/script>\n<!-- \/ Yoast SEO plugin. -->","yoast_head_json":{"title":"Seg\u00fan las autoridades ucranianas, el 6 de febrero fue el d\u00eda m\u00e1s mort\u00edfero para las tropas rusas desde que comenz\u00f3 la guerra - El Grand Continent","robots":{"index":"index","follow":"follow","max-snippet":"max-snippet:-1","max-image-preview":"max-image-preview:large","max-video-preview":"max-video-preview:-1"},"canonical":"https:\/\/legrandcontinent.eu\/es\/2023\/02\/07\/segun-las-autoridades-ucranianas-el-6-de-febrero-fue-el-dia-mas-mortifero-para-las-tropas-rusas-desde-que-comenzo-la-guerra\/","og_locale":"es_ES","og_type":"article","og_title":"Seg\u00fan las autoridades ucranianas, el 6 de febrero fue el d\u00eda m\u00e1s mort\u00edfero para las tropas rusas desde que comenz\u00f3 la guerra - El Grand Continent","og_description":"La muerte de 1.030 soldados rusos en combate el 6 de febrero de 2023 convertir\u00eda el d\u00eda en el m\u00e1s mort\u00edfero desde el 24 de febrero, seg\u00fan el Ministerio de Defensa ucraniano. Aunque estas cifras no pueden verificarse, coinciden con la intensificaci\u00f3n de los combates en el este del pa\u00eds en las \u00faltimas semanas, especialmente en torno a Bakhmut.","og_url":"https:\/\/legrandcontinent.eu\/es\/2023\/02\/07\/segun-las-autoridades-ucranianas-el-6-de-febrero-fue-el-dia-mas-mortifero-para-las-tropas-rusas-desde-que-comenzo-la-guerra\/","og_site_name":"El Grand Continent","article_published_time":"2023-02-07T19:48:00+00:00","article_modified_time":"2023-02-08T23:25:39+00:00","og_image":[{"width":2560,"height":1440,"url":"https:\/\/legrandcontinent.eu\/es\/wp-content\/uploads\/sites\/6\/2023\/02\/gc-eldiamortifero-scaled.jpg","type":"image\/jpeg"}],"author":"florent","twitter_card":"summary_large_image","twitter_image":"https:\/\/legrandcontinent.eu\/es\/wp-content\/uploads\/sites\/6\/2023\/02\/gc-eldiamortifero-scaled.jpg","twitter_misc":{"Escrito por":"florent","Tiempo de lectura":"3 minutos"},"schema":{"@context":"https:\/\/schema.org","@graph":[{"@type":"WebPage","@id":"https:\/\/legrandcontinent.eu\/es\/2023\/02\/07\/segun-las-autoridades-ucranianas-el-6-de-febrero-fue-el-dia-mas-mortifero-para-las-tropas-rusas-desde-que-comenzo-la-guerra\/","url":"https:\/\/legrandcontinent.eu\/es\/2023\/02\/07\/segun-las-autoridades-ucranianas-el-6-de-febrero-fue-el-dia-mas-mortifero-para-las-tropas-rusas-desde-que-comenzo-la-guerra\/","name":"Seg\u00fan las autoridades ucranianas, el 6 de febrero fue el d\u00eda m\u00e1s mort\u00edfero para las tropas rusas desde que comenz\u00f3 la guerra - El Grand Continent","isPartOf":{"@id":"https:\/\/legrandcontinent.eu\/es\/#website"},"primaryImageOfPage":{"@id":"https:\/\/legrandcontinent.eu\/es\/2023\/02\/07\/segun-las-autoridades-ucranianas-el-6-de-febrero-fue-el-dia-mas-mortifero-para-las-tropas-rusas-desde-que-comenzo-la-guerra\/#primaryimage"},"image":{"@id":"https:\/\/legrandcontinent.eu\/es\/2023\/02\/07\/segun-las-autoridades-ucranianas-el-6-de-febrero-fue-el-dia-mas-mortifero-para-las-tropas-rusas-desde-que-comenzo-la-guerra\/#primaryimage"},"thumbnailUrl":"https:\/\/legrandcontinent.eu\/es\/wp-content\/uploads\/sites\/6\/2023\/02\/Capture-decran-2023-02-09-a-00.22.23.png","datePublished":"2023-02-07T19:48:00+00:00","dateModified":"2023-02-08T23:25:39+00:00","author":{"@id":"https:\/\/legrandcontinent.eu\/es\/#\/schema\/person\/cdd782c93d4a9eda86ab19a8c01cdf5c"},"breadcrumb":{"@id":"https:\/\/legrandcontinent.eu\/es\/2023\/02\/07\/segun-las-autoridades-ucranianas-el-6-de-febrero-fue-el-dia-mas-mortifero-para-las-tropas-rusas-desde-que-comenzo-la-guerra\/#breadcrumb"},"inLanguage":"es","potentialAction":[{"@type":"ReadAction","target":["https:\/\/legrandcontinent.eu\/es\/2023\/02\/07\/segun-las-autoridades-ucranianas-el-6-de-febrero-fue-el-dia-mas-mortifero-para-las-tropas-rusas-desde-que-comenzo-la-guerra\/"]}]},{"@type":"ImageObject","inLanguage":"es","@id":"https:\/\/legrandcontinent.eu\/es\/2023\/02\/07\/segun-las-autoridades-ucranianas-el-6-de-febrero-fue-el-dia-mas-mortifero-para-las-tropas-rusas-desde-que-comenzo-la-guerra\/#primaryimage","url":"https:\/\/legrandcontinent.eu\/es\/wp-content\/uploads\/sites\/6\/2023\/02\/Capture-decran-2023-02-09-a-00.22.23.png","contentUrl":"https:\/\/legrandcontinent.eu\/es\/wp-content\/uploads\/sites\/6\/2023\/02\/Capture-decran-2023-02-09-a-00.22.23.png","width":1894,"height":1152},{"@type":"BreadcrumbList","@id":"https:\/\/legrandcontinent.eu\/es\/2023\/02\/07\/segun-las-autoridades-ucranianas-el-6-de-febrero-fue-el-dia-mas-mortifero-para-las-tropas-rusas-desde-que-comenzo-la-guerra\/#breadcrumb","itemListElement":[{"@type":"ListItem","position":1,"name":"Home","item":"https:\/\/legrandcontinent.eu\/es\/"},{"@type":"ListItem","position":2,"name":"Seg\u00fan las autoridades ucranianas, el 6 de febrero fue el d\u00eda m\u00e1s mort\u00edfero para las tropas rusas desde que comenz\u00f3 la guerra"}]},{"@type":"WebSite","@id":"https:\/\/legrandcontinent.eu\/es\/#website","url":"https:\/\/legrandcontinent.eu\/es\/","name":"El Grand Continent","description":"La escala pertinente","potentialAction":[{"@type":"SearchAction","target":{"@type":"EntryPoint","urlTemplate":"https:\/\/legrandcontinent.eu\/es\/?s={search_term_string}"},"query-input":{"@type":"PropertyValueSpecification","valueRequired":true,"valueName":"search_term_string"}}],"inLanguage":"es"},{"@type":"Person","@id":"https:\/\/legrandcontinent.eu\/es\/#\/schema\/person\/cdd782c93d4a9eda86ab19a8c01cdf5c","name":"florent","image":{"@type":"ImageObject","inLanguage":"es","@id":"https:\/\/legrandcontinent.eu\/es\/#\/schema\/person\/image\/","url":"https:\/\/secure.gravatar.com\/avatar\/0d38d78c90602daf39b309035cdac6bc?s=96&d=mm&r=g","contentUrl":"https:\/\/secure.gravatar.com\/avatar\/0d38d78c90602daf39b309035cdac6bc?s=96&d=mm&r=g","caption":"florent"}}]}},"lgc_categories":[{"id":216,"name":"La guerra en Ucrania d\u00eda a d\u00eda","slug":"la-guerra-en-ucrania-dia-a-dia"}],"lgc_author":null,"feature_image_summary":{"url":"https:\/\/legrandcontinent.eu\/es\/wp-content\/uploads\/sites\/6\/2023\/02\/Capture-decran-2023-02-09-a-00.22.23.png","width":1894,"height":1152,"alt":""},"feature_image_cover":null,"term_position_data":null,"_links":{"self":[{"href":"https:\/\/legrandcontinent.eu\/es\/wp-json\/wp\/v2\/posts\/13713","targetHints":{"allow":["GET"]}}],"collection":[{"href":"https:\/\/legrandcontinent.eu\/es\/wp-json\/wp\/v2\/posts"}],"about":[{"href":"https:\/\/legrandcontinent.eu\/es\/wp-json\/wp\/v2\/types\/post"}],"author":[{"embeddable":true,"href":"https:\/\/legrandcontinent.eu\/es\/wp-json\/wp\/v2\/users\/1366"}],"replies":[{"embeddable":true,"href":"https:\/\/legrandcontinent.eu\/es\/wp-json\/wp\/v2\/comments?post=13713"}],"version-history":[{"count":0,"href":"https:\/\/legrandcontinent.eu\/es\/wp-json\/wp\/v2\/posts\/13713\/revisions"}],"wp:featuredmedia":[{"embeddable":true,"href":"https:\/\/legrandcontinent.eu\/es\/wp-json\/wp\/v2\/media\/13749"}],"wp:attachment":[{"href":"https:\/\/legrandcontinent.eu\/es\/wp-json\/wp\/v2\/media?parent=13713"}],"wp:term":[{"taxonomy":"category","embeddable":true,"href":"https:\/\/legrandcontinent.eu\/es\/wp-json\/wp\/v2\/categories?post=13713"},{"taxonomy":"post_tag","embeddable":true,"href":"https:\/\/legrandcontinent.eu\/es\/wp-json\/wp\/v2\/tags?post=13713"},{"taxonomy":"staff","embeddable":true,"href":"https:\/\/legrandcontinent.eu\/es\/wp-json\/wp\/v2\/staff?post=13713"},{"taxonomy":"editorial_format","embeddable":true,"href":"https:\/\/legrandcontinent.eu\/es\/wp-json\/wp\/v2\/editorial_format?post=13713"},{"taxonomy":"serie","embeddable":true,"href":"https:\/\/legrandcontinent.eu\/es\/wp-json\/wp\/v2\/serie?post=13713"},{"taxonomy":"audience","embeddable":true,"href":"https:\/\/legrandcontinent.eu\/es\/wp-json\/wp\/v2\/audience?post=13713"},{"taxonomy":"geo","embeddable":true,"href":"https:\/\/legrandcontinent.eu\/es\/wp-json\/wp\/v2\/geo?post=13713"}],"curies":[{"name":"wp","href":"https:\/\/api.w.org\/{rel}","templated":true}]}}