{"id":13479,"date":"2023-02-02T11:15:00","date_gmt":"2023-02-02T11:15:00","guid":{"rendered":"https:\/\/legrandcontinent.eu\/es\/?p=13479"},"modified":"2023-02-02T16:36:57","modified_gmt":"2023-02-02T16:36:57","slug":"crisis-humanitaria-yanomami-una-herencia-de-los-anos-de-bolsonaro-que-le-queda-a-lula","status":"publish","type":"post","link":"https:\/\/legrandcontinent.eu\/es\/2023\/02\/02\/crisis-humanitaria-yanomami-una-herencia-de-los-anos-de-bolsonaro-que-le-queda-a-lula\/","title":{"rendered":"Crisis humanitaria yanomami: una herencia de los a\u00f1os de Bolsonaro que le queda a Lula"},"content":{"rendered":"\n<p>El pueblo ind\u00edgena yanomami, uno de los m\u00e1s numerosos de la regi\u00f3n (38.000 personas), vive a lo largo de la frontera entre Brasil y Venezuela. Por parte brasile\u00f1a, se encuentran en un territorio de casi 9,6 millones de hect\u00e1reas en los estados de Amazonas y Roraima: la Tierra Ind\u00edgena Yanomami (TIY), demarcada por el gobierno brasile\u00f1o en 1992, incluye a muchos pueblos no contactados&nbsp;<span class='whitespace-nowrap'><span id='easy-footnote-1-13479' class='easy-footnote-margin-adjust'><\/span><span class='easy-footnote'><a href='https:\/\/legrandcontinent.eu\/es\/2023\/02\/02\/crisis-humanitaria-yanomami-una-herencia-de-los-anos-de-bolsonaro-que-le-queda-a-lula\/#easy-footnote-bottom-1-13479' title='Terra Ind\u00edgena Yanomami, site internet Terras Ind\u00edgenas no Brasil &amp;#8211; https:\/\/terrasindigenas.org.br , consultado le 01\/02\/2023'><sup>1<\/sup><\/a><\/span><\/span>.<\/p>\n\n\n\n<div class=\"iframe-container wp-block-image wp-block-image-medium  iframe-dw\">\n\t<div>\n\t\t<iframe class=\"absolute w-full h-full pin-t pin-l\" title=\"titolo\" aria-label=\"Interactive line chart\" src=\"\/\/datawrapper.dwcdn.net\/GXqI3\/\" scrolling=\"no\" frameborder=\"0\"><\/iframe>\n\t<\/div>\n<\/div>\n\n\n\n<ul class=\"wp-block-list\">\n<li>Esta regi\u00f3n del Amazonas est\u00e1 especialmente aislada. La TIY est\u00e1 a m\u00e1s de 150 km de la metr\u00f3poli m\u00e1s cercana, Boa Vista, en Roraima, sin estar conectada por carretera (en esta regi\u00f3n, los principales medios de transporte suelen ser fluviales o a\u00e9reos). Es una regi\u00f3n pobre de Brasil, dif\u00edcil de controlar debido a su extensi\u00f3n e inaccesibilidad.<\/li>\n\n\n\n<li>Como en el resto de la selva amaz\u00f3nica, las tierras ind\u00edgenas se enfrentan a la deforestaci\u00f3n y a la extracci\u00f3n ilegal de oro, que amenazan el modo de vida de estos pueblos. Los mineros del oro contaminan los cursos de agua mediante el uso de mercurio, mientras que la deforestaci\u00f3n degrada la biodiversidad y, por tanto, el suministro de alimentos de los pueblos ind\u00edgenas. Adem\u00e1s, los responsables de estas actividades traen consigo enfermedades a las que los pueblos amaz\u00f3nicos son muy vulnerables.<\/li>\n<\/ul>\n\n\n\n<div class=\"iframe-container wp-block-image wp-block-image-medium  iframe-dw\">\n\t<div>\n\t\t<iframe class=\"absolute w-full h-full pin-t pin-l\" title=\"titolo\" aria-label=\"Interactive line chart\" src=\"\/\/datawrapper.dwcdn.net\/D6GQB\/\" scrolling=\"no\" frameborder=\"0\"><\/iframe>\n\t<\/div>\n<\/div>\n\n\n\n<p>La existencia de estas actividades en tierras yanomami est\u00e1 documentada desde la d\u00e9cada de 1960, pero las pol\u00edticas antiind\u00edgenas y proexplotaci\u00f3n de Jair Bolsonaro en la Amazon\u00eda han contribuido a aumentar la presi\u00f3n sobre la TIY&nbsp;<span class='whitespace-nowrap'><span id='easy-footnote-2-13479' class='easy-footnote-margin-adjust'><\/span><span class='easy-footnote'><a href='https:\/\/legrandcontinent.eu\/es\/2023\/02\/02\/crisis-humanitaria-yanomami-una-herencia-de-los-anos-de-bolsonaro-que-le-queda-a-lula\/#easy-footnote-bottom-2-13479' title='Ricardo Stuckert,\u00a0&lt;em&gt;Povos origin\u00e1rios guerreiros do tempo&lt;\/em&gt;, ediciones TordesilhasClick, 2022'><sup>2<\/sup><\/a><\/span><\/span>. Bolsonaro siempre ha estado a favor de las mineras de oro y ya en 1998 dijo: \u00abLa caballer\u00eda brasile\u00f1a era incompetente. La que s\u00ed era competente era la caballer\u00eda norteamericana por haber diezmado a sus indios en el pasado y no tener este problema hoy en su pa\u00eds\u00bb&nbsp;<span class='whitespace-nowrap'><span id='easy-footnote-3-13479' class='easy-footnote-margin-adjust'><\/span><span class='easy-footnote'><a href='https:\/\/legrandcontinent.eu\/es\/2023\/02\/02\/crisis-humanitaria-yanomami-una-herencia-de-los-anos-de-bolsonaro-que-le-queda-a-lula\/#easy-footnote-bottom-3-13479' title='Leonardo Sakamoto, &lt;em&gt;De &amp;#8216;fedorento&amp;#8217; a &amp;#8216;animais&amp;#8217;: Dez vezes em que Bolsonaro atacou ind\u00edgenas&lt;\/em&gt;, UOL, 26\/01\/2023'><sup>3<\/sup><\/a><\/span><\/span>. Bajo el Gobierno de Bolsonaro, los mineros del oro se hicieron m\u00e1s poderosos en la Amazonia, llevando a cabo incluso acciones de represalia, como a finales de 2022, cuando un puesto de salud yanomami fue incendiado poco despu\u00e9s de que tuviera lugar una operaci\u00f3n policial para combatir la miner\u00eda ilegal de oro en la misma regi\u00f3n&nbsp;<span class='whitespace-nowrap'><span id='easy-footnote-4-13479' class='easy-footnote-margin-adjust'><\/span><span class='easy-footnote'><a href='https:\/\/legrandcontinent.eu\/es\/2023\/02\/02\/crisis-humanitaria-yanomami-una-herencia-de-los-anos-de-bolsonaro-que-le-queda-a-lula\/#easy-footnote-bottom-4-13479' title='&lt;em&gt;Posto de sa\u00fade ind\u00edgena na Terra Yanomami \u00e9 incendiado e associa\u00e7\u00f5es atribuem autoria a garimpeiros&lt;\/em&gt;, G1 RR, 07\/12\/2022'><sup>4<\/sup><\/a><\/span><\/span>.<\/p>\n\n\n\n<ul class=\"wp-block-list\">\n<li>La Asociaci\u00f3n Yanomami Hutukara, la principal organizaci\u00f3n que representa al pueblo yanomami, alert\u00f3 al gobierno federal en 2019 de las amenazas a los yanomami, pero no fue recibida ni escuchada&nbsp;<span class='whitespace-nowrap'><span id='easy-footnote-5-13479' class='easy-footnote-margin-adjust'><\/span><span class='easy-footnote'><a href='https:\/\/legrandcontinent.eu\/es\/2023\/02\/02\/crisis-humanitaria-yanomami-una-herencia-de-los-anos-de-bolsonaro-que-le-queda-a-lula\/#easy-footnote-bottom-5-13479' title='Felipe Medeiros, &lt;em&gt;\u201cFoi ele (Bolsonaro) que matou\u201d, denuncia Davi Kopenawa&lt;\/em&gt;, Amaz\u00f4nia Real, 24\/01\/2023'><sup>5<\/sup><\/a><\/span><\/span>.<\/li>\n\n\n\n<li>As\u00ed, cuando la ONG Survival International public\u00f3 en diciembre un informe sobre la situaci\u00f3n de los yanomami, entretanto su condici\u00f3n hab\u00eda empeorado considerablemente, sobre todo en Roraima, donde las autoridades locales son bolsonaristas&nbsp;<span class='whitespace-nowrap'><span id='easy-footnote-6-13479' class='easy-footnote-margin-adjust'><\/span><span class='easy-footnote'><a href='https:\/\/legrandcontinent.eu\/es\/2023\/02\/02\/crisis-humanitaria-yanomami-una-herencia-de-los-anos-de-bolsonaro-que-le-queda-a-lula\/#easy-footnote-bottom-6-13479' title='Un nouveau rapport r\u00e9v\u00e8le une crise sanitaire dramatique pour le peuple yanomami au Br\u00e9sil, Survival International France, 21\/12\/2022'><sup>6<\/sup><\/a><\/span><\/span>. En enero, 22.000 de los 30.000 yanomami registrados padec\u00edan malaria. Entre 2019 y 2022, 570 ni\u00f1os yanomami murieron, 152 de ellos de inanici\u00f3n, un aumento del 360% en comparaci\u00f3n con el per\u00edodo 2015-2018.<\/li>\n\n\n\n<li>Adem\u00e1s, hay numerosos relatos de violaciones (sobre todo de ni\u00f1as menores de edad) y amenazas de mineros del oro a ind\u00edgenas&nbsp;<span class='whitespace-nowrap'><span id='easy-footnote-7-13479' class='easy-footnote-margin-adjust'><\/span><span class='easy-footnote'><a href='https:\/\/legrandcontinent.eu\/es\/2023\/02\/02\/crisis-humanitaria-yanomami-una-herencia-de-los-anos-de-bolsonaro-que-le-queda-a-lula\/#easy-footnote-bottom-7-13479' title='Reportage de l\u2019\u00e9mission Fant\u00e1stico,&lt;em&gt; Fome, desnutri\u00e7\u00e3o, mal\u00e1ria, e contamina\u00e7\u00e3o por merc\u00fario: a trag\u00e9dia Yanomami em Roraima&lt;\/em&gt;, TV Globo, 30\/01\/2023'><sup>7<\/sup><\/a><\/span><\/span>.<\/li>\n<\/ul>\n\n\n\n<div class=\"iframe-container wp-block-image wp-block-image-medium  iframe-dw\">\n\t<div>\n\t\t<iframe class=\"absolute w-full h-full pin-t pin-l\" title=\"titolo\" aria-label=\"Interactive line chart\" src=\"\/\/datawrapper.dwcdn.net\/Nd9pU\/\" scrolling=\"no\" frameborder=\"0\"><\/iframe>\n\t<\/div>\n<\/div>\n\n\n\n<p>La situaci\u00f3n es tan grave que en Brasil se califica de genocidio. En el pa\u00eds, este t\u00e9rmino se refiere a la falta de acci\u00f3n gubernamental que ha puesto en peligro a sectores enteros de la poblaci\u00f3n. Durante su mandato, Bolsonaro ha sido calificado varias veces de \u00abgenocida\u00bb por su inacci\u00f3n ante la poblaci\u00f3n ind\u00edgena brasile\u00f1a o durante la pandemia del Covid-19.<\/p>\n\n\n\n<ul class=\"wp-block-list\">\n<li>El 21 de enero, Lula viaj\u00f3 a Roraima para comprobar el alcance de la situaci\u00f3n e indicar la vuelta del gobierno federal a la protecci\u00f3n de la poblaci\u00f3n ind\u00edgena.<\/li>\n\n\n\n<li>De vuelta en Brasilia, el nuevo gobierno comenz\u00f3 a trabajar en una respuesta para ayudar a estas poblaciones y expulsar a los mineros del oro de la TIY. En concreto, se est\u00e1 estudiando el cierre de espacios a\u00e9reos y fluviales para impedir que los mineros del oro reposten combustible, introduzcan equipos y saquen el oro extra\u00eddo de sus explotaciones. Se espera que el Ministro de Defensa y los Jefes de Estado Mayor de las fuerzas armadas visiten Roraima personalmente para coordinar las operaciones.<\/li>\n\n\n\n<li>El juez Lu\u00eds Roberto Barroso abri\u00f3 el 30 de enero una investigaci\u00f3n contra miembros del Gobierno de Bolsonaro por \u00abgenocidio ind\u00edgena\u00bb&nbsp;<span class='whitespace-nowrap'><span id='easy-footnote-8-13479' class='easy-footnote-margin-adjust'><\/span><span class='easy-footnote'><a href='https:\/\/legrandcontinent.eu\/es\/2023\/02\/02\/crisis-humanitaria-yanomami-una-herencia-de-los-anos-de-bolsonaro-que-le-queda-a-lula\/#easy-footnote-bottom-8-13479' title='Tain\u00e1 Andrade, Barroso manda investigar membros do governo Bolsonaro por genoc\u00eddio ind\u00edgena, Correio Braziliense, 30\/01\/2023'><sup>8<\/sup><\/a><\/span><\/span>.<\/li>\n<\/ul>\n\n\n\n<div class=\"iframe-container wp-block-image wp-block-image-medium  iframe-dw\">\n\t<div>\n\t\t<iframe class=\"absolute w-full h-full pin-t pin-l\" title=\"titolo\" aria-label=\"Interactive line chart\" src=\"\/\/datawrapper.dwcdn.net\/9t6K6\/\" scrolling=\"no\" frameborder=\"0\"><\/iframe>\n\t<\/div>\n<\/div>\n\n\n\n<p>Esta crisis humanitaria es parte de la batalla informativa entre Lula y Bolsonaro. Para el bando del actual presidente brasile\u00f1o, se trata de un \u00e1ngulo de ataque adicional para desacreditar al anterior gobierno de extrema derecha. La protecci\u00f3n de los pueblos ind\u00edgenas forma parte de un marco m\u00e1s amplio de protecci\u00f3n del medio ambiente. Estos pueblos protegen estas zonas de la explotaci\u00f3n intensiva, sobre todo en una parte del mundo donde \u00e9sta se considera la principal fuente de enriquecimiento.&nbsp;<\/p>\n\n\n\n<ul class=\"wp-block-list\">\n<li>Dado que Lula se ha comprometido a organizar la COP30 en Bel\u00e9m (Amazonia) y a alcanzar el objetivo de \u00abdeforestaci\u00f3n cero\u00bb, su pol\u00edtica indigenista contribuir\u00e1 a esta influencia internacional.<\/li>\n\n\n\n<li>Nada m\u00e1s tomar el poder, el presidente brasile\u00f1o anunci\u00f3 la reapertura del \u00abFondo Amazonia\u00bb -financiado en parte por capital extranjero- dedicado a la protecci\u00f3n de esta selva, que hab\u00eda sido congelado bajo el Gobierno de Bolsonaro. En cuanto se reabri\u00f3, Alemania anunci\u00f3 que aportar\u00eda 35 millones de euros al fondo&nbsp;<span class='whitespace-nowrap'><span id='easy-footnote-9-13479' class='easy-footnote-margin-adjust'><\/span><span class='easy-footnote'><a href='https:\/\/legrandcontinent.eu\/es\/2023\/02\/02\/crisis-humanitaria-yanomami-una-herencia-de-los-anos-de-bolsonaro-que-le-queda-a-lula\/#easy-footnote-bottom-9-13479' title='&lt;em&gt;Alemanha anuncia envio de \u20ac 35 milh\u00f5es para Fundo Amaz\u00f4nia&lt;\/em&gt;, Poder360, 04\/01\/2023'><sup>9<\/sup><\/a><\/span><\/span>.<\/li>\n\n\n\n<li>Dado que la conclusi\u00f3n del acuerdo UE-Mercosur se suspendi\u00f3 durante el mandato de Bolsonaro por motivos medioambientales, las medidas concretas de Lula hacia una mayor protecci\u00f3n del medio ambiente tienen el potencial de desbloquear las negociaciones.<\/li>\n<\/ul>\n","protected":false},"excerpt":{"rendered":"<p>Como resultado de las pol\u00edticas anti-ind\u00edgenas y pro-explotaci\u00f3n de Jair Bolsonaro en la Amazon\u00eda, los Yanomami est\u00e1n sufriendo una mortalidad excesiva. La protecci\u00f3n de la Amazonia y de las personas que viven en ella es una cuesti\u00f3n central para el mandato de Lula, a quien le gustar\u00eda acoger la COP30 en Bel\u00e9m en 2025.<\/p>\n","protected":false},"author":1366,"featured_media":13498,"comment_status":"closed","ping_status":"closed","sticky":false,"template":"templates\/post-briefings.php","format":"standard","meta":{"_acf_changed":false,"_trash_the_other_posts":false,"_yoast_wpseo_estimated-reading-time-minutes":5,"footnotes":""},"categories":[6],"tags":[],"staff":[325],"editorial_format":[],"serie":[],"audience":[],"geo":[172],"class_list":["post-13479","post","type-post","status-publish","format-standard","hentry","category-politica","staff-guillaume-cornille","geo-americas"],"acf":{"open_in_webview":false,"accent":false},"yoast_head":"<!-- This site is optimized with the Yoast SEO plugin v26.1.1 - https:\/\/yoast.com\/wordpress\/plugins\/seo\/ -->\n<title>Crisis humanitaria yanomami: una herencia de los a\u00f1os de Bolsonaro que le queda a Lula - El Grand Continent<\/title>\n<meta name=\"robots\" content=\"index, follow, max-snippet:-1, max-image-preview:large, max-video-preview:-1\" \/>\n<link rel=\"canonical\" href=\"https:\/\/legrandcontinent.eu\/es\/2023\/02\/02\/crisis-humanitaria-yanomami-una-herencia-de-los-anos-de-bolsonaro-que-le-queda-a-lula\/\" \/>\n<meta property=\"og:locale\" content=\"es_ES\" \/>\n<meta property=\"og:type\" content=\"article\" \/>\n<meta property=\"og:title\" content=\"Crisis humanitaria yanomami: una herencia de los a\u00f1os de Bolsonaro que le queda a Lula - El Grand Continent\" \/>\n<meta property=\"og:description\" content=\"Como resultado de las pol\u00edticas anti-ind\u00edgenas y pro-explotaci\u00f3n de Jair Bolsonaro en la Amazon\u00eda, los Yanomami est\u00e1n sufriendo una mortalidad excesiva. La protecci\u00f3n de la Amazonia y de las personas que viven en ella es una cuesti\u00f3n central para el mandato de Lula, a quien le gustar\u00eda acoger la COP30 en Bel\u00e9m en 2025.\" \/>\n<meta property=\"og:url\" content=\"https:\/\/legrandcontinent.eu\/es\/2023\/02\/02\/crisis-humanitaria-yanomami-una-herencia-de-los-anos-de-bolsonaro-que-le-queda-a-lula\/\" \/>\n<meta property=\"og:site_name\" content=\"El Grand Continent\" \/>\n<meta property=\"article:published_time\" content=\"2023-02-02T11:15:00+00:00\" \/>\n<meta property=\"article:modified_time\" content=\"2023-02-02T16:36:57+00:00\" \/>\n<meta property=\"og:image\" content=\"https:\/\/legrandcontinent.eu\/es\/wp-content\/uploads\/sites\/6\/2023\/02\/gc-elyanomami-scaled.jpg\" \/>\n\t<meta property=\"og:image:width\" content=\"2560\" \/>\n\t<meta property=\"og:image:height\" content=\"1440\" \/>\n\t<meta property=\"og:image:type\" content=\"image\/jpeg\" \/>\n<meta name=\"author\" content=\"florent\" \/>\n<meta name=\"twitter:card\" content=\"summary_large_image\" \/>\n<meta name=\"twitter:image\" content=\"https:\/\/legrandcontinent.eu\/es\/wp-content\/uploads\/sites\/6\/2023\/02\/gc-elyanomami-scaled.jpg\" \/>\n<meta name=\"twitter:label1\" content=\"Escrito por\" \/>\n\t<meta name=\"twitter:data1\" content=\"florent\" \/>\n\t<meta name=\"twitter:label2\" content=\"Tiempo de lectura\" \/>\n\t<meta name=\"twitter:data2\" content=\"5 minutos\" \/>\n<script type=\"application\/ld+json\" class=\"yoast-schema-graph\">{\"@context\":\"https:\/\/schema.org\",\"@graph\":[{\"@type\":\"WebPage\",\"@id\":\"https:\/\/legrandcontinent.eu\/es\/2023\/02\/02\/crisis-humanitaria-yanomami-una-herencia-de-los-anos-de-bolsonaro-que-le-queda-a-lula\/\",\"url\":\"https:\/\/legrandcontinent.eu\/es\/2023\/02\/02\/crisis-humanitaria-yanomami-una-herencia-de-los-anos-de-bolsonaro-que-le-queda-a-lula\/\",\"name\":\"Crisis humanitaria yanomami: una herencia de los a\u00f1os de Bolsonaro que le queda a Lula - El Grand Continent\",\"isPartOf\":{\"@id\":\"https:\/\/legrandcontinent.eu\/es\/#website\"},\"primaryImageOfPage\":{\"@id\":\"https:\/\/legrandcontinent.eu\/es\/2023\/02\/02\/crisis-humanitaria-yanomami-una-herencia-de-los-anos-de-bolsonaro-que-le-queda-a-lula\/#primaryimage\"},\"image\":{\"@id\":\"https:\/\/legrandcontinent.eu\/es\/2023\/02\/02\/crisis-humanitaria-yanomami-una-herencia-de-los-anos-de-bolsonaro-que-le-queda-a-lula\/#primaryimage\"},\"thumbnailUrl\":\"https:\/\/legrandcontinent.eu\/es\/wp-content\/uploads\/sites\/6\/2023\/02\/Capture-decran-2023-02-02-a-17.33.32.png\",\"datePublished\":\"2023-02-02T11:15:00+00:00\",\"dateModified\":\"2023-02-02T16:36:57+00:00\",\"author\":{\"@id\":\"https:\/\/legrandcontinent.eu\/es\/#\/schema\/person\/cdd782c93d4a9eda86ab19a8c01cdf5c\"},\"breadcrumb\":{\"@id\":\"https:\/\/legrandcontinent.eu\/es\/2023\/02\/02\/crisis-humanitaria-yanomami-una-herencia-de-los-anos-de-bolsonaro-que-le-queda-a-lula\/#breadcrumb\"},\"inLanguage\":\"es\",\"potentialAction\":[{\"@type\":\"ReadAction\",\"target\":[\"https:\/\/legrandcontinent.eu\/es\/2023\/02\/02\/crisis-humanitaria-yanomami-una-herencia-de-los-anos-de-bolsonaro-que-le-queda-a-lula\/\"]}]},{\"@type\":\"ImageObject\",\"inLanguage\":\"es\",\"@id\":\"https:\/\/legrandcontinent.eu\/es\/2023\/02\/02\/crisis-humanitaria-yanomami-una-herencia-de-los-anos-de-bolsonaro-que-le-queda-a-lula\/#primaryimage\",\"url\":\"https:\/\/legrandcontinent.eu\/es\/wp-content\/uploads\/sites\/6\/2023\/02\/Capture-decran-2023-02-02-a-17.33.32.png\",\"contentUrl\":\"https:\/\/legrandcontinent.eu\/es\/wp-content\/uploads\/sites\/6\/2023\/02\/Capture-decran-2023-02-02-a-17.33.32.png\",\"width\":1194,\"height\":1182},{\"@type\":\"BreadcrumbList\",\"@id\":\"https:\/\/legrandcontinent.eu\/es\/2023\/02\/02\/crisis-humanitaria-yanomami-una-herencia-de-los-anos-de-bolsonaro-que-le-queda-a-lula\/#breadcrumb\",\"itemListElement\":[{\"@type\":\"ListItem\",\"position\":1,\"name\":\"Home\",\"item\":\"https:\/\/legrandcontinent.eu\/es\/\"},{\"@type\":\"ListItem\",\"position\":2,\"name\":\"Crisis humanitaria yanomami: una herencia de los a\u00f1os de Bolsonaro que le queda a Lula\"}]},{\"@type\":\"WebSite\",\"@id\":\"https:\/\/legrandcontinent.eu\/es\/#website\",\"url\":\"https:\/\/legrandcontinent.eu\/es\/\",\"name\":\"El Grand Continent\",\"description\":\"La escala pertinente\",\"potentialAction\":[{\"@type\":\"SearchAction\",\"target\":{\"@type\":\"EntryPoint\",\"urlTemplate\":\"https:\/\/legrandcontinent.eu\/es\/?s={search_term_string}\"},\"query-input\":{\"@type\":\"PropertyValueSpecification\",\"valueRequired\":true,\"valueName\":\"search_term_string\"}}],\"inLanguage\":\"es\"},{\"@type\":\"Person\",\"@id\":\"https:\/\/legrandcontinent.eu\/es\/#\/schema\/person\/cdd782c93d4a9eda86ab19a8c01cdf5c\",\"name\":\"florent\",\"image\":{\"@type\":\"ImageObject\",\"inLanguage\":\"es\",\"@id\":\"https:\/\/legrandcontinent.eu\/es\/#\/schema\/person\/image\/\",\"url\":\"https:\/\/secure.gravatar.com\/avatar\/0d38d78c90602daf39b309035cdac6bc?s=96&d=mm&r=g\",\"contentUrl\":\"https:\/\/secure.gravatar.com\/avatar\/0d38d78c90602daf39b309035cdac6bc?s=96&d=mm&r=g\",\"caption\":\"florent\"}}]}<\/script>\n<!-- \/ Yoast SEO plugin. -->","yoast_head_json":{"title":"Crisis humanitaria yanomami: una herencia de los a\u00f1os de Bolsonaro que le queda a Lula - El Grand Continent","robots":{"index":"index","follow":"follow","max-snippet":"max-snippet:-1","max-image-preview":"max-image-preview:large","max-video-preview":"max-video-preview:-1"},"canonical":"https:\/\/legrandcontinent.eu\/es\/2023\/02\/02\/crisis-humanitaria-yanomami-una-herencia-de-los-anos-de-bolsonaro-que-le-queda-a-lula\/","og_locale":"es_ES","og_type":"article","og_title":"Crisis humanitaria yanomami: una herencia de los a\u00f1os de Bolsonaro que le queda a Lula - El Grand Continent","og_description":"Como resultado de las pol\u00edticas anti-ind\u00edgenas y pro-explotaci\u00f3n de Jair Bolsonaro en la Amazon\u00eda, los Yanomami est\u00e1n sufriendo una mortalidad excesiva. La protecci\u00f3n de la Amazonia y de las personas que viven en ella es una cuesti\u00f3n central para el mandato de Lula, a quien le gustar\u00eda acoger la COP30 en Bel\u00e9m en 2025.","og_url":"https:\/\/legrandcontinent.eu\/es\/2023\/02\/02\/crisis-humanitaria-yanomami-una-herencia-de-los-anos-de-bolsonaro-que-le-queda-a-lula\/","og_site_name":"El Grand Continent","article_published_time":"2023-02-02T11:15:00+00:00","article_modified_time":"2023-02-02T16:36:57+00:00","og_image":[{"width":2560,"height":1440,"url":"https:\/\/legrandcontinent.eu\/es\/wp-content\/uploads\/sites\/6\/2023\/02\/gc-elyanomami-scaled.jpg","type":"image\/jpeg"}],"author":"florent","twitter_card":"summary_large_image","twitter_image":"https:\/\/legrandcontinent.eu\/es\/wp-content\/uploads\/sites\/6\/2023\/02\/gc-elyanomami-scaled.jpg","twitter_misc":{"Escrito por":"florent","Tiempo de lectura":"5 minutos"},"schema":{"@context":"https:\/\/schema.org","@graph":[{"@type":"WebPage","@id":"https:\/\/legrandcontinent.eu\/es\/2023\/02\/02\/crisis-humanitaria-yanomami-una-herencia-de-los-anos-de-bolsonaro-que-le-queda-a-lula\/","url":"https:\/\/legrandcontinent.eu\/es\/2023\/02\/02\/crisis-humanitaria-yanomami-una-herencia-de-los-anos-de-bolsonaro-que-le-queda-a-lula\/","name":"Crisis humanitaria yanomami: una herencia de los a\u00f1os de Bolsonaro que le queda a Lula - El Grand Continent","isPartOf":{"@id":"https:\/\/legrandcontinent.eu\/es\/#website"},"primaryImageOfPage":{"@id":"https:\/\/legrandcontinent.eu\/es\/2023\/02\/02\/crisis-humanitaria-yanomami-una-herencia-de-los-anos-de-bolsonaro-que-le-queda-a-lula\/#primaryimage"},"image":{"@id":"https:\/\/legrandcontinent.eu\/es\/2023\/02\/02\/crisis-humanitaria-yanomami-una-herencia-de-los-anos-de-bolsonaro-que-le-queda-a-lula\/#primaryimage"},"thumbnailUrl":"https:\/\/legrandcontinent.eu\/es\/wp-content\/uploads\/sites\/6\/2023\/02\/Capture-decran-2023-02-02-a-17.33.32.png","datePublished":"2023-02-02T11:15:00+00:00","dateModified":"2023-02-02T16:36:57+00:00","author":{"@id":"https:\/\/legrandcontinent.eu\/es\/#\/schema\/person\/cdd782c93d4a9eda86ab19a8c01cdf5c"},"breadcrumb":{"@id":"https:\/\/legrandcontinent.eu\/es\/2023\/02\/02\/crisis-humanitaria-yanomami-una-herencia-de-los-anos-de-bolsonaro-que-le-queda-a-lula\/#breadcrumb"},"inLanguage":"es","potentialAction":[{"@type":"ReadAction","target":["https:\/\/legrandcontinent.eu\/es\/2023\/02\/02\/crisis-humanitaria-yanomami-una-herencia-de-los-anos-de-bolsonaro-que-le-queda-a-lula\/"]}]},{"@type":"ImageObject","inLanguage":"es","@id":"https:\/\/legrandcontinent.eu\/es\/2023\/02\/02\/crisis-humanitaria-yanomami-una-herencia-de-los-anos-de-bolsonaro-que-le-queda-a-lula\/#primaryimage","url":"https:\/\/legrandcontinent.eu\/es\/wp-content\/uploads\/sites\/6\/2023\/02\/Capture-decran-2023-02-02-a-17.33.32.png","contentUrl":"https:\/\/legrandcontinent.eu\/es\/wp-content\/uploads\/sites\/6\/2023\/02\/Capture-decran-2023-02-02-a-17.33.32.png","width":1194,"height":1182},{"@type":"BreadcrumbList","@id":"https:\/\/legrandcontinent.eu\/es\/2023\/02\/02\/crisis-humanitaria-yanomami-una-herencia-de-los-anos-de-bolsonaro-que-le-queda-a-lula\/#breadcrumb","itemListElement":[{"@type":"ListItem","position":1,"name":"Home","item":"https:\/\/legrandcontinent.eu\/es\/"},{"@type":"ListItem","position":2,"name":"Crisis humanitaria yanomami: una herencia de los a\u00f1os de Bolsonaro que le queda a Lula"}]},{"@type":"WebSite","@id":"https:\/\/legrandcontinent.eu\/es\/#website","url":"https:\/\/legrandcontinent.eu\/es\/","name":"El Grand Continent","description":"La escala pertinente","potentialAction":[{"@type":"SearchAction","target":{"@type":"EntryPoint","urlTemplate":"https:\/\/legrandcontinent.eu\/es\/?s={search_term_string}"},"query-input":{"@type":"PropertyValueSpecification","valueRequired":true,"valueName":"search_term_string"}}],"inLanguage":"es"},{"@type":"Person","@id":"https:\/\/legrandcontinent.eu\/es\/#\/schema\/person\/cdd782c93d4a9eda86ab19a8c01cdf5c","name":"florent","image":{"@type":"ImageObject","inLanguage":"es","@id":"https:\/\/legrandcontinent.eu\/es\/#\/schema\/person\/image\/","url":"https:\/\/secure.gravatar.com\/avatar\/0d38d78c90602daf39b309035cdac6bc?s=96&d=mm&r=g","contentUrl":"https:\/\/secure.gravatar.com\/avatar\/0d38d78c90602daf39b309035cdac6bc?s=96&d=mm&r=g","caption":"florent"}}]}},"lgc_categories":[{"id":6,"name":"Pol\u00edtica","slug":"politica"}],"lgc_author":{"id":325,"name":"Guillaume Cornille","slug":"guillaume-cornille"},"feature_image_summary":{"url":"https:\/\/legrandcontinent.eu\/es\/wp-content\/uploads\/sites\/6\/2023\/02\/Capture-decran-2023-02-02-a-17.33.32.png","width":1194,"height":1182,"alt":""},"feature_image_cover":null,"term_position_data":null,"_links":{"self":[{"href":"https:\/\/legrandcontinent.eu\/es\/wp-json\/wp\/v2\/posts\/13479","targetHints":{"allow":["GET"]}}],"collection":[{"href":"https:\/\/legrandcontinent.eu\/es\/wp-json\/wp\/v2\/posts"}],"about":[{"href":"https:\/\/legrandcontinent.eu\/es\/wp-json\/wp\/v2\/types\/post"}],"author":[{"embeddable":true,"href":"https:\/\/legrandcontinent.eu\/es\/wp-json\/wp\/v2\/users\/1366"}],"replies":[{"embeddable":true,"href":"https:\/\/legrandcontinent.eu\/es\/wp-json\/wp\/v2\/comments?post=13479"}],"version-history":[{"count":0,"href":"https:\/\/legrandcontinent.eu\/es\/wp-json\/wp\/v2\/posts\/13479\/revisions"}],"wp:featuredmedia":[{"embeddable":true,"href":"https:\/\/legrandcontinent.eu\/es\/wp-json\/wp\/v2\/media\/13498"}],"wp:attachment":[{"href":"https:\/\/legrandcontinent.eu\/es\/wp-json\/wp\/v2\/media?parent=13479"}],"wp:term":[{"taxonomy":"category","embeddable":true,"href":"https:\/\/legrandcontinent.eu\/es\/wp-json\/wp\/v2\/categories?post=13479"},{"taxonomy":"post_tag","embeddable":true,"href":"https:\/\/legrandcontinent.eu\/es\/wp-json\/wp\/v2\/tags?post=13479"},{"taxonomy":"staff","embeddable":true,"href":"https:\/\/legrandcontinent.eu\/es\/wp-json\/wp\/v2\/staff?post=13479"},{"taxonomy":"editorial_format","embeddable":true,"href":"https:\/\/legrandcontinent.eu\/es\/wp-json\/wp\/v2\/editorial_format?post=13479"},{"taxonomy":"serie","embeddable":true,"href":"https:\/\/legrandcontinent.eu\/es\/wp-json\/wp\/v2\/serie?post=13479"},{"taxonomy":"audience","embeddable":true,"href":"https:\/\/legrandcontinent.eu\/es\/wp-json\/wp\/v2\/audience?post=13479"},{"taxonomy":"geo","embeddable":true,"href":"https:\/\/legrandcontinent.eu\/es\/wp-json\/wp\/v2\/geo?post=13479"}],"curies":[{"name":"wp","href":"https:\/\/api.w.org\/{rel}","templated":true}]}}