{"id":12013,"date":"2022-12-19T17:16:00","date_gmt":"2022-12-19T17:16:00","guid":{"rendered":"https:\/\/legrandcontinent.eu\/es\/?p=12013"},"modified":"2022-12-20T22:15:36","modified_gmt":"2022-12-20T22:15:36","slug":"firma-del-acuerdo-kunming-montreal-sobre-la-biodiversidad","status":"publish","type":"post","link":"https:\/\/legrandcontinent.eu\/es\/2022\/12\/19\/firma-del-acuerdo-kunming-montreal-sobre-la-biodiversidad\/","title":{"rendered":"Firma del Acuerdo Kunming-Montreal sobre la biodiversidad"},"content":{"rendered":"\n<p>La gran mayor\u00eda de los pa\u00edses y partes que participaron en la <a href=\"https:\/\/legrandcontinent.eu\/es\/2022\/12\/07\/perspectivas-mundiales-para-la-biodiversidad\/\">COP15<\/a> -que ha finalizado hoy- coinciden en que el acuerdo firmado hoy es hist\u00f3rico por su alcance.<\/p>\n\n\n\n<figure class=\"wp-block-embed is-type-rich is-provider-twitter wp-block-embed-twitter\"><div class=\"wp-block-embed__wrapper\">\n<blockquote class=\"twitter-tweet\" data-width=\"550\" data-dnt=\"true\"><p lang=\"en\" dir=\"ltr\">\u2757\ufe0fWe are living a HISTORIC moment.<br><br>?Governments just adopted the Kunming-Montreal Global <a href=\"https:\/\/twitter.com\/hashtag\/Biodiversity?src=hash&amp;ref_src=twsrc%5Etfw\">#Biodiversity<\/a> Framework.<br><br>This landmark agreement <a href=\"https:\/\/twitter.com\/hashtag\/ForNature?src=hash&amp;ref_src=twsrc%5Etfw\">#ForNature<\/a> aims at halting &amp; reversing biodiversity loss by 2030.<a href=\"https:\/\/twitter.com\/hashtag\/NaturePositive?src=hash&amp;ref_src=twsrc%5Etfw\">#NaturePositive<\/a> <a href=\"https:\/\/twitter.com\/hashtag\/TeamEarth?src=hash&amp;ref_src=twsrc%5Etfw\">#TeamEarth<\/a> <a href=\"https:\/\/t.co\/zRwl49LoxS\">pic.twitter.com\/zRwl49LoxS<\/a><\/p>&mdash; Clement Metivier (@clemetivier) <a href=\"https:\/\/twitter.com\/clemetivier\/status\/1604759921693560832?ref_src=twsrc%5Etfw\">December 19, 2022<\/a><\/blockquote><script async src=\"https:\/\/platform.twitter.com\/widgets.js\" charset=\"utf-8\"><\/script>\n<\/div><\/figure>\n\n\n\n<p>El acuerdo, titulado Marco Mundial para la Biodiversidad Kunming-Montreal, incluye varios objetivos, los m\u00e1s importantes de los cuales son<\/p>\n\n\n\n<ul class=\"wp-block-list\">\n<li>Proteger el 30% de las zonas terrestres y marinas del planeta y restaurar el 30% de los ecosistemas degradados (tambi\u00e9n conocido como \u00abprograma 30\/30\u00bb);<\/li>\n\n\n\n<li>Aumentar a 30.000 millones de d\u00f3lares anuales los flujos financieros destinados a la biodiversidad en los pa\u00edses en desarrollo para 2030;<\/li>\n\n\n\n<li>La creaci\u00f3n de un nuevo Fondo Mundial para la Biodiversidad, dentro de una organizaci\u00f3n ya existente (el Fondo para el Medio Ambiente Mundial, creado en 1991)&nbsp;<span class='whitespace-nowrap'><span id='easy-footnote-1-12013' class='easy-footnote-margin-adjust'><\/span><span class='easy-footnote'><a href='https:\/\/legrandcontinent.eu\/es\/2022\/12\/19\/firma-del-acuerdo-kunming-montreal-sobre-la-biodiversidad\/#easy-footnote-bottom-1-12013' title='&lt;a href=&quot;https:\/\/www.cbd.int\/doc\/c\/e6d3\/cd1d\/daf663719a03902a9b116c34\/cop-15-l-25-en.pdf&quot;&gt;Kunming-Montreal Global biodiversity framework Draft decision submitted by the President&lt;\/a&gt;, Convention on Biological Diversity, 18 de diciembre 2022.'><sup>1<\/sup><\/a><\/span><\/span>.<\/li>\n<\/ul>\n\n\n\n<div class=\"iframe-container wp-block-image wp-block-image-medium \">\n\t<div>\n\t\t<iframe class=\"absolute w-full h-full pin-t pin-l\" title=\"titolo\" aria-label=\"Interactive line chart\" src=\"\/\/flo.uri.sh\/visualisation\/12092623\/embed\" scrolling=\"no\" frameborder=\"0\"><\/iframe>\n\t<\/div>\n<\/div>\n\n\n\n<p>En la actualidad, el importe total de las \u00absoluciones basadas en la naturaleza\u00bb (o NBS, por sus siglas en ingl\u00e9s) -que incluyen acciones para proteger, conservar, restaurar, utilizar y gestionar de forma sostenible los ecosistemas- asciende a 154.000 millones de d\u00f3lares anuales, seg\u00fan la ONU. Esto deber\u00eda triplicarse de aqu\u00ed a 2030 para limitar el calentamiento global a 1,5 \u00b0C, detener la p\u00e9rdida de biodiversidad y lograr la neutralidad en la degradaci\u00f3n del suelo&nbsp;<span class='whitespace-nowrap'><span id='easy-footnote-2-12013' class='easy-footnote-margin-adjust'><\/span><span class='easy-footnote'><a href='https:\/\/legrandcontinent.eu\/es\/2022\/12\/19\/firma-del-acuerdo-kunming-montreal-sobre-la-biodiversidad\/#easy-footnote-bottom-2-12013' title='&lt;a href=&quot;https:\/\/wedocs.unep.org\/bitstream\/handle\/20.500.11822\/41333\/state_finance_nature.pdf?sequence=3&quot;&gt;State of Finance for Nature&amp;nbsp;? Time to act&amp;nbsp;: Doubling finance flows into nature-based solutions by 2025 to deal with global crises&lt;\/a&gt;, Naciones Unidas, 1 de diciembre 2022.'><sup>2<\/sup><\/a><\/span><\/span>.<\/p>\n\n\n\n<p>La p\u00e9rdida de biodiversidad afecta sobre todo a los pa\u00edses del Sur.<\/p>\n\n\n\n<ul class=\"wp-block-list\">\n<li>Seg\u00fan el \u00cdndice Planeta Vivo de WWF, desde 1970 se ha perdido el 20% de la biodiversidad en Europa, Asia Central y Norteam\u00e9rica.<\/li>\n\n\n\n<li>Esta cifra es muy inferior a la media mundial del 69%, con Am\u00e9rica Latina y el Caribe a la cabeza.<\/li>\n<\/ul>\n\n\n\n<div class=\"iframe-container wp-block-image wp-block-image-medium \">\n\t<div>\n\t\t<iframe class=\"absolute w-full h-full pin-t pin-l\" title=\"titolo\" aria-label=\"Interactive line chart\" src=\"\/\/flo.uri.sh\/visualisation\/12092646\/embed\" scrolling=\"no\" frameborder=\"0\"><\/iframe>\n\t<\/div>\n<\/div>\n\n\n\n<p>Varios pa\u00edses del Sur (entre ellos la Rep\u00fablica Democr\u00e1tica del Congo, Camer\u00fan y Uganda) se opusieron al acuerdo en las \u00faltimas horas de negociaci\u00f3n por considerar demasiado bajo el importe de los compromisos financieros y por el uso de un fondo ya existente. Sin embargo, el Ministro chino de Ecolog\u00eda y Medio Ambiente, Huang Runqiu, que preside la cumbre, dej\u00f3 de lado estas preocupaciones&nbsp;<span class='whitespace-nowrap'><span id='easy-footnote-3-12013' class='easy-footnote-margin-adjust'><\/span><span class='easy-footnote'><a href='https:\/\/legrandcontinent.eu\/es\/2022\/12\/19\/firma-del-acuerdo-kunming-montreal-sobre-la-biodiversidad\/#easy-footnote-bottom-3-12013' title='Michael Casey, \u00ab&amp;nbsp;&lt;a href=&quot;https:\/\/apnews.com\/article\/china-united-nations-biodiversity-climate-and-environment-eee5683a8fac71540f94e9934031bd22?utm_source=dailybrief&amp;amp;utm_medium=email&amp;amp;utm_campaign=DailyBrief2022Dec19&amp;amp;utm_term=DailyNewsBrief&quot;&gt;Historic biodiversity agreement reached at UN conference&lt;\/a&gt;&amp;nbsp;\u00bb,&amp;nbsp;&lt;em&gt;AP&lt;\/em&gt;, 19 de diciembre 2022.'><sup>3<\/sup><\/a><\/span><\/span>.<\/p>\n\n\n\n<ul class=\"wp-block-list\">\n<li>A pesar de la importancia hist\u00f3rica del acuerdo, persisten varias inc\u00f3gnitas.<\/li>\n\n\n\n<li>El acuerdo no incluye ning\u00fan mecanismo vinculante que garantice el cumplimiento de los objetivos fijados en Montreal.<\/li>\n\n\n\n<li>Algunos elementos del mecanismo de seguimiento de los compromisos deber\u00e1n aclararse en la pr\u00f3xima Conferencia sobre Biodiversidad, que se celebrar\u00e1 en Turqu\u00eda dentro de dos a\u00f1os.<\/li>\n<\/ul>\n","protected":false},"excerpt":{"rendered":"<p>Hoy, m\u00e1s de 190 pa\u00edses reunidos en Montreal para la COP 15 se han comprometido a proteger el 30% del planeta y restaurar el 30% de los ecosistemas perdidos para 2030. A pesar de este acuerdo hist\u00f3rico, muchos pa\u00edses del Sur consideran que las sumas prometidas para la biodiversidad siguen siendo demasiado bajas.<\/p>\n","protected":false},"author":1366,"featured_media":12073,"comment_status":"closed","ping_status":"closed","sticky":false,"template":"templates\/post-briefings.php","format":"standard","meta":{"_acf_changed":false,"_trash_the_other_posts":false,"_yoast_wpseo_estimated-reading-time-minutes":2,"footnotes":""},"categories":[98],"tags":[],"staff":[],"editorial_format":[],"serie":[],"audience":[],"geo":[198],"class_list":["post-12013","post","type-post","status-publish","format-standard","hentry","category-energia-y-medio-ambiente","geo-mundo"],"acf":{"open_in_webview":false,"accent":false},"yoast_head":"<!-- This site is optimized with the Yoast SEO plugin v26.1.1 - https:\/\/yoast.com\/wordpress\/plugins\/seo\/ -->\n<title>Firma del Acuerdo Kunming-Montreal sobre la biodiversidad - El Grand Continent<\/title>\n<meta name=\"robots\" content=\"index, follow, max-snippet:-1, max-image-preview:large, max-video-preview:-1\" \/>\n<link rel=\"canonical\" href=\"https:\/\/legrandcontinent.eu\/es\/2022\/12\/19\/firma-del-acuerdo-kunming-montreal-sobre-la-biodiversidad\/\" \/>\n<meta property=\"og:locale\" content=\"es_ES\" \/>\n<meta property=\"og:type\" content=\"article\" \/>\n<meta property=\"og:title\" content=\"Firma del Acuerdo Kunming-Montreal sobre la biodiversidad - El Grand Continent\" \/>\n<meta property=\"og:description\" content=\"Hoy, m\u00e1s de 190 pa\u00edses reunidos en Montreal para la COP 15 se han comprometido a proteger el 30% del planeta y restaurar el 30% de los ecosistemas perdidos para 2030. A pesar de este acuerdo hist\u00f3rico, muchos pa\u00edses del Sur consideran que las sumas prometidas para la biodiversidad siguen siendo demasiado bajas.\" \/>\n<meta property=\"og:url\" content=\"https:\/\/legrandcontinent.eu\/es\/2022\/12\/19\/firma-del-acuerdo-kunming-montreal-sobre-la-biodiversidad\/\" \/>\n<meta property=\"og:site_name\" content=\"El Grand Continent\" \/>\n<meta property=\"article:published_time\" content=\"2022-12-19T17:16:00+00:00\" \/>\n<meta property=\"article:modified_time\" content=\"2022-12-20T22:15:36+00:00\" \/>\n<meta property=\"og:image\" content=\"https:\/\/legrandcontinent.eu\/es\/wp-content\/uploads\/sites\/6\/2022\/12\/Capture-decran-2022-12-20-a-23.12.40-990x557.png\" \/>\n\t<meta property=\"og:image:width\" content=\"990\" \/>\n\t<meta property=\"og:image:height\" content=\"557\" \/>\n\t<meta property=\"og:image:type\" content=\"image\/png\" \/>\n<meta name=\"author\" content=\"florent\" \/>\n<meta name=\"twitter:card\" content=\"summary_large_image\" \/>\n<meta name=\"twitter:image\" content=\"https:\/\/legrandcontinent.eu\/es\/wp-content\/uploads\/sites\/6\/2022\/12\/Capture-decran-2022-12-20-a-23.12.40.png\" \/>\n<meta name=\"twitter:label1\" content=\"Escrito por\" \/>\n\t<meta name=\"twitter:data1\" content=\"florent\" \/>\n\t<meta name=\"twitter:label2\" content=\"Tiempo de lectura\" \/>\n\t<meta name=\"twitter:data2\" content=\"2 minutos\" \/>\n<script type=\"application\/ld+json\" class=\"yoast-schema-graph\">{\"@context\":\"https:\/\/schema.org\",\"@graph\":[{\"@type\":\"WebPage\",\"@id\":\"https:\/\/legrandcontinent.eu\/es\/2022\/12\/19\/firma-del-acuerdo-kunming-montreal-sobre-la-biodiversidad\/\",\"url\":\"https:\/\/legrandcontinent.eu\/es\/2022\/12\/19\/firma-del-acuerdo-kunming-montreal-sobre-la-biodiversidad\/\",\"name\":\"Firma del Acuerdo Kunming-Montreal sobre la biodiversidad - El Grand Continent\",\"isPartOf\":{\"@id\":\"https:\/\/legrandcontinent.eu\/es\/#website\"},\"primaryImageOfPage\":{\"@id\":\"https:\/\/legrandcontinent.eu\/es\/2022\/12\/19\/firma-del-acuerdo-kunming-montreal-sobre-la-biodiversidad\/#primaryimage\"},\"image\":{\"@id\":\"https:\/\/legrandcontinent.eu\/es\/2022\/12\/19\/firma-del-acuerdo-kunming-montreal-sobre-la-biodiversidad\/#primaryimage\"},\"thumbnailUrl\":\"https:\/\/legrandcontinent.eu\/es\/wp-content\/uploads\/sites\/6\/2022\/12\/Capture-decran-2022-12-20-a-23.11.39.png\",\"datePublished\":\"2022-12-19T17:16:00+00:00\",\"dateModified\":\"2022-12-20T22:15:36+00:00\",\"author\":{\"@id\":\"https:\/\/legrandcontinent.eu\/es\/#\/schema\/person\/cdd782c93d4a9eda86ab19a8c01cdf5c\"},\"breadcrumb\":{\"@id\":\"https:\/\/legrandcontinent.eu\/es\/2022\/12\/19\/firma-del-acuerdo-kunming-montreal-sobre-la-biodiversidad\/#breadcrumb\"},\"inLanguage\":\"es\",\"potentialAction\":[{\"@type\":\"ReadAction\",\"target\":[\"https:\/\/legrandcontinent.eu\/es\/2022\/12\/19\/firma-del-acuerdo-kunming-montreal-sobre-la-biodiversidad\/\"]}]},{\"@type\":\"ImageObject\",\"inLanguage\":\"es\",\"@id\":\"https:\/\/legrandcontinent.eu\/es\/2022\/12\/19\/firma-del-acuerdo-kunming-montreal-sobre-la-biodiversidad\/#primaryimage\",\"url\":\"https:\/\/legrandcontinent.eu\/es\/wp-content\/uploads\/sites\/6\/2022\/12\/Capture-decran-2022-12-20-a-23.11.39.png\",\"contentUrl\":\"https:\/\/legrandcontinent.eu\/es\/wp-content\/uploads\/sites\/6\/2022\/12\/Capture-decran-2022-12-20-a-23.11.39.png\",\"width\":2656,\"height\":958},{\"@type\":\"BreadcrumbList\",\"@id\":\"https:\/\/legrandcontinent.eu\/es\/2022\/12\/19\/firma-del-acuerdo-kunming-montreal-sobre-la-biodiversidad\/#breadcrumb\",\"itemListElement\":[{\"@type\":\"ListItem\",\"position\":1,\"name\":\"Home\",\"item\":\"https:\/\/legrandcontinent.eu\/es\/\"},{\"@type\":\"ListItem\",\"position\":2,\"name\":\"Firma del Acuerdo Kunming-Montreal sobre la biodiversidad\"}]},{\"@type\":\"WebSite\",\"@id\":\"https:\/\/legrandcontinent.eu\/es\/#website\",\"url\":\"https:\/\/legrandcontinent.eu\/es\/\",\"name\":\"El Grand Continent\",\"description\":\"La escala pertinente\",\"potentialAction\":[{\"@type\":\"SearchAction\",\"target\":{\"@type\":\"EntryPoint\",\"urlTemplate\":\"https:\/\/legrandcontinent.eu\/es\/?s={search_term_string}\"},\"query-input\":{\"@type\":\"PropertyValueSpecification\",\"valueRequired\":true,\"valueName\":\"search_term_string\"}}],\"inLanguage\":\"es\"},{\"@type\":\"Person\",\"@id\":\"https:\/\/legrandcontinent.eu\/es\/#\/schema\/person\/cdd782c93d4a9eda86ab19a8c01cdf5c\",\"name\":\"florent\",\"image\":{\"@type\":\"ImageObject\",\"inLanguage\":\"es\",\"@id\":\"https:\/\/legrandcontinent.eu\/es\/#\/schema\/person\/image\/\",\"url\":\"https:\/\/secure.gravatar.com\/avatar\/0d38d78c90602daf39b309035cdac6bc?s=96&d=mm&r=g\",\"contentUrl\":\"https:\/\/secure.gravatar.com\/avatar\/0d38d78c90602daf39b309035cdac6bc?s=96&d=mm&r=g\",\"caption\":\"florent\"}}]}<\/script>\n<!-- \/ Yoast SEO plugin. -->","yoast_head_json":{"title":"Firma del Acuerdo Kunming-Montreal sobre la biodiversidad - El Grand Continent","robots":{"index":"index","follow":"follow","max-snippet":"max-snippet:-1","max-image-preview":"max-image-preview:large","max-video-preview":"max-video-preview:-1"},"canonical":"https:\/\/legrandcontinent.eu\/es\/2022\/12\/19\/firma-del-acuerdo-kunming-montreal-sobre-la-biodiversidad\/","og_locale":"es_ES","og_type":"article","og_title":"Firma del Acuerdo Kunming-Montreal sobre la biodiversidad - El Grand Continent","og_description":"Hoy, m\u00e1s de 190 pa\u00edses reunidos en Montreal para la COP 15 se han comprometido a proteger el 30% del planeta y restaurar el 30% de los ecosistemas perdidos para 2030. A pesar de este acuerdo hist\u00f3rico, muchos pa\u00edses del Sur consideran que las sumas prometidas para la biodiversidad siguen siendo demasiado bajas.","og_url":"https:\/\/legrandcontinent.eu\/es\/2022\/12\/19\/firma-del-acuerdo-kunming-montreal-sobre-la-biodiversidad\/","og_site_name":"El Grand Continent","article_published_time":"2022-12-19T17:16:00+00:00","article_modified_time":"2022-12-20T22:15:36+00:00","og_image":[{"width":990,"height":557,"url":"https:\/\/legrandcontinent.eu\/es\/wp-content\/uploads\/sites\/6\/2022\/12\/Capture-decran-2022-12-20-a-23.12.40-990x557.png","type":"image\/png"}],"author":"florent","twitter_card":"summary_large_image","twitter_image":"https:\/\/legrandcontinent.eu\/es\/wp-content\/uploads\/sites\/6\/2022\/12\/Capture-decran-2022-12-20-a-23.12.40.png","twitter_misc":{"Escrito por":"florent","Tiempo de lectura":"2 minutos"},"schema":{"@context":"https:\/\/schema.org","@graph":[{"@type":"WebPage","@id":"https:\/\/legrandcontinent.eu\/es\/2022\/12\/19\/firma-del-acuerdo-kunming-montreal-sobre-la-biodiversidad\/","url":"https:\/\/legrandcontinent.eu\/es\/2022\/12\/19\/firma-del-acuerdo-kunming-montreal-sobre-la-biodiversidad\/","name":"Firma del Acuerdo Kunming-Montreal sobre la biodiversidad - El Grand Continent","isPartOf":{"@id":"https:\/\/legrandcontinent.eu\/es\/#website"},"primaryImageOfPage":{"@id":"https:\/\/legrandcontinent.eu\/es\/2022\/12\/19\/firma-del-acuerdo-kunming-montreal-sobre-la-biodiversidad\/#primaryimage"},"image":{"@id":"https:\/\/legrandcontinent.eu\/es\/2022\/12\/19\/firma-del-acuerdo-kunming-montreal-sobre-la-biodiversidad\/#primaryimage"},"thumbnailUrl":"https:\/\/legrandcontinent.eu\/es\/wp-content\/uploads\/sites\/6\/2022\/12\/Capture-decran-2022-12-20-a-23.11.39.png","datePublished":"2022-12-19T17:16:00+00:00","dateModified":"2022-12-20T22:15:36+00:00","author":{"@id":"https:\/\/legrandcontinent.eu\/es\/#\/schema\/person\/cdd782c93d4a9eda86ab19a8c01cdf5c"},"breadcrumb":{"@id":"https:\/\/legrandcontinent.eu\/es\/2022\/12\/19\/firma-del-acuerdo-kunming-montreal-sobre-la-biodiversidad\/#breadcrumb"},"inLanguage":"es","potentialAction":[{"@type":"ReadAction","target":["https:\/\/legrandcontinent.eu\/es\/2022\/12\/19\/firma-del-acuerdo-kunming-montreal-sobre-la-biodiversidad\/"]}]},{"@type":"ImageObject","inLanguage":"es","@id":"https:\/\/legrandcontinent.eu\/es\/2022\/12\/19\/firma-del-acuerdo-kunming-montreal-sobre-la-biodiversidad\/#primaryimage","url":"https:\/\/legrandcontinent.eu\/es\/wp-content\/uploads\/sites\/6\/2022\/12\/Capture-decran-2022-12-20-a-23.11.39.png","contentUrl":"https:\/\/legrandcontinent.eu\/es\/wp-content\/uploads\/sites\/6\/2022\/12\/Capture-decran-2022-12-20-a-23.11.39.png","width":2656,"height":958},{"@type":"BreadcrumbList","@id":"https:\/\/legrandcontinent.eu\/es\/2022\/12\/19\/firma-del-acuerdo-kunming-montreal-sobre-la-biodiversidad\/#breadcrumb","itemListElement":[{"@type":"ListItem","position":1,"name":"Home","item":"https:\/\/legrandcontinent.eu\/es\/"},{"@type":"ListItem","position":2,"name":"Firma del Acuerdo Kunming-Montreal sobre la biodiversidad"}]},{"@type":"WebSite","@id":"https:\/\/legrandcontinent.eu\/es\/#website","url":"https:\/\/legrandcontinent.eu\/es\/","name":"El Grand Continent","description":"La escala pertinente","potentialAction":[{"@type":"SearchAction","target":{"@type":"EntryPoint","urlTemplate":"https:\/\/legrandcontinent.eu\/es\/?s={search_term_string}"},"query-input":{"@type":"PropertyValueSpecification","valueRequired":true,"valueName":"search_term_string"}}],"inLanguage":"es"},{"@type":"Person","@id":"https:\/\/legrandcontinent.eu\/es\/#\/schema\/person\/cdd782c93d4a9eda86ab19a8c01cdf5c","name":"florent","image":{"@type":"ImageObject","inLanguage":"es","@id":"https:\/\/legrandcontinent.eu\/es\/#\/schema\/person\/image\/","url":"https:\/\/secure.gravatar.com\/avatar\/0d38d78c90602daf39b309035cdac6bc?s=96&d=mm&r=g","contentUrl":"https:\/\/secure.gravatar.com\/avatar\/0d38d78c90602daf39b309035cdac6bc?s=96&d=mm&r=g","caption":"florent"}}]}},"lgc_categories":[{"id":98,"name":"Energ\u00eda y medio ambiente","slug":"energia-y-medio-ambiente"}],"lgc_author":null,"feature_image_summary":{"url":"https:\/\/legrandcontinent.eu\/es\/wp-content\/uploads\/sites\/6\/2022\/12\/Capture-decran-2022-12-20-a-23.11.39.png","width":2656,"height":958,"alt":""},"feature_image_cover":null,"term_position_data":null,"_links":{"self":[{"href":"https:\/\/legrandcontinent.eu\/es\/wp-json\/wp\/v2\/posts\/12013","targetHints":{"allow":["GET"]}}],"collection":[{"href":"https:\/\/legrandcontinent.eu\/es\/wp-json\/wp\/v2\/posts"}],"about":[{"href":"https:\/\/legrandcontinent.eu\/es\/wp-json\/wp\/v2\/types\/post"}],"author":[{"embeddable":true,"href":"https:\/\/legrandcontinent.eu\/es\/wp-json\/wp\/v2\/users\/1366"}],"replies":[{"embeddable":true,"href":"https:\/\/legrandcontinent.eu\/es\/wp-json\/wp\/v2\/comments?post=12013"}],"version-history":[{"count":0,"href":"https:\/\/legrandcontinent.eu\/es\/wp-json\/wp\/v2\/posts\/12013\/revisions"}],"wp:featuredmedia":[{"embeddable":true,"href":"https:\/\/legrandcontinent.eu\/es\/wp-json\/wp\/v2\/media\/12073"}],"wp:attachment":[{"href":"https:\/\/legrandcontinent.eu\/es\/wp-json\/wp\/v2\/media?parent=12013"}],"wp:term":[{"taxonomy":"category","embeddable":true,"href":"https:\/\/legrandcontinent.eu\/es\/wp-json\/wp\/v2\/categories?post=12013"},{"taxonomy":"post_tag","embeddable":true,"href":"https:\/\/legrandcontinent.eu\/es\/wp-json\/wp\/v2\/tags?post=12013"},{"taxonomy":"staff","embeddable":true,"href":"https:\/\/legrandcontinent.eu\/es\/wp-json\/wp\/v2\/staff?post=12013"},{"taxonomy":"editorial_format","embeddable":true,"href":"https:\/\/legrandcontinent.eu\/es\/wp-json\/wp\/v2\/editorial_format?post=12013"},{"taxonomy":"serie","embeddable":true,"href":"https:\/\/legrandcontinent.eu\/es\/wp-json\/wp\/v2\/serie?post=12013"},{"taxonomy":"audience","embeddable":true,"href":"https:\/\/legrandcontinent.eu\/es\/wp-json\/wp\/v2\/audience?post=12013"},{"taxonomy":"geo","embeddable":true,"href":"https:\/\/legrandcontinent.eu\/es\/wp-json\/wp\/v2\/geo?post=12013"}],"curies":[{"name":"wp","href":"https:\/\/api.w.org\/{rel}","templated":true}]}}