{"id":11944,"date":"2022-12-15T19:38:00","date_gmt":"2022-12-15T19:38:00","guid":{"rendered":"https:\/\/legrandcontinent.eu\/es\/?p=11944"},"modified":"2022-12-17T16:32:33","modified_gmt":"2022-12-17T16:32:33","slug":"la-huella-de-carbono-del-mundial-de-qatar","status":"publish","type":"post","link":"https:\/\/legrandcontinent.eu\/es\/2022\/12\/15\/la-huella-de-carbono-del-mundial-de-qatar\/","title":{"rendered":"La huella de carbono del Mundial de Qatar"},"content":{"rendered":"\n<p>Seg\u00fan estimaciones de la ONG Carbon Market Watch, el <a href=\"https:\/\/legrandcontinent.eu\/es\/2022\/11\/18\/quien-boicoteara-el-mundial-de-qatar\/\">Mundial de Qatar<\/a> podr\u00eda liberar a la atm\u00f3sfera m\u00e1s de 5 millones de toneladas de CO2, m\u00e1s del 5% de las emisiones anuales del pa\u00eds en 2019.<\/p>\n\n\n\n<div class=\"iframe-container wp-block-image wp-block-image-medium  iframe-dw\">\n\t<div>\n\t\t<iframe class=\"absolute w-full h-full pin-t pin-l\" title=\"titolo\" aria-label=\"Interactive line chart\" src=\"\/\/datawrapper.dwcdn.net\/bYtk4\/\" scrolling=\"no\" frameborder=\"0\"><\/iframe>\n\t<\/div>\n<\/div>\n\n\n\n<p>La principal causa de esta huella de carbono es la construcci\u00f3n de estadios de gran capacidad espec\u00edficamente para el acontecimiento.<\/p>\n\n\n\n<ul class=\"wp-block-list\">\n<li>De los 8 estadios que albergan partidos de la <a href=\"https:\/\/legrandcontinent.eu\/es\/2022\/11\/18\/de-1978-a-2022-por-que-la-izquierda-no-boicotea-el-mundial\/\">Copa del Mundo<\/a>, 7 se construyeron \u00edntegramente para la competici\u00f3n.<\/li>\n\n\n\n<li>Aunque algunas de ellas se mantendr\u00e1n, su construcci\u00f3n hace imposible que la Copa del Mundo sea calificada de competici\u00f3n \u00abneutra en carbono\u00bb, como prometi\u00f3 la FIFA&nbsp;<span class='whitespace-nowrap'><span id='easy-footnote-1-11944' class='easy-footnote-margin-adjust'><\/span><span class='easy-footnote'><a href='https:\/\/legrandcontinent.eu\/es\/2022\/12\/15\/la-huella-de-carbono-del-mundial-de-qatar\/#easy-footnote-bottom-1-11944' title='&lt;a href=&quot;https:\/\/carbonmarketwatch.org\/wp-content\/uploads\/2022\/05\/Poor-tackling_-Yellow-card-for-2022-FIFA-1.pdf&quot;&gt;Poor tackling&amp;nbsp;: Yellow card for 2022 FIFA World Cup\u2019s carbon neutrality claim&lt;\/a&gt;, Carbon Market Watch, Mayo 2022.'><sup>1<\/sup><\/a><\/span><\/span>.<\/li>\n<\/ul>\n\n\n\n<div class=\"iframe-container wp-block-image wp-block-image-medium  iframe-dw\">\n\t<div>\n\t\t<iframe class=\"absolute w-full h-full pin-t pin-l\" title=\"titolo\" aria-label=\"Interactive line chart\" src=\"\/\/datawrapper.dwcdn.net\/9IUP9\/\" scrolling=\"no\" frameborder=\"0\"><\/iframe>\n\t<\/div>\n<\/div>\n\n\n\n<p>En el \u00faltimo Mundial de Rusia 2018, se calcula que alrededor del 74% de las emisiones de CO2 estuvieron relacionadas con el transporte internacional a\u00e9reo y terrestre, pero tambi\u00e9n entre estadios. Aunque los estadios est\u00e1n mucho m\u00e1s cerca unos de otros en <a href=\"https:\/\/legrandcontinent.eu\/es\/2021\/11\/22\/debemos-boicotear-el-mundial-de-qatar\/\">Qatar<\/a>, se calcula que el 68% de las emisiones de CO2 est\u00e1n relacionadas con su construcci\u00f3n, frente a s\u00f3lo el 3,1% de los desplazamientos.<\/p>\n\n\n\n<div class=\"iframe-container wp-block-image wp-block-image-medium  iframe-dw\">\n\t<div>\n\t\t<iframe class=\"absolute w-full h-full pin-t pin-l\" title=\"titolo\" aria-label=\"Interactive line chart\" src=\"\/\/datawrapper.dwcdn.net\/QW9EX\/\" scrolling=\"no\" frameborder=\"0\"><\/iframe>\n\t<\/div>\n<\/div>\n\n\n\n<p>Aunque los estadios est\u00e1n muy cerca unos de otros debido al tama\u00f1o del pa\u00eds -y adem\u00e1s est\u00e1n bien comunicados, gracias a un amplio sistema de metro autom\u00e1tico que estar\u00e1 operativo en 2019-, hay casi 100 vuelos diarios a las principales ciudades de la regi\u00f3n&nbsp;<span class='whitespace-nowrap'><span id='easy-footnote-2-11944' class='easy-footnote-margin-adjust'><\/span><span class='easy-footnote'><a href='https:\/\/legrandcontinent.eu\/es\/2022\/12\/15\/la-huella-de-carbono-del-mundial-de-qatar\/#easy-footnote-bottom-2-11944' title='Simone Foxman, Adveith Nair y Sam Dodge, \u00ab\u00a0&lt;a href=&quot;https:\/\/www.bloomberg.com\/graphics\/2022-what-qatar-built-for-the-world-cup\/&quot;&gt;What Qatar Built for the Most Expensive World Cup Ever&lt;\/a&gt;\u00a0\u00bb,\u00a0&lt;em&gt;Bloomberg&lt;\/em&gt;, 18 de noviembre 2022.'><sup>2<\/sup><\/a><\/span><\/span>.<\/p>\n\n\n\n<p>El Mundial de f\u00fatbol de Qatar es un desastre medioambiental, pero <a href=\"https:\/\/legrandcontinent.eu\/es\/2022\/09\/06\/el-coste-ecologico-y-humano-de-la-copa-del-mundo-de-2022-en-qatar\/\">tambi\u00e9n humano<\/a>.<\/p>\n\n\n\n<ul class=\"wp-block-list\">\n<li>Seg\u00fan una investigaci\u00f3n de <em>The Guardian<\/em>, al menos 6.750 trabajadores inmigrantes han muerto en Qatar desde que el pa\u00eds fue elegido sede de la Copa del Mundo en 2010&nbsp;<span class='whitespace-nowrap'><span id='easy-footnote-3-11944' class='easy-footnote-margin-adjust'><\/span><span class='easy-footnote'><a href='https:\/\/legrandcontinent.eu\/es\/2022\/12\/15\/la-huella-de-carbono-del-mundial-de-qatar\/#easy-footnote-bottom-3-11944' title='Pete Pattisson, Niamh McIntyre, Imran Mukhtar, Nikhil Eapen, Imran Mukhtar, Md Owasim Uddin Bhuyan, Udwab Bhattarai y Aanya Piyari, \u00ab\u00a0&lt;a href=&quot;https:\/\/amp.theguardian.com\/global-development\/2021\/feb\/23\/revealed-migrant-worker-deaths-qatar-fifa-world-cup-2022&quot;&gt;Revealed\u00a0: 6,500 migrant workers have died in Qatar since World Cup awarded&lt;\/a&gt;\u00a0\u00bb,\u00a0&lt;em&gt;The Guardian&lt;\/em&gt;, 23 de febrero 2021.'><sup>3<\/sup><\/a><\/span><\/span>.<\/li>\n\n\n\n<li>A ra\u00edz de la recopilaci\u00f3n de datos recogidos por las embajadas extranjeras en Qatar, se descubri\u00f3 que la mayor\u00eda de estas muertes se notificaron como \u00abnaturales\u00bb; los accidentes laborales y las condiciones de vida de estos trabajadores inmigrantes representaban una proporci\u00f3n mucho menor.<\/li>\n<\/ul>\n","protected":false},"excerpt":{"rendered":"<p>El Mundial de Qatar es el acontecimiento deportivo m\u00e1s contaminante de los \u00faltimos a\u00f1os. La construcci\u00f3n de 7 estadios y los vuelos diarios de ida y vuelta a los Estados del Golfo est\u00e1n socavando gravemente el compromiso de la FIFA de hacer que este torneo sea \u00abneutro en carbono\u00bb.<\/p>\n","protected":false},"author":1366,"featured_media":11966,"comment_status":"closed","ping_status":"closed","sticky":false,"template":"templates\/post-briefings.php","format":"standard","meta":{"_acf_changed":false,"_trash_the_other_posts":false,"_yoast_wpseo_estimated-reading-time-minutes":2,"footnotes":""},"categories":[98],"tags":[],"staff":[],"editorial_format":[],"serie":[],"audience":[],"geo":[198],"class_list":["post-11944","post","type-post","status-publish","format-standard","hentry","category-energia-y-medio-ambiente","geo-mundo"],"acf":{"open_in_webview":false,"accent":false},"yoast_head":"<!-- This site is optimized with the Yoast SEO plugin v26.1.1 - https:\/\/yoast.com\/wordpress\/plugins\/seo\/ -->\n<title>La huella de carbono del Mundial de Qatar - El Grand Continent<\/title>\n<meta name=\"robots\" content=\"index, follow, max-snippet:-1, max-image-preview:large, max-video-preview:-1\" \/>\n<link rel=\"canonical\" href=\"https:\/\/legrandcontinent.eu\/es\/2022\/12\/15\/la-huella-de-carbono-del-mundial-de-qatar\/\" \/>\n<meta property=\"og:locale\" content=\"es_ES\" \/>\n<meta property=\"og:type\" content=\"article\" \/>\n<meta property=\"og:title\" content=\"La huella de carbono del Mundial de Qatar - El Grand Continent\" \/>\n<meta property=\"og:description\" content=\"El Mundial de Qatar es el acontecimiento deportivo m\u00e1s contaminante de los \u00faltimos a\u00f1os. La construcci\u00f3n de 7 estadios y los vuelos diarios de ida y vuelta a los Estados del Golfo est\u00e1n socavando gravemente el compromiso de la FIFA de hacer que este torneo sea &quot;neutro en carbono&quot;.\" \/>\n<meta property=\"og:url\" content=\"https:\/\/legrandcontinent.eu\/es\/2022\/12\/15\/la-huella-de-carbono-del-mundial-de-qatar\/\" \/>\n<meta property=\"og:site_name\" content=\"El Grand Continent\" \/>\n<meta property=\"article:published_time\" content=\"2022-12-15T19:38:00+00:00\" \/>\n<meta property=\"article:modified_time\" content=\"2022-12-17T16:32:33+00:00\" \/>\n<meta property=\"og:image\" content=\"https:\/\/legrandcontinent.eu\/es\/wp-content\/uploads\/sites\/6\/2022\/12\/gc-elmundialcarbono-scaled.jpg\" \/>\n\t<meta property=\"og:image:width\" content=\"2560\" \/>\n\t<meta property=\"og:image:height\" content=\"1440\" \/>\n\t<meta property=\"og:image:type\" content=\"image\/jpeg\" \/>\n<meta name=\"author\" content=\"florent\" \/>\n<meta name=\"twitter:card\" content=\"summary_large_image\" \/>\n<meta name=\"twitter:image\" content=\"https:\/\/legrandcontinent.eu\/es\/wp-content\/uploads\/sites\/6\/2022\/12\/gc-elmundialcarbono-scaled.jpg\" \/>\n<meta name=\"twitter:label1\" content=\"Escrito por\" \/>\n\t<meta name=\"twitter:data1\" content=\"florent\" \/>\n\t<meta name=\"twitter:label2\" content=\"Tiempo de lectura\" \/>\n\t<meta name=\"twitter:data2\" content=\"2 minutos\" \/>\n<script type=\"application\/ld+json\" class=\"yoast-schema-graph\">{\"@context\":\"https:\/\/schema.org\",\"@graph\":[{\"@type\":\"WebPage\",\"@id\":\"https:\/\/legrandcontinent.eu\/es\/2022\/12\/15\/la-huella-de-carbono-del-mundial-de-qatar\/\",\"url\":\"https:\/\/legrandcontinent.eu\/es\/2022\/12\/15\/la-huella-de-carbono-del-mundial-de-qatar\/\",\"name\":\"La huella de carbono del Mundial de Qatar - El Grand Continent\",\"isPartOf\":{\"@id\":\"https:\/\/legrandcontinent.eu\/es\/#website\"},\"primaryImageOfPage\":{\"@id\":\"https:\/\/legrandcontinent.eu\/es\/2022\/12\/15\/la-huella-de-carbono-del-mundial-de-qatar\/#primaryimage\"},\"image\":{\"@id\":\"https:\/\/legrandcontinent.eu\/es\/2022\/12\/15\/la-huella-de-carbono-del-mundial-de-qatar\/#primaryimage\"},\"thumbnailUrl\":\"https:\/\/legrandcontinent.eu\/es\/wp-content\/uploads\/sites\/6\/2022\/12\/9IUP9-los-estadios-de-la-copa-del-mundo-de-2022-en-qatar-.png\",\"datePublished\":\"2022-12-15T19:38:00+00:00\",\"dateModified\":\"2022-12-17T16:32:33+00:00\",\"author\":{\"@id\":\"https:\/\/legrandcontinent.eu\/es\/#\/schema\/person\/cdd782c93d4a9eda86ab19a8c01cdf5c\"},\"breadcrumb\":{\"@id\":\"https:\/\/legrandcontinent.eu\/es\/2022\/12\/15\/la-huella-de-carbono-del-mundial-de-qatar\/#breadcrumb\"},\"inLanguage\":\"es\",\"potentialAction\":[{\"@type\":\"ReadAction\",\"target\":[\"https:\/\/legrandcontinent.eu\/es\/2022\/12\/15\/la-huella-de-carbono-del-mundial-de-qatar\/\"]}]},{\"@type\":\"ImageObject\",\"inLanguage\":\"es\",\"@id\":\"https:\/\/legrandcontinent.eu\/es\/2022\/12\/15\/la-huella-de-carbono-del-mundial-de-qatar\/#primaryimage\",\"url\":\"https:\/\/legrandcontinent.eu\/es\/wp-content\/uploads\/sites\/6\/2022\/12\/9IUP9-los-estadios-de-la-copa-del-mundo-de-2022-en-qatar-.png\",\"contentUrl\":\"https:\/\/legrandcontinent.eu\/es\/wp-content\/uploads\/sites\/6\/2022\/12\/9IUP9-los-estadios-de-la-copa-del-mundo-de-2022-en-qatar-.png\",\"width\":1764,\"height\":1301},{\"@type\":\"BreadcrumbList\",\"@id\":\"https:\/\/legrandcontinent.eu\/es\/2022\/12\/15\/la-huella-de-carbono-del-mundial-de-qatar\/#breadcrumb\",\"itemListElement\":[{\"@type\":\"ListItem\",\"position\":1,\"name\":\"Home\",\"item\":\"https:\/\/legrandcontinent.eu\/es\/\"},{\"@type\":\"ListItem\",\"position\":2,\"name\":\"La huella de carbono del Mundial de Qatar\"}]},{\"@type\":\"WebSite\",\"@id\":\"https:\/\/legrandcontinent.eu\/es\/#website\",\"url\":\"https:\/\/legrandcontinent.eu\/es\/\",\"name\":\"El Grand Continent\",\"description\":\"La escala pertinente\",\"potentialAction\":[{\"@type\":\"SearchAction\",\"target\":{\"@type\":\"EntryPoint\",\"urlTemplate\":\"https:\/\/legrandcontinent.eu\/es\/?s={search_term_string}\"},\"query-input\":{\"@type\":\"PropertyValueSpecification\",\"valueRequired\":true,\"valueName\":\"search_term_string\"}}],\"inLanguage\":\"es\"},{\"@type\":\"Person\",\"@id\":\"https:\/\/legrandcontinent.eu\/es\/#\/schema\/person\/cdd782c93d4a9eda86ab19a8c01cdf5c\",\"name\":\"florent\",\"image\":{\"@type\":\"ImageObject\",\"inLanguage\":\"es\",\"@id\":\"https:\/\/legrandcontinent.eu\/es\/#\/schema\/person\/image\/\",\"url\":\"https:\/\/secure.gravatar.com\/avatar\/0d38d78c90602daf39b309035cdac6bc?s=96&d=mm&r=g\",\"contentUrl\":\"https:\/\/secure.gravatar.com\/avatar\/0d38d78c90602daf39b309035cdac6bc?s=96&d=mm&r=g\",\"caption\":\"florent\"}}]}<\/script>\n<!-- \/ Yoast SEO plugin. -->","yoast_head_json":{"title":"La huella de carbono del Mundial de Qatar - El Grand Continent","robots":{"index":"index","follow":"follow","max-snippet":"max-snippet:-1","max-image-preview":"max-image-preview:large","max-video-preview":"max-video-preview:-1"},"canonical":"https:\/\/legrandcontinent.eu\/es\/2022\/12\/15\/la-huella-de-carbono-del-mundial-de-qatar\/","og_locale":"es_ES","og_type":"article","og_title":"La huella de carbono del Mundial de Qatar - El Grand Continent","og_description":"El Mundial de Qatar es el acontecimiento deportivo m\u00e1s contaminante de los \u00faltimos a\u00f1os. La construcci\u00f3n de 7 estadios y los vuelos diarios de ida y vuelta a los Estados del Golfo est\u00e1n socavando gravemente el compromiso de la FIFA de hacer que este torneo sea \"neutro en carbono\".","og_url":"https:\/\/legrandcontinent.eu\/es\/2022\/12\/15\/la-huella-de-carbono-del-mundial-de-qatar\/","og_site_name":"El Grand Continent","article_published_time":"2022-12-15T19:38:00+00:00","article_modified_time":"2022-12-17T16:32:33+00:00","og_image":[{"width":2560,"height":1440,"url":"https:\/\/legrandcontinent.eu\/es\/wp-content\/uploads\/sites\/6\/2022\/12\/gc-elmundialcarbono-scaled.jpg","type":"image\/jpeg"}],"author":"florent","twitter_card":"summary_large_image","twitter_image":"https:\/\/legrandcontinent.eu\/es\/wp-content\/uploads\/sites\/6\/2022\/12\/gc-elmundialcarbono-scaled.jpg","twitter_misc":{"Escrito por":"florent","Tiempo de lectura":"2 minutos"},"schema":{"@context":"https:\/\/schema.org","@graph":[{"@type":"WebPage","@id":"https:\/\/legrandcontinent.eu\/es\/2022\/12\/15\/la-huella-de-carbono-del-mundial-de-qatar\/","url":"https:\/\/legrandcontinent.eu\/es\/2022\/12\/15\/la-huella-de-carbono-del-mundial-de-qatar\/","name":"La huella de carbono del Mundial de Qatar - El Grand Continent","isPartOf":{"@id":"https:\/\/legrandcontinent.eu\/es\/#website"},"primaryImageOfPage":{"@id":"https:\/\/legrandcontinent.eu\/es\/2022\/12\/15\/la-huella-de-carbono-del-mundial-de-qatar\/#primaryimage"},"image":{"@id":"https:\/\/legrandcontinent.eu\/es\/2022\/12\/15\/la-huella-de-carbono-del-mundial-de-qatar\/#primaryimage"},"thumbnailUrl":"https:\/\/legrandcontinent.eu\/es\/wp-content\/uploads\/sites\/6\/2022\/12\/9IUP9-los-estadios-de-la-copa-del-mundo-de-2022-en-qatar-.png","datePublished":"2022-12-15T19:38:00+00:00","dateModified":"2022-12-17T16:32:33+00:00","author":{"@id":"https:\/\/legrandcontinent.eu\/es\/#\/schema\/person\/cdd782c93d4a9eda86ab19a8c01cdf5c"},"breadcrumb":{"@id":"https:\/\/legrandcontinent.eu\/es\/2022\/12\/15\/la-huella-de-carbono-del-mundial-de-qatar\/#breadcrumb"},"inLanguage":"es","potentialAction":[{"@type":"ReadAction","target":["https:\/\/legrandcontinent.eu\/es\/2022\/12\/15\/la-huella-de-carbono-del-mundial-de-qatar\/"]}]},{"@type":"ImageObject","inLanguage":"es","@id":"https:\/\/legrandcontinent.eu\/es\/2022\/12\/15\/la-huella-de-carbono-del-mundial-de-qatar\/#primaryimage","url":"https:\/\/legrandcontinent.eu\/es\/wp-content\/uploads\/sites\/6\/2022\/12\/9IUP9-los-estadios-de-la-copa-del-mundo-de-2022-en-qatar-.png","contentUrl":"https:\/\/legrandcontinent.eu\/es\/wp-content\/uploads\/sites\/6\/2022\/12\/9IUP9-los-estadios-de-la-copa-del-mundo-de-2022-en-qatar-.png","width":1764,"height":1301},{"@type":"BreadcrumbList","@id":"https:\/\/legrandcontinent.eu\/es\/2022\/12\/15\/la-huella-de-carbono-del-mundial-de-qatar\/#breadcrumb","itemListElement":[{"@type":"ListItem","position":1,"name":"Home","item":"https:\/\/legrandcontinent.eu\/es\/"},{"@type":"ListItem","position":2,"name":"La huella de carbono del Mundial de Qatar"}]},{"@type":"WebSite","@id":"https:\/\/legrandcontinent.eu\/es\/#website","url":"https:\/\/legrandcontinent.eu\/es\/","name":"El Grand Continent","description":"La escala pertinente","potentialAction":[{"@type":"SearchAction","target":{"@type":"EntryPoint","urlTemplate":"https:\/\/legrandcontinent.eu\/es\/?s={search_term_string}"},"query-input":{"@type":"PropertyValueSpecification","valueRequired":true,"valueName":"search_term_string"}}],"inLanguage":"es"},{"@type":"Person","@id":"https:\/\/legrandcontinent.eu\/es\/#\/schema\/person\/cdd782c93d4a9eda86ab19a8c01cdf5c","name":"florent","image":{"@type":"ImageObject","inLanguage":"es","@id":"https:\/\/legrandcontinent.eu\/es\/#\/schema\/person\/image\/","url":"https:\/\/secure.gravatar.com\/avatar\/0d38d78c90602daf39b309035cdac6bc?s=96&d=mm&r=g","contentUrl":"https:\/\/secure.gravatar.com\/avatar\/0d38d78c90602daf39b309035cdac6bc?s=96&d=mm&r=g","caption":"florent"}}]}},"lgc_categories":[{"id":98,"name":"Energ\u00eda y medio ambiente","slug":"energia-y-medio-ambiente"}],"lgc_author":null,"feature_image_summary":{"url":"https:\/\/legrandcontinent.eu\/es\/wp-content\/uploads\/sites\/6\/2022\/12\/9IUP9-los-estadios-de-la-copa-del-mundo-de-2022-en-qatar-.png","width":1764,"height":1301,"alt":""},"feature_image_cover":null,"term_position_data":null,"_links":{"self":[{"href":"https:\/\/legrandcontinent.eu\/es\/wp-json\/wp\/v2\/posts\/11944","targetHints":{"allow":["GET"]}}],"collection":[{"href":"https:\/\/legrandcontinent.eu\/es\/wp-json\/wp\/v2\/posts"}],"about":[{"href":"https:\/\/legrandcontinent.eu\/es\/wp-json\/wp\/v2\/types\/post"}],"author":[{"embeddable":true,"href":"https:\/\/legrandcontinent.eu\/es\/wp-json\/wp\/v2\/users\/1366"}],"replies":[{"embeddable":true,"href":"https:\/\/legrandcontinent.eu\/es\/wp-json\/wp\/v2\/comments?post=11944"}],"version-history":[{"count":0,"href":"https:\/\/legrandcontinent.eu\/es\/wp-json\/wp\/v2\/posts\/11944\/revisions"}],"wp:featuredmedia":[{"embeddable":true,"href":"https:\/\/legrandcontinent.eu\/es\/wp-json\/wp\/v2\/media\/11966"}],"wp:attachment":[{"href":"https:\/\/legrandcontinent.eu\/es\/wp-json\/wp\/v2\/media?parent=11944"}],"wp:term":[{"taxonomy":"category","embeddable":true,"href":"https:\/\/legrandcontinent.eu\/es\/wp-json\/wp\/v2\/categories?post=11944"},{"taxonomy":"post_tag","embeddable":true,"href":"https:\/\/legrandcontinent.eu\/es\/wp-json\/wp\/v2\/tags?post=11944"},{"taxonomy":"staff","embeddable":true,"href":"https:\/\/legrandcontinent.eu\/es\/wp-json\/wp\/v2\/staff?post=11944"},{"taxonomy":"editorial_format","embeddable":true,"href":"https:\/\/legrandcontinent.eu\/es\/wp-json\/wp\/v2\/editorial_format?post=11944"},{"taxonomy":"serie","embeddable":true,"href":"https:\/\/legrandcontinent.eu\/es\/wp-json\/wp\/v2\/serie?post=11944"},{"taxonomy":"audience","embeddable":true,"href":"https:\/\/legrandcontinent.eu\/es\/wp-json\/wp\/v2\/audience?post=11944"},{"taxonomy":"geo","embeddable":true,"href":"https:\/\/legrandcontinent.eu\/es\/wp-json\/wp\/v2\/geo?post=11944"}],"curies":[{"name":"wp","href":"https:\/\/api.w.org\/{rel}","templated":true}]}}