{"id":11797,"date":"2022-12-12T14:50:00","date_gmt":"2022-12-12T14:50:00","guid":{"rendered":"https:\/\/legrandcontinent.eu\/es\/?p=11797"},"modified":"2022-12-13T00:10:02","modified_gmt":"2022-12-13T00:10:02","slug":"la-presidencia-checa-del-consejo-propone-limitar-el-precio-del-gas-a-220-euros-por-mwh","status":"publish","type":"post","link":"https:\/\/legrandcontinent.eu\/es\/2022\/12\/12\/la-presidencia-checa-del-consejo-propone-limitar-el-precio-del-gas-a-220-euros-por-mwh\/","title":{"rendered":"La Presidencia checa del Consejo propone limitar el precio del gas a 220 euros por MWh"},"content":{"rendered":"\n<p>El 22 de noviembre, la <a href=\"https:\/\/legrandcontinent.eu\/es\/2022\/11\/24\/la-comision-propone-un-tope-de-275-euros-por-mwh-para-los-precios-del-gas\/\">Comisi\u00f3n propuso<\/a> la introducci\u00f3n de un nuevo instrumento para \u00ablimitar los<a href=\"https:\/\/legrandcontinent.eu\/es\/2022\/08\/26\/los-precios-de-la-energia-alcanzan-niveles-historicos\/\"> aumentos excesivos <\/a>del precio del gas\u00bb&nbsp;<span class='whitespace-nowrap'><span id='easy-footnote-1-11797' class='easy-footnote-margin-adjust'><\/span><span class='easy-footnote'><a href='https:\/\/legrandcontinent.eu\/es\/2022\/12\/12\/la-presidencia-checa-del-consejo-propone-limitar-el-precio-del-gas-a-220-euros-por-mwh\/#easy-footnote-bottom-1-11797' title='&lt;a href=&quot;https:\/\/ec.europa.eu\/commission\/presscorner\/detail\/en\/ip_22_7065&quot;&gt;Commission proposes a new EU instrument to limit excessive gas price spikes&lt;\/a&gt;, Comisi\u00f3n Europea, 22 de noviembre 2022.'><sup>1<\/sup><\/a><\/span><\/span>. Consiste en un tope de precios de 275 euros por MWh en los contratos de ITF a un mes, que se activar\u00eda en dos condiciones:<\/p>\n\n\n\n<ul class=\"wp-block-list\">\n<li>si el precio de liquidaci\u00f3n de los derivados del ITF a un mes supera los 275 euros durante una quincena;<\/li>\n\n\n\n<li>si los precios del TTF superan el precio de referencia del GNL en 58 euros durante 10 d\u00edas consecutivos a lo largo de esas dos semanas.<\/li>\n<\/ul>\n\n\n\n<div class=\"iframe-container wp-block-image wp-block-image-medium  iframe-dw\">\n\t<div>\n\t\t<iframe class=\"absolute w-full h-full pin-t pin-l\" title=\"titolo\" aria-label=\"Interactive line chart\" src=\"\/\/datawrapper.dwcdn.net\/TrERE\/\" scrolling=\"no\" frameborder=\"0\"><\/iframe>\n\t<\/div>\n<\/div>\n\n\n\n<p>Al menos 12 Estados miembros lo consideran demasiado elevado y han distribuido un documento en el que piden que el precio m\u00e1ximo del gas sea \u00absignificativamente\u00bb inferior a los 275 euros por MWh propuestos por la Comisi\u00f3n&nbsp;<span class='whitespace-nowrap'><span id='easy-footnote-2-11797' class='easy-footnote-margin-adjust'><\/span><span class='easy-footnote'><a href='https:\/\/legrandcontinent.eu\/es\/2022\/12\/12\/la-presidencia-checa-del-consejo-propone-limitar-el-precio-del-gas-a-220-euros-por-mwh\/#easy-footnote-bottom-2-11797' title='Kate Abnett, \u00ab\u00a0&lt;a href=&quot;https:\/\/www.reuters.com\/business\/energy\/eu-odds-over-gas-price-cap-12-countries-criticise-latest-proposal-2022-12-10\/&quot;&gt;EU at odds over gas price cap as 12 countries criticise latest proposal&lt;\/a&gt;\u00a0\u00bb,\u00a0&lt;em&gt;Reuters&lt;\/em&gt;, 10 de diciembre 2022.'><sup>2<\/sup><\/a><\/span><\/span>.<\/p>\n\n\n\n<div class=\"iframe-container wp-block-image wp-block-image-medium  iframe-dw\">\n\t<div>\n\t\t<iframe class=\"absolute w-full h-full pin-t pin-l\" title=\"titolo\" aria-label=\"Interactive line chart\" src=\"\/\/datawrapper.dwcdn.net\/522IX\/\" scrolling=\"no\" frameborder=\"0\"><\/iframe>\n\t<\/div>\n<\/div>\n\n\n\n<p>La <a href=\"https:\/\/legrandcontinent.eu\/es\/2022\/07\/01\/la-republica-checa-toma-el-relevo-de-francia-en-la-presidencia-del-consejo-de-la-union-europea\/\">Presidencia checa<\/a> del Consejo propuso un nuevo compromiso: el precio m\u00e1ximo del gas deber\u00eda ser de 220 euros por MWh, y se activar\u00eda si se supera este nivel durante cinco d\u00edas consecutivos, en lugar de dos semanas. Por \u00faltimo, el tope s\u00f3lo entrar\u00e1 en vigor si la diferencia entre el ITF y el precio del GNL en el mercado mundial es superior a 35 euros, frente a los 58 euros del proyecto de la Comisi\u00f3n.<\/p>\n\n\n\n<p>Alemania, los Pa\u00edses Bajos y Estonia son los pa\u00edses que m\u00e1s se oponen a la introducci\u00f3n de un tope del precio del gas, que, seg\u00fan ellos, podr\u00eda tener consecuencias para la seguridad del abastecimiento y el funcionamiento de los mercados <a href=\"https:\/\/legrandcontinent.eu\/es\/2022\/11\/04\/cartografiar-la-guerra-ecologica-energia-electricidad-geopolitica\/\">energ\u00e9ticos<\/a>.&nbsp;<\/p>\n\n\n\n<ul class=\"wp-block-list\">\n<li>La propuesta de la Presidencia checa prev\u00e9 que, en caso de suspensi\u00f3n del suministro por parte de los proveedores de gas -con el objetivo de maximizar sus beneficios-, la Comisi\u00f3n podr\u00e1 declarar una \u00abemergencia nacional, regional o de la Uni\u00f3n\u00bb (a petici\u00f3n de uno o varios Estados miembros), lo que provocar\u00e1 la suspensi\u00f3n inmediata del mecanismo.<\/li>\n<\/ul>\n\n\n\n<p>Consultado por el Consejo de la Uni\u00f3n, el BCE reconoce que la introducci\u00f3n de un l\u00edmite al precio del gas puede, \u00aben principio, mitigar una serie de riesgos para la estabilidad financiera\u00bb. Sin embargo, considera que el dise\u00f1o actual del mecanismo tambi\u00e9n podr\u00eda \u00abaumentar la volatilidad y las peticiones de m\u00e1rgenes, poner a prueba la capacidad de las contrapartes centrales para gestionar los riesgos financieros y fomentar la migraci\u00f3n de los sistemas de negociaci\u00f3n al mercado extraburs\u00e1til sin compensaci\u00f3n central\u00bb.<\/p>\n","protected":false},"excerpt":{"rendered":"<p>Ma\u00f1ana, los ministros de Energ\u00eda debatir\u00e1n una propuesta para limitar los precios del gas a 220 euros por megavatio hora. Esta medida sigue a la propuesta de la Comisi\u00f3n de fijar un precio m\u00e1ximo de 275 euros por MWh para los contratos de ITF a un mes -considerado demasiado elevado por al menos 12 Estados miembros-.<\/p>\n","protected":false},"author":1366,"featured_media":11815,"comment_status":"closed","ping_status":"closed","sticky":false,"template":"templates\/post-briefings.php","format":"standard","meta":{"_acf_changed":false,"_trash_the_other_posts":false,"_yoast_wpseo_estimated-reading-time-minutes":2,"footnotes":""},"categories":[98],"tags":[],"staff":[],"editorial_format":[],"serie":[],"audience":[],"geo":[177],"class_list":["post-11797","post","type-post","status-publish","format-standard","hentry","category-energia-y-medio-ambiente","geo-europa"],"acf":{"open_in_webview":false,"accent":false,"_thumbnail_id":11815,"excerpt":"Ma\u00f1ana, los ministros de Energ\u00eda debatir\u00e1n una propuesta para limitar los precios del gas a 220 euros por megavatio hora. Esta medida sigue a la propuesta de la Comisi\u00f3n de fijar un precio m\u00e1ximo de 275 euros por MWh para los contratos de ITF a un mes -considerado demasiado elevado por al menos 12 Estados miembros-.","display_date":"","new_abstract":true},"yoast_head":"<!-- This site is optimized with the Yoast SEO plugin v26.1.1 - https:\/\/yoast.com\/wordpress\/plugins\/seo\/ -->\n<title>La Presidencia checa del Consejo propone limitar el precio del gas a 220 euros por MWh - El Grand Continent<\/title>\n<meta name=\"robots\" content=\"index, follow, max-snippet:-1, max-image-preview:large, max-video-preview:-1\" \/>\n<link rel=\"canonical\" href=\"https:\/\/legrandcontinent.eu\/es\/2022\/12\/12\/la-presidencia-checa-del-consejo-propone-limitar-el-precio-del-gas-a-220-euros-por-mwh\/\" \/>\n<meta property=\"og:locale\" content=\"es_ES\" \/>\n<meta property=\"og:type\" content=\"article\" \/>\n<meta property=\"og:title\" content=\"La Presidencia checa del Consejo propone limitar el precio del gas a 220 euros por MWh - El Grand Continent\" \/>\n<meta property=\"og:description\" content=\"Ma\u00f1ana, los ministros de Energ\u00eda debatir\u00e1n una propuesta para limitar los precios del gas a 220 euros por megavatio hora. Esta medida sigue a la propuesta de la Comisi\u00f3n de fijar un precio m\u00e1ximo de 275 euros por MWh para los contratos de ITF a un mes -considerado demasiado elevado por al menos 12 Estados miembros-.\" \/>\n<meta property=\"og:url\" content=\"https:\/\/legrandcontinent.eu\/es\/2022\/12\/12\/la-presidencia-checa-del-consejo-propone-limitar-el-precio-del-gas-a-220-euros-por-mwh\/\" \/>\n<meta property=\"og:site_name\" content=\"El Grand Continent\" \/>\n<meta property=\"article:published_time\" content=\"2022-12-12T14:50:00+00:00\" \/>\n<meta property=\"article:modified_time\" content=\"2022-12-13T00:10:02+00:00\" \/>\n<meta property=\"og:image\" content=\"https:\/\/legrandcontinent.eu\/es\/wp-content\/uploads\/sites\/6\/2022\/12\/gc-eltopedeprecios-scaled.jpg\" \/>\n\t<meta property=\"og:image:width\" content=\"2560\" \/>\n\t<meta property=\"og:image:height\" content=\"1440\" \/>\n\t<meta property=\"og:image:type\" content=\"image\/jpeg\" \/>\n<meta name=\"author\" content=\"florent\" \/>\n<meta name=\"twitter:card\" content=\"summary_large_image\" \/>\n<meta name=\"twitter:image\" content=\"https:\/\/legrandcontinent.eu\/es\/wp-content\/uploads\/sites\/6\/2022\/12\/gc-eltopedeprecios-scaled.jpg\" \/>\n<meta name=\"twitter:label1\" content=\"Escrito por\" \/>\n\t<meta name=\"twitter:data1\" content=\"florent\" \/>\n\t<meta name=\"twitter:label2\" content=\"Tiempo de lectura\" \/>\n\t<meta name=\"twitter:data2\" content=\"2 minutos\" \/>\n<script type=\"application\/ld+json\" class=\"yoast-schema-graph\">{\"@context\":\"https:\/\/schema.org\",\"@graph\":[{\"@type\":\"WebPage\",\"@id\":\"https:\/\/legrandcontinent.eu\/es\/2022\/12\/12\/la-presidencia-checa-del-consejo-propone-limitar-el-precio-del-gas-a-220-euros-por-mwh\/\",\"url\":\"https:\/\/legrandcontinent.eu\/es\/2022\/12\/12\/la-presidencia-checa-del-consejo-propone-limitar-el-precio-del-gas-a-220-euros-por-mwh\/\",\"name\":\"La Presidencia checa del Consejo propone limitar el precio del gas a 220 euros por MWh - El Grand Continent\",\"isPartOf\":{\"@id\":\"https:\/\/legrandcontinent.eu\/es\/#website\"},\"primaryImageOfPage\":{\"@id\":\"https:\/\/legrandcontinent.eu\/es\/2022\/12\/12\/la-presidencia-checa-del-consejo-propone-limitar-el-precio-del-gas-a-220-euros-por-mwh\/#primaryimage\"},\"image\":{\"@id\":\"https:\/\/legrandcontinent.eu\/es\/2022\/12\/12\/la-presidencia-checa-del-consejo-propone-limitar-el-precio-del-gas-a-220-euros-por-mwh\/#primaryimage\"},\"thumbnailUrl\":\"https:\/\/legrandcontinent.eu\/es\/wp-content\/uploads\/sites\/6\/2022\/12\/522IX-pa-ses-que-han-solicitado-que-el-precio-m-ximo-del-gas-sea-significativamente-inferior-a-los-275-euros-por-mwh-propuestos-por-la-comisi-n.png\",\"datePublished\":\"2022-12-12T14:50:00+00:00\",\"dateModified\":\"2022-12-13T00:10:02+00:00\",\"author\":{\"@id\":\"https:\/\/legrandcontinent.eu\/es\/#\/schema\/person\/cdd782c93d4a9eda86ab19a8c01cdf5c\"},\"breadcrumb\":{\"@id\":\"https:\/\/legrandcontinent.eu\/es\/2022\/12\/12\/la-presidencia-checa-del-consejo-propone-limitar-el-precio-del-gas-a-220-euros-por-mwh\/#breadcrumb\"},\"inLanguage\":\"es\",\"potentialAction\":[{\"@type\":\"ReadAction\",\"target\":[\"https:\/\/legrandcontinent.eu\/es\/2022\/12\/12\/la-presidencia-checa-del-consejo-propone-limitar-el-precio-del-gas-a-220-euros-por-mwh\/\"]}]},{\"@type\":\"ImageObject\",\"inLanguage\":\"es\",\"@id\":\"https:\/\/legrandcontinent.eu\/es\/2022\/12\/12\/la-presidencia-checa-del-consejo-propone-limitar-el-precio-del-gas-a-220-euros-por-mwh\/#primaryimage\",\"url\":\"https:\/\/legrandcontinent.eu\/es\/wp-content\/uploads\/sites\/6\/2022\/12\/522IX-pa-ses-que-han-solicitado-que-el-precio-m-ximo-del-gas-sea-significativamente-inferior-a-los-275-euros-por-mwh-propuestos-por-la-comisi-n.png\",\"contentUrl\":\"https:\/\/legrandcontinent.eu\/es\/wp-content\/uploads\/sites\/6\/2022\/12\/522IX-pa-ses-que-han-solicitado-que-el-precio-m-ximo-del-gas-sea-significativamente-inferior-a-los-275-euros-por-mwh-propuestos-por-la-comisi-n.png\",\"width\":1217,\"height\":1280},{\"@type\":\"BreadcrumbList\",\"@id\":\"https:\/\/legrandcontinent.eu\/es\/2022\/12\/12\/la-presidencia-checa-del-consejo-propone-limitar-el-precio-del-gas-a-220-euros-por-mwh\/#breadcrumb\",\"itemListElement\":[{\"@type\":\"ListItem\",\"position\":1,\"name\":\"Home\",\"item\":\"https:\/\/legrandcontinent.eu\/es\/\"},{\"@type\":\"ListItem\",\"position\":2,\"name\":\"La Presidencia checa del Consejo propone limitar el precio del gas a 220 euros por MWh\"}]},{\"@type\":\"WebSite\",\"@id\":\"https:\/\/legrandcontinent.eu\/es\/#website\",\"url\":\"https:\/\/legrandcontinent.eu\/es\/\",\"name\":\"El Grand Continent\",\"description\":\"La escala pertinente\",\"potentialAction\":[{\"@type\":\"SearchAction\",\"target\":{\"@type\":\"EntryPoint\",\"urlTemplate\":\"https:\/\/legrandcontinent.eu\/es\/?s={search_term_string}\"},\"query-input\":{\"@type\":\"PropertyValueSpecification\",\"valueRequired\":true,\"valueName\":\"search_term_string\"}}],\"inLanguage\":\"es\"},{\"@type\":\"Person\",\"@id\":\"https:\/\/legrandcontinent.eu\/es\/#\/schema\/person\/cdd782c93d4a9eda86ab19a8c01cdf5c\",\"name\":\"florent\",\"image\":{\"@type\":\"ImageObject\",\"inLanguage\":\"es\",\"@id\":\"https:\/\/legrandcontinent.eu\/es\/#\/schema\/person\/image\/\",\"url\":\"https:\/\/secure.gravatar.com\/avatar\/0d38d78c90602daf39b309035cdac6bc?s=96&d=mm&r=g\",\"contentUrl\":\"https:\/\/secure.gravatar.com\/avatar\/0d38d78c90602daf39b309035cdac6bc?s=96&d=mm&r=g\",\"caption\":\"florent\"}}]}<\/script>\n<!-- \/ Yoast SEO plugin. -->","yoast_head_json":{"title":"La Presidencia checa del Consejo propone limitar el precio del gas a 220 euros por MWh - El Grand Continent","robots":{"index":"index","follow":"follow","max-snippet":"max-snippet:-1","max-image-preview":"max-image-preview:large","max-video-preview":"max-video-preview:-1"},"canonical":"https:\/\/legrandcontinent.eu\/es\/2022\/12\/12\/la-presidencia-checa-del-consejo-propone-limitar-el-precio-del-gas-a-220-euros-por-mwh\/","og_locale":"es_ES","og_type":"article","og_title":"La Presidencia checa del Consejo propone limitar el precio del gas a 220 euros por MWh - El Grand Continent","og_description":"Ma\u00f1ana, los ministros de Energ\u00eda debatir\u00e1n una propuesta para limitar los precios del gas a 220 euros por megavatio hora. Esta medida sigue a la propuesta de la Comisi\u00f3n de fijar un precio m\u00e1ximo de 275 euros por MWh para los contratos de ITF a un mes -considerado demasiado elevado por al menos 12 Estados miembros-.","og_url":"https:\/\/legrandcontinent.eu\/es\/2022\/12\/12\/la-presidencia-checa-del-consejo-propone-limitar-el-precio-del-gas-a-220-euros-por-mwh\/","og_site_name":"El Grand Continent","article_published_time":"2022-12-12T14:50:00+00:00","article_modified_time":"2022-12-13T00:10:02+00:00","og_image":[{"width":2560,"height":1440,"url":"https:\/\/legrandcontinent.eu\/es\/wp-content\/uploads\/sites\/6\/2022\/12\/gc-eltopedeprecios-scaled.jpg","type":"image\/jpeg"}],"author":"florent","twitter_card":"summary_large_image","twitter_image":"https:\/\/legrandcontinent.eu\/es\/wp-content\/uploads\/sites\/6\/2022\/12\/gc-eltopedeprecios-scaled.jpg","twitter_misc":{"Escrito por":"florent","Tiempo de lectura":"2 minutos"},"schema":{"@context":"https:\/\/schema.org","@graph":[{"@type":"WebPage","@id":"https:\/\/legrandcontinent.eu\/es\/2022\/12\/12\/la-presidencia-checa-del-consejo-propone-limitar-el-precio-del-gas-a-220-euros-por-mwh\/","url":"https:\/\/legrandcontinent.eu\/es\/2022\/12\/12\/la-presidencia-checa-del-consejo-propone-limitar-el-precio-del-gas-a-220-euros-por-mwh\/","name":"La Presidencia checa del Consejo propone limitar el precio del gas a 220 euros por MWh - El Grand Continent","isPartOf":{"@id":"https:\/\/legrandcontinent.eu\/es\/#website"},"primaryImageOfPage":{"@id":"https:\/\/legrandcontinent.eu\/es\/2022\/12\/12\/la-presidencia-checa-del-consejo-propone-limitar-el-precio-del-gas-a-220-euros-por-mwh\/#primaryimage"},"image":{"@id":"https:\/\/legrandcontinent.eu\/es\/2022\/12\/12\/la-presidencia-checa-del-consejo-propone-limitar-el-precio-del-gas-a-220-euros-por-mwh\/#primaryimage"},"thumbnailUrl":"https:\/\/legrandcontinent.eu\/es\/wp-content\/uploads\/sites\/6\/2022\/12\/522IX-pa-ses-que-han-solicitado-que-el-precio-m-ximo-del-gas-sea-significativamente-inferior-a-los-275-euros-por-mwh-propuestos-por-la-comisi-n.png","datePublished":"2022-12-12T14:50:00+00:00","dateModified":"2022-12-13T00:10:02+00:00","author":{"@id":"https:\/\/legrandcontinent.eu\/es\/#\/schema\/person\/cdd782c93d4a9eda86ab19a8c01cdf5c"},"breadcrumb":{"@id":"https:\/\/legrandcontinent.eu\/es\/2022\/12\/12\/la-presidencia-checa-del-consejo-propone-limitar-el-precio-del-gas-a-220-euros-por-mwh\/#breadcrumb"},"inLanguage":"es","potentialAction":[{"@type":"ReadAction","target":["https:\/\/legrandcontinent.eu\/es\/2022\/12\/12\/la-presidencia-checa-del-consejo-propone-limitar-el-precio-del-gas-a-220-euros-por-mwh\/"]}]},{"@type":"ImageObject","inLanguage":"es","@id":"https:\/\/legrandcontinent.eu\/es\/2022\/12\/12\/la-presidencia-checa-del-consejo-propone-limitar-el-precio-del-gas-a-220-euros-por-mwh\/#primaryimage","url":"https:\/\/legrandcontinent.eu\/es\/wp-content\/uploads\/sites\/6\/2022\/12\/522IX-pa-ses-que-han-solicitado-que-el-precio-m-ximo-del-gas-sea-significativamente-inferior-a-los-275-euros-por-mwh-propuestos-por-la-comisi-n.png","contentUrl":"https:\/\/legrandcontinent.eu\/es\/wp-content\/uploads\/sites\/6\/2022\/12\/522IX-pa-ses-que-han-solicitado-que-el-precio-m-ximo-del-gas-sea-significativamente-inferior-a-los-275-euros-por-mwh-propuestos-por-la-comisi-n.png","width":1217,"height":1280},{"@type":"BreadcrumbList","@id":"https:\/\/legrandcontinent.eu\/es\/2022\/12\/12\/la-presidencia-checa-del-consejo-propone-limitar-el-precio-del-gas-a-220-euros-por-mwh\/#breadcrumb","itemListElement":[{"@type":"ListItem","position":1,"name":"Home","item":"https:\/\/legrandcontinent.eu\/es\/"},{"@type":"ListItem","position":2,"name":"La Presidencia checa del Consejo propone limitar el precio del gas a 220 euros por MWh"}]},{"@type":"WebSite","@id":"https:\/\/legrandcontinent.eu\/es\/#website","url":"https:\/\/legrandcontinent.eu\/es\/","name":"El Grand Continent","description":"La escala pertinente","potentialAction":[{"@type":"SearchAction","target":{"@type":"EntryPoint","urlTemplate":"https:\/\/legrandcontinent.eu\/es\/?s={search_term_string}"},"query-input":{"@type":"PropertyValueSpecification","valueRequired":true,"valueName":"search_term_string"}}],"inLanguage":"es"},{"@type":"Person","@id":"https:\/\/legrandcontinent.eu\/es\/#\/schema\/person\/cdd782c93d4a9eda86ab19a8c01cdf5c","name":"florent","image":{"@type":"ImageObject","inLanguage":"es","@id":"https:\/\/legrandcontinent.eu\/es\/#\/schema\/person\/image\/","url":"https:\/\/secure.gravatar.com\/avatar\/0d38d78c90602daf39b309035cdac6bc?s=96&d=mm&r=g","contentUrl":"https:\/\/secure.gravatar.com\/avatar\/0d38d78c90602daf39b309035cdac6bc?s=96&d=mm&r=g","caption":"florent"}}]}},"lgc_categories":[{"id":98,"name":"Energ\u00eda y medio ambiente","slug":"energia-y-medio-ambiente"}],"lgc_author":null,"feature_image_summary":{"url":"https:\/\/legrandcontinent.eu\/es\/wp-content\/uploads\/sites\/6\/2022\/12\/522IX-pa-ses-que-han-solicitado-que-el-precio-m-ximo-del-gas-sea-significativamente-inferior-a-los-275-euros-por-mwh-propuestos-por-la-comisi-n.png","width":1217,"height":1280,"alt":""},"feature_image_cover":null,"term_position_data":null,"_links":{"self":[{"href":"https:\/\/legrandcontinent.eu\/es\/wp-json\/wp\/v2\/posts\/11797","targetHints":{"allow":["GET"]}}],"collection":[{"href":"https:\/\/legrandcontinent.eu\/es\/wp-json\/wp\/v2\/posts"}],"about":[{"href":"https:\/\/legrandcontinent.eu\/es\/wp-json\/wp\/v2\/types\/post"}],"author":[{"embeddable":true,"href":"https:\/\/legrandcontinent.eu\/es\/wp-json\/wp\/v2\/users\/1366"}],"replies":[{"embeddable":true,"href":"https:\/\/legrandcontinent.eu\/es\/wp-json\/wp\/v2\/comments?post=11797"}],"version-history":[{"count":0,"href":"https:\/\/legrandcontinent.eu\/es\/wp-json\/wp\/v2\/posts\/11797\/revisions"}],"wp:featuredmedia":[{"embeddable":true,"href":"https:\/\/legrandcontinent.eu\/es\/wp-json\/wp\/v2\/media\/11815"}],"wp:attachment":[{"href":"https:\/\/legrandcontinent.eu\/es\/wp-json\/wp\/v2\/media?parent=11797"}],"wp:term":[{"taxonomy":"category","embeddable":true,"href":"https:\/\/legrandcontinent.eu\/es\/wp-json\/wp\/v2\/categories?post=11797"},{"taxonomy":"post_tag","embeddable":true,"href":"https:\/\/legrandcontinent.eu\/es\/wp-json\/wp\/v2\/tags?post=11797"},{"taxonomy":"staff","embeddable":true,"href":"https:\/\/legrandcontinent.eu\/es\/wp-json\/wp\/v2\/staff?post=11797"},{"taxonomy":"editorial_format","embeddable":true,"href":"https:\/\/legrandcontinent.eu\/es\/wp-json\/wp\/v2\/editorial_format?post=11797"},{"taxonomy":"serie","embeddable":true,"href":"https:\/\/legrandcontinent.eu\/es\/wp-json\/wp\/v2\/serie?post=11797"},{"taxonomy":"audience","embeddable":true,"href":"https:\/\/legrandcontinent.eu\/es\/wp-json\/wp\/v2\/audience?post=11797"},{"taxonomy":"geo","embeddable":true,"href":"https:\/\/legrandcontinent.eu\/es\/wp-json\/wp\/v2\/geo?post=11797"}],"curies":[{"name":"wp","href":"https:\/\/api.w.org\/{rel}","templated":true}]}}