{"id":11653,"date":"2022-12-08T19:30:00","date_gmt":"2022-12-08T19:30:00","guid":{"rendered":"https:\/\/legrandcontinent.eu\/es\/?p=11653"},"modified":"2022-12-11T22:13:47","modified_gmt":"2022-12-11T22:13:47","slug":"el-consejo-aprueba-la-entrada-de-croacia-en-schengen","status":"publish","type":"post","link":"https:\/\/legrandcontinent.eu\/es\/2022\/12\/08\/el-consejo-aprueba-la-entrada-de-croacia-en-schengen\/","title":{"rendered":"El Consejo aprueba la entrada de Croacia en Schengen"},"content":{"rendered":"\n<p>Casi 15 a\u00f1os despu\u00e9s de la adhesi\u00f3n de Liechtenstein al espacio europeo de libre circulaci\u00f3n, Croacia tambi\u00e9n se incorporar\u00e1 a Schengen a partir del 1 de enero de 2023, fecha en la que se suprimir\u00e1n los controles de personas en las fronteras interiores terrestres y mar\u00edtimas entre Croacia y el resto de pa\u00edses Schengen -los controles en las fronteras a\u00e9reas se suprimir\u00e1n a partir del 26 de marzo-&nbsp;<span class='whitespace-nowrap'><span id='easy-footnote-1-11653' class='easy-footnote-margin-adjust'><\/span><span class='easy-footnote'><a href='https:\/\/legrandcontinent.eu\/es\/2022\/12\/08\/el-consejo-aprueba-la-entrada-de-croacia-en-schengen\/#easy-footnote-bottom-1-11653' title='&lt;a href=&quot;https:\/\/www.consilium.europa.eu\/fr\/press\/press-releases\/2022\/12\/08\/schengen-area-council-decides-to-lift-border-controls-with-croatia\/&quot;&gt;Schengen area&amp;nbsp;: Council decides to lift border controls with Croatia&lt;\/a&gt;, Consejo de la Uni\u00f3n Europea, 8 de diciembre 2022.'><sup>1<\/sup><\/a><\/span><\/span>.<\/p>\n\n\n\n<figure class=\"wp-block-embed is-type-rich is-provider-twitter wp-block-embed-twitter\"><div class=\"wp-block-embed__wrapper\">\n<blockquote class=\"twitter-tweet\" data-width=\"550\" data-dnt=\"true\"><p lang=\"en\" dir=\"ltr\">? <a href=\"https:\/\/twitter.com\/hashtag\/JHA?src=hash&amp;ref_src=twsrc%5Etfw\">#JHA<\/a> Home Affairs | ???  The <a href=\"https:\/\/twitter.com\/hashtag\/Schengen?src=hash&amp;ref_src=twsrc%5Etfw\">#Schengen<\/a> area is growing for the first time in more than a decade thanks to <a href=\"https:\/\/twitter.com\/hashtag\/EU2022CZ?src=hash&amp;ref_src=twsrc%5Etfw\">#EU2022CZ<\/a>. Ministers approved <a href=\"https:\/\/twitter.com\/hashtag\/Croatia?src=hash&amp;ref_src=twsrc%5Etfw\">#Croatia<\/a>&#39;s membership as of 1 January 2023! <a href=\"https:\/\/t.co\/glm3AsW6ev\">pic.twitter.com\/glm3AsW6ev<\/a><\/p>&mdash; EU2022_CZ (@EU2022_CZ) <a href=\"https:\/\/twitter.com\/EU2022_CZ\/status\/1600846415277617152?ref_src=twsrc%5Etfw\">December 8, 2022<\/a><\/blockquote><script async src=\"https:\/\/platform.twitter.com\/widgets.js\" charset=\"utf-8\"><\/script>\n<\/div><\/figure>\n\n\n\n<p>De hecho, la decisi\u00f3n de incluir a Croacia en el espacio Schengen ha sido objeto de consenso entre los Estados miembros desde finales del a\u00f1o pasado.<\/p>\n\n\n\n<ul class=\"wp-block-list\">\n<li>En noviembre, la Comisi\u00f3n se pronunci\u00f3 a favor de la entrada simult\u00e1nea de Croacia, Bulgaria y Ruman\u00eda en la zona&nbsp;<span class='whitespace-nowrap'><span id='easy-footnote-2-11653' class='easy-footnote-margin-adjust'><\/span><span class='easy-footnote'><a href='https:\/\/legrandcontinent.eu\/es\/2022\/12\/08\/el-consejo-aprueba-la-entrada-de-croacia-en-schengen\/#easy-footnote-bottom-2-11653' title='&lt;a href=&quot;https:\/\/ec.europa.eu\/commission\/presscorner\/detail\/en\/ip_22_6945&quot;&gt;Making Schengen stronger\u00a0: Bulgaria, Romania and Croatia are ready to fully participate in the Schengen area&lt;\/a&gt;, Comisi\u00f3n Europea, 16 de noviembre 2022.'><sup>2<\/sup><\/a><\/span><\/span>.<\/li>\n\n\n\n<li>Junto con Chipre e Irlanda, estos dos pa\u00edses del sudeste de Europa son los \u00fanicos Estados miembros de la Uni\u00f3n que no forman parte de Schengen.<\/li>\n<\/ul>\n\n\n\n<div class=\"iframe-container wp-block-image wp-block-image-medium  iframe-dw\">\n\t<div>\n\t\t<iframe class=\"absolute w-full h-full pin-t pin-l\" title=\"titolo\" aria-label=\"Interactive line chart\" src=\"\/\/datawrapper.dwcdn.net\/ckln1\/\" scrolling=\"no\" frameborder=\"0\"><\/iframe>\n\t<\/div>\n<\/div>\n\n\n\n<p>En octubre, la Comisi\u00f3n llev\u00f3 a cabo controles en Bulgaria y Ruman\u00eda, subrayando hasta qu\u00e9 punto ambos pa\u00edses hab\u00edan mejorado sus pol\u00edticas de gesti\u00f3n de las fronteras exteriores, en particular por lo que respecta a los derechos fundamentales y al principio de no devoluci\u00f3n. A pesar de esta opini\u00f3n, parece que Austria ha cumplido su amenaza de veto, que no ha sido confirmada por la Presidencia checa, aunque el ministro austriaco del Interior, Gerhard Karner, reiter\u00f3 esta opini\u00f3n esta ma\u00f1ana antes del Consejo&nbsp;<span class='whitespace-nowrap'><span id='easy-footnote-3-11653' class='easy-footnote-margin-adjust'><\/span><span class='easy-footnote'><a href='https:\/\/legrandcontinent.eu\/es\/2022\/12\/08\/el-consejo-aprueba-la-entrada-de-croacia-en-schengen\/#easy-footnote-bottom-3-11653' title='\u00ab&amp;nbsp;&lt;a href=&quot;https:\/\/www.rferl.org\/a\/austria-karner-bulgaria-romania-schengen\/32167367.html&quot;&gt;Austria Says It Will Veto Bulgaria And Romania Joining Schengen Zone&lt;\/a&gt;&amp;nbsp;\u00bb,&amp;nbsp;&lt;em&gt;RadioFreeEurope&lt;\/em&gt;, 8 de diciembre 2022.'><sup>3<\/sup><\/a><\/span><\/span>.<\/p>\n\n\n\n<p>Seg\u00fan Nehammer, Bulgaria y Ruman\u00eda son responsables de la entrada de decenas de miles de inmigrantes ilegales en la Uni\u00f3n Europea desde principios de a\u00f1o.<\/p>\n\n\n\n<ul class=\"wp-block-list\">\n<li>Los Pa\u00edses Bajos tambi\u00e9n tienen dudas sobre la entrada de Bulgaria en Schengen por la situaci\u00f3n del Estado de Derecho y la lucha contra la corrupci\u00f3n.<\/li>\n\n\n\n<li>Desde principios de a\u00f1o, la ruta de los Balcanes Occidentales es la principal v\u00eda de entrada de inmigrantes ilegales en la Uni\u00f3n. Sin embargo, el principal punto de entrada hist\u00f3rico es el paso fronterizo de Sredi\u0161\u010de ob Dravi, en la frontera entre Croacia y Eslovenia.<\/li>\n<\/ul>\n\n\n\n<div class=\"iframe-container wp-block-image wp-block-image-medium  iframe-dw\">\n\t<div>\n\t\t<iframe class=\"absolute w-full h-full pin-t pin-l\" title=\"titolo\" aria-label=\"Interactive line chart\" src=\"\/\/datawrapper.dwcdn.net\/8hucI\/\" scrolling=\"no\" frameborder=\"0\"><\/iframe>\n\t<\/div>\n<\/div>\n\n\n\n<p>En septiembre, los pa\u00edses de la Uni\u00f3n recibieron 98.000 solicitudes de asilo, seg\u00fan la Agencia de Asilo de la Uni\u00f3n Europea, la cifra m\u00e1s alta desde 2016&nbsp;<span class='whitespace-nowrap'><span id='easy-footnote-4-11653' class='easy-footnote-margin-adjust'><\/span><span class='easy-footnote'><a href='https:\/\/legrandcontinent.eu\/es\/2022\/12\/08\/el-consejo-aprueba-la-entrada-de-croacia-en-schengen\/#easy-footnote-bottom-4-11653' title='&lt;a href=&quot;https:\/\/euaa.europa.eu\/latest-asylum-trends-asylum&quot;&gt;Latest Asylum Trends. Septembre 2022&lt;\/a&gt;, Agencia de Asilo de la Uni\u00f3n Europea.'><sup>4<\/sup><\/a><\/span><\/span>. El n\u00famero de entradas irregulares en la Uni\u00f3n Europea tambi\u00e9n <a href=\"https:\/\/legrandcontinent.eu\/es\/2022\/12\/06\/cumbre-union-balcanes-occidentales-en-tirana\/\">ha aumentado considerablemente<\/a> con respecto a 2021.<\/p>\n","protected":false},"excerpt":{"rendered":"<p>Los ministros de los Estados miembros han aprobado hoy la entrada de Croacia en el espacio Schengen a partir del 1 de enero de 2023. La decisi\u00f3n sobre la entrada de Bulgaria y Ruman\u00eda se aplaz\u00f3 debido a la oposici\u00f3n de Austria y los Pa\u00edses Bajos.<\/p>\n","protected":false},"author":1366,"featured_media":11769,"comment_status":"closed","ping_status":"closed","sticky":false,"template":"templates\/post-briefings.php","format":"standard","meta":{"_acf_changed":false,"_trash_the_other_posts":false,"_yoast_wpseo_estimated-reading-time-minutes":2,"footnotes":""},"categories":[6],"tags":[],"staff":[],"editorial_format":[],"serie":[],"audience":[],"geo":[177],"class_list":["post-11653","post","type-post","status-publish","format-standard","hentry","category-politica","geo-europa"],"acf":{"open_in_webview":false,"accent":false,"_thumbnail_id":11769,"excerpt":"Los ministros de los Estados miembros han aprobado hoy la entrada de Croacia en el espacio Schengen a partir del 1 de enero de 2023. La decisi\u00f3n sobre la entrada de Bulgaria y Ruman\u00eda se aplaz\u00f3 debido a la oposici\u00f3n de Austria y los Pa\u00edses Bajos.\r\n","display_date":"","new_abstract":true},"yoast_head":"<!-- This site is optimized with the Yoast SEO plugin v26.1.1 - https:\/\/yoast.com\/wordpress\/plugins\/seo\/ -->\n<title>El Consejo aprueba la entrada de Croacia en Schengen - El Grand Continent<\/title>\n<meta name=\"robots\" content=\"index, follow, max-snippet:-1, max-image-preview:large, max-video-preview:-1\" \/>\n<link rel=\"canonical\" href=\"https:\/\/legrandcontinent.eu\/es\/2022\/12\/08\/el-consejo-aprueba-la-entrada-de-croacia-en-schengen\/\" \/>\n<meta property=\"og:locale\" content=\"es_ES\" \/>\n<meta property=\"og:type\" content=\"article\" \/>\n<meta property=\"og:title\" content=\"El Consejo aprueba la entrada de Croacia en Schengen - El Grand Continent\" \/>\n<meta property=\"og:description\" content=\"Los ministros de los Estados miembros han aprobado hoy la entrada de Croacia en el espacio Schengen a partir del 1 de enero de 2023. La decisi\u00f3n sobre la entrada de Bulgaria y Ruman\u00eda se aplaz\u00f3 debido a la oposici\u00f3n de Austria y los Pa\u00edses Bajos.\" \/>\n<meta property=\"og:url\" content=\"https:\/\/legrandcontinent.eu\/es\/2022\/12\/08\/el-consejo-aprueba-la-entrada-de-croacia-en-schengen\/\" \/>\n<meta property=\"og:site_name\" content=\"El Grand Continent\" \/>\n<meta property=\"article:published_time\" content=\"2022-12-08T19:30:00+00:00\" \/>\n<meta property=\"article:modified_time\" content=\"2022-12-11T22:13:47+00:00\" \/>\n<meta property=\"og:image\" content=\"https:\/\/legrandcontinent.eu\/es\/wp-content\/uploads\/sites\/6\/2022\/12\/gc-elschengen-scaled.jpg\" \/>\n\t<meta property=\"og:image:width\" content=\"2560\" \/>\n\t<meta property=\"og:image:height\" content=\"1440\" \/>\n\t<meta property=\"og:image:type\" content=\"image\/jpeg\" \/>\n<meta name=\"author\" content=\"florent\" \/>\n<meta name=\"twitter:card\" content=\"summary_large_image\" \/>\n<meta name=\"twitter:image\" content=\"https:\/\/legrandcontinent.eu\/es\/wp-content\/uploads\/sites\/6\/2022\/12\/gc-elschengen-scaled.jpg\" \/>\n<meta name=\"twitter:label1\" content=\"Escrito por\" \/>\n\t<meta name=\"twitter:data1\" content=\"florent\" \/>\n\t<meta name=\"twitter:label2\" content=\"Tiempo de lectura\" \/>\n\t<meta name=\"twitter:data2\" content=\"2 minutos\" \/>\n<script type=\"application\/ld+json\" class=\"yoast-schema-graph\">{\"@context\":\"https:\/\/schema.org\",\"@graph\":[{\"@type\":\"WebPage\",\"@id\":\"https:\/\/legrandcontinent.eu\/es\/2022\/12\/08\/el-consejo-aprueba-la-entrada-de-croacia-en-schengen\/\",\"url\":\"https:\/\/legrandcontinent.eu\/es\/2022\/12\/08\/el-consejo-aprueba-la-entrada-de-croacia-en-schengen\/\",\"name\":\"El Consejo aprueba la entrada de Croacia en Schengen - El Grand Continent\",\"isPartOf\":{\"@id\":\"https:\/\/legrandcontinent.eu\/es\/#website\"},\"primaryImageOfPage\":{\"@id\":\"https:\/\/legrandcontinent.eu\/es\/2022\/12\/08\/el-consejo-aprueba-la-entrada-de-croacia-en-schengen\/#primaryimage\"},\"image\":{\"@id\":\"https:\/\/legrandcontinent.eu\/es\/2022\/12\/08\/el-consejo-aprueba-la-entrada-de-croacia-en-schengen\/#primaryimage\"},\"thumbnailUrl\":\"https:\/\/legrandcontinent.eu\/es\/wp-content\/uploads\/sites\/6\/2022\/12\/ckln1-el-espacio-schengen-en-2022.png\",\"datePublished\":\"2022-12-08T19:30:00+00:00\",\"dateModified\":\"2022-12-11T22:13:47+00:00\",\"author\":{\"@id\":\"https:\/\/legrandcontinent.eu\/es\/#\/schema\/person\/cdd782c93d4a9eda86ab19a8c01cdf5c\"},\"breadcrumb\":{\"@id\":\"https:\/\/legrandcontinent.eu\/es\/2022\/12\/08\/el-consejo-aprueba-la-entrada-de-croacia-en-schengen\/#breadcrumb\"},\"inLanguage\":\"es\",\"potentialAction\":[{\"@type\":\"ReadAction\",\"target\":[\"https:\/\/legrandcontinent.eu\/es\/2022\/12\/08\/el-consejo-aprueba-la-entrada-de-croacia-en-schengen\/\"]}]},{\"@type\":\"ImageObject\",\"inLanguage\":\"es\",\"@id\":\"https:\/\/legrandcontinent.eu\/es\/2022\/12\/08\/el-consejo-aprueba-la-entrada-de-croacia-en-schengen\/#primaryimage\",\"url\":\"https:\/\/legrandcontinent.eu\/es\/wp-content\/uploads\/sites\/6\/2022\/12\/ckln1-el-espacio-schengen-en-2022.png\",\"contentUrl\":\"https:\/\/legrandcontinent.eu\/es\/wp-content\/uploads\/sites\/6\/2022\/12\/ckln1-el-espacio-schengen-en-2022.png\",\"width\":1609,\"height\":1400},{\"@type\":\"BreadcrumbList\",\"@id\":\"https:\/\/legrandcontinent.eu\/es\/2022\/12\/08\/el-consejo-aprueba-la-entrada-de-croacia-en-schengen\/#breadcrumb\",\"itemListElement\":[{\"@type\":\"ListItem\",\"position\":1,\"name\":\"Home\",\"item\":\"https:\/\/legrandcontinent.eu\/es\/\"},{\"@type\":\"ListItem\",\"position\":2,\"name\":\"El Consejo aprueba la entrada de Croacia en Schengen\"}]},{\"@type\":\"WebSite\",\"@id\":\"https:\/\/legrandcontinent.eu\/es\/#website\",\"url\":\"https:\/\/legrandcontinent.eu\/es\/\",\"name\":\"El Grand Continent\",\"description\":\"La escala pertinente\",\"potentialAction\":[{\"@type\":\"SearchAction\",\"target\":{\"@type\":\"EntryPoint\",\"urlTemplate\":\"https:\/\/legrandcontinent.eu\/es\/?s={search_term_string}\"},\"query-input\":{\"@type\":\"PropertyValueSpecification\",\"valueRequired\":true,\"valueName\":\"search_term_string\"}}],\"inLanguage\":\"es\"},{\"@type\":\"Person\",\"@id\":\"https:\/\/legrandcontinent.eu\/es\/#\/schema\/person\/cdd782c93d4a9eda86ab19a8c01cdf5c\",\"name\":\"florent\",\"image\":{\"@type\":\"ImageObject\",\"inLanguage\":\"es\",\"@id\":\"https:\/\/legrandcontinent.eu\/es\/#\/schema\/person\/image\/\",\"url\":\"https:\/\/secure.gravatar.com\/avatar\/0d38d78c90602daf39b309035cdac6bc?s=96&d=mm&r=g\",\"contentUrl\":\"https:\/\/secure.gravatar.com\/avatar\/0d38d78c90602daf39b309035cdac6bc?s=96&d=mm&r=g\",\"caption\":\"florent\"}}]}<\/script>\n<!-- \/ Yoast SEO plugin. -->","yoast_head_json":{"title":"El Consejo aprueba la entrada de Croacia en Schengen - El Grand Continent","robots":{"index":"index","follow":"follow","max-snippet":"max-snippet:-1","max-image-preview":"max-image-preview:large","max-video-preview":"max-video-preview:-1"},"canonical":"https:\/\/legrandcontinent.eu\/es\/2022\/12\/08\/el-consejo-aprueba-la-entrada-de-croacia-en-schengen\/","og_locale":"es_ES","og_type":"article","og_title":"El Consejo aprueba la entrada de Croacia en Schengen - El Grand Continent","og_description":"Los ministros de los Estados miembros han aprobado hoy la entrada de Croacia en el espacio Schengen a partir del 1 de enero de 2023. La decisi\u00f3n sobre la entrada de Bulgaria y Ruman\u00eda se aplaz\u00f3 debido a la oposici\u00f3n de Austria y los Pa\u00edses Bajos.","og_url":"https:\/\/legrandcontinent.eu\/es\/2022\/12\/08\/el-consejo-aprueba-la-entrada-de-croacia-en-schengen\/","og_site_name":"El Grand Continent","article_published_time":"2022-12-08T19:30:00+00:00","article_modified_time":"2022-12-11T22:13:47+00:00","og_image":[{"width":2560,"height":1440,"url":"https:\/\/legrandcontinent.eu\/es\/wp-content\/uploads\/sites\/6\/2022\/12\/gc-elschengen-scaled.jpg","type":"image\/jpeg"}],"author":"florent","twitter_card":"summary_large_image","twitter_image":"https:\/\/legrandcontinent.eu\/es\/wp-content\/uploads\/sites\/6\/2022\/12\/gc-elschengen-scaled.jpg","twitter_misc":{"Escrito por":"florent","Tiempo de lectura":"2 minutos"},"schema":{"@context":"https:\/\/schema.org","@graph":[{"@type":"WebPage","@id":"https:\/\/legrandcontinent.eu\/es\/2022\/12\/08\/el-consejo-aprueba-la-entrada-de-croacia-en-schengen\/","url":"https:\/\/legrandcontinent.eu\/es\/2022\/12\/08\/el-consejo-aprueba-la-entrada-de-croacia-en-schengen\/","name":"El Consejo aprueba la entrada de Croacia en Schengen - El Grand Continent","isPartOf":{"@id":"https:\/\/legrandcontinent.eu\/es\/#website"},"primaryImageOfPage":{"@id":"https:\/\/legrandcontinent.eu\/es\/2022\/12\/08\/el-consejo-aprueba-la-entrada-de-croacia-en-schengen\/#primaryimage"},"image":{"@id":"https:\/\/legrandcontinent.eu\/es\/2022\/12\/08\/el-consejo-aprueba-la-entrada-de-croacia-en-schengen\/#primaryimage"},"thumbnailUrl":"https:\/\/legrandcontinent.eu\/es\/wp-content\/uploads\/sites\/6\/2022\/12\/ckln1-el-espacio-schengen-en-2022.png","datePublished":"2022-12-08T19:30:00+00:00","dateModified":"2022-12-11T22:13:47+00:00","author":{"@id":"https:\/\/legrandcontinent.eu\/es\/#\/schema\/person\/cdd782c93d4a9eda86ab19a8c01cdf5c"},"breadcrumb":{"@id":"https:\/\/legrandcontinent.eu\/es\/2022\/12\/08\/el-consejo-aprueba-la-entrada-de-croacia-en-schengen\/#breadcrumb"},"inLanguage":"es","potentialAction":[{"@type":"ReadAction","target":["https:\/\/legrandcontinent.eu\/es\/2022\/12\/08\/el-consejo-aprueba-la-entrada-de-croacia-en-schengen\/"]}]},{"@type":"ImageObject","inLanguage":"es","@id":"https:\/\/legrandcontinent.eu\/es\/2022\/12\/08\/el-consejo-aprueba-la-entrada-de-croacia-en-schengen\/#primaryimage","url":"https:\/\/legrandcontinent.eu\/es\/wp-content\/uploads\/sites\/6\/2022\/12\/ckln1-el-espacio-schengen-en-2022.png","contentUrl":"https:\/\/legrandcontinent.eu\/es\/wp-content\/uploads\/sites\/6\/2022\/12\/ckln1-el-espacio-schengen-en-2022.png","width":1609,"height":1400},{"@type":"BreadcrumbList","@id":"https:\/\/legrandcontinent.eu\/es\/2022\/12\/08\/el-consejo-aprueba-la-entrada-de-croacia-en-schengen\/#breadcrumb","itemListElement":[{"@type":"ListItem","position":1,"name":"Home","item":"https:\/\/legrandcontinent.eu\/es\/"},{"@type":"ListItem","position":2,"name":"El Consejo aprueba la entrada de Croacia en Schengen"}]},{"@type":"WebSite","@id":"https:\/\/legrandcontinent.eu\/es\/#website","url":"https:\/\/legrandcontinent.eu\/es\/","name":"El Grand Continent","description":"La escala pertinente","potentialAction":[{"@type":"SearchAction","target":{"@type":"EntryPoint","urlTemplate":"https:\/\/legrandcontinent.eu\/es\/?s={search_term_string}"},"query-input":{"@type":"PropertyValueSpecification","valueRequired":true,"valueName":"search_term_string"}}],"inLanguage":"es"},{"@type":"Person","@id":"https:\/\/legrandcontinent.eu\/es\/#\/schema\/person\/cdd782c93d4a9eda86ab19a8c01cdf5c","name":"florent","image":{"@type":"ImageObject","inLanguage":"es","@id":"https:\/\/legrandcontinent.eu\/es\/#\/schema\/person\/image\/","url":"https:\/\/secure.gravatar.com\/avatar\/0d38d78c90602daf39b309035cdac6bc?s=96&d=mm&r=g","contentUrl":"https:\/\/secure.gravatar.com\/avatar\/0d38d78c90602daf39b309035cdac6bc?s=96&d=mm&r=g","caption":"florent"}}]}},"lgc_categories":[{"id":6,"name":"Pol\u00edtica","slug":"politica"}],"lgc_author":null,"feature_image_summary":{"url":"https:\/\/legrandcontinent.eu\/es\/wp-content\/uploads\/sites\/6\/2022\/12\/ckln1-el-espacio-schengen-en-2022.png","width":1609,"height":1400,"alt":""},"feature_image_cover":null,"term_position_data":null,"_links":{"self":[{"href":"https:\/\/legrandcontinent.eu\/es\/wp-json\/wp\/v2\/posts\/11653","targetHints":{"allow":["GET"]}}],"collection":[{"href":"https:\/\/legrandcontinent.eu\/es\/wp-json\/wp\/v2\/posts"}],"about":[{"href":"https:\/\/legrandcontinent.eu\/es\/wp-json\/wp\/v2\/types\/post"}],"author":[{"embeddable":true,"href":"https:\/\/legrandcontinent.eu\/es\/wp-json\/wp\/v2\/users\/1366"}],"replies":[{"embeddable":true,"href":"https:\/\/legrandcontinent.eu\/es\/wp-json\/wp\/v2\/comments?post=11653"}],"version-history":[{"count":0,"href":"https:\/\/legrandcontinent.eu\/es\/wp-json\/wp\/v2\/posts\/11653\/revisions"}],"wp:featuredmedia":[{"embeddable":true,"href":"https:\/\/legrandcontinent.eu\/es\/wp-json\/wp\/v2\/media\/11769"}],"wp:attachment":[{"href":"https:\/\/legrandcontinent.eu\/es\/wp-json\/wp\/v2\/media?parent=11653"}],"wp:term":[{"taxonomy":"category","embeddable":true,"href":"https:\/\/legrandcontinent.eu\/es\/wp-json\/wp\/v2\/categories?post=11653"},{"taxonomy":"post_tag","embeddable":true,"href":"https:\/\/legrandcontinent.eu\/es\/wp-json\/wp\/v2\/tags?post=11653"},{"taxonomy":"staff","embeddable":true,"href":"https:\/\/legrandcontinent.eu\/es\/wp-json\/wp\/v2\/staff?post=11653"},{"taxonomy":"editorial_format","embeddable":true,"href":"https:\/\/legrandcontinent.eu\/es\/wp-json\/wp\/v2\/editorial_format?post=11653"},{"taxonomy":"serie","embeddable":true,"href":"https:\/\/legrandcontinent.eu\/es\/wp-json\/wp\/v2\/serie?post=11653"},{"taxonomy":"audience","embeddable":true,"href":"https:\/\/legrandcontinent.eu\/es\/wp-json\/wp\/v2\/audience?post=11653"},{"taxonomy":"geo","embeddable":true,"href":"https:\/\/legrandcontinent.eu\/es\/wp-json\/wp\/v2\/geo?post=11653"}],"curies":[{"name":"wp","href":"https:\/\/api.w.org\/{rel}","templated":true}]}}