{"id":11578,"date":"2022-12-07T15:00:00","date_gmt":"2022-12-07T15:00:00","guid":{"rendered":"https:\/\/legrandcontinent.eu\/es\/?p=11578"},"modified":"2022-12-07T18:21:29","modified_gmt":"2022-12-07T18:21:29","slug":"perspectivas-mundiales-para-la-biodiversidad","status":"publish","type":"post","link":"https:\/\/legrandcontinent.eu\/es\/2022\/12\/07\/perspectivas-mundiales-para-la-biodiversidad\/","title":{"rendered":"Perspectivas mundiales para la biodiversidad"},"content":{"rendered":"\n<p>La biodiversidad se refiere a todos los seres vivos (mam\u00edferos, reptiles, microorganismos, etc.) y a los ecosistemas en los que viven. Entre 1970 y 2018, la poblaci\u00f3n mundial de animales protegidos se redujo un 69%, seg\u00fan WWF, un 94% en Am\u00e9rica Latina y el Caribe&nbsp;<span class='whitespace-nowrap'><span id='easy-footnote-1-11578' class='easy-footnote-margin-adjust'><\/span><span class='easy-footnote'><a href='https:\/\/legrandcontinent.eu\/es\/2022\/12\/07\/perspectivas-mundiales-para-la-biodiversidad\/#easy-footnote-bottom-1-11578' title='&lt;a href=&quot;https:\/\/wwflpr.awsassets.panda.org\/downloads\/lpr_2022_full_report.pdf&quot;&gt;Living Planet Report 2022&lt;\/a&gt;, WWF.'><sup>1<\/sup><\/a><\/span><\/span>.<\/p>\n\n\n\n<p>Aunque la biodiversidad suele atraer menos atenci\u00f3n que el clima, es una cuesti\u00f3n fundamental de la transici\u00f3n medioambiental, ya que permite preservar y perpetuar los ecosistemas y, por tanto, la vida en la Tierra.<\/p>\n\n\n\n<ul class=\"wp-block-list\">\n<li>La COP15, que inicialmente estaba prevista para 2019 en China -aplazada a causa de la pandemia-, pondr\u00e1 en marcha una nueva ronda de negociaciones, ya que la anterior tuvo lugar de 2010 a 2020.&nbsp;<\/li>\n\n\n\n<li>Adem\u00e1s de las prohibiciones de sustancias nocivas para los ecosistemas y la financiaci\u00f3n, la cuesti\u00f3n principal ser\u00e1 la aplicaci\u00f3n del llamado programa \u00ab30\/30\u00bb: 30% de zonas protegidas de las actividades humanas en el mar y 30% en tierra.<\/li>\n<\/ul>\n\n\n\n<p>Este programa ser\u00e1 promovido por la \u00abCoalici\u00f3n de Alta Ambici\u00f3n para la Naturaleza y la Humanidad\u00bb, copresidida por Costa Rica y Francia, que incluye a 114 pa\u00edses.\u00a0<\/p>\n\n\n\n<div class=\"iframe-container wp-block-image wp-block-image-medium  iframe-dw\">\n\t<div>\n\t\t<iframe class=\"absolute w-full h-full pin-t pin-l\" title=\"titolo\" aria-label=\"Interactive line chart\" src=\"\/\/datawrapper.dwcdn.net\/00zkK\/\" scrolling=\"no\" frameborder=\"0\"><\/iframe>\n\t<\/div>\n<\/div>\n\n\n\n<p><a href=\"https:\/\/legrandcontinent.eu\/es\/2022\/11\/21\/balance-de-la-cop27\/\">Los resultados de la COP 27 <\/a>de Sharm el-Sheikh reflejan la debilidad de los objetivos y compromisos asumidos hasta ahora para preservar la biodiversidad. Aunque la creaci\u00f3n de un fondo para compensar a los pa\u00edses m\u00e1s vulnerables por las <a href=\"https:\/\/legrandcontinent.eu\/es\/2022\/12\/05\/la-ayuda-oficial-al-desarrollo-en-la-epoca-de-las-consecuencias\/\">\u00abp\u00e9rdidas y da\u00f1os\u00bb <\/a>debidos al cambio clim\u00e1tico indica que los pa\u00edses ricos est\u00e1n dispuestos a debatir la financiaci\u00f3n del clima -uno de los principales puntos de fricci\u00f3n en las negociaciones sobre biodiversidad-, un informe de la ONU muestra que s\u00f3lo se gastan 154.000 millones de d\u00f3lares al a\u00f1o en \u00absoluciones basadas en la naturaleza\u00bb&nbsp;<span class='whitespace-nowrap'><span id='easy-footnote-2-11578' class='easy-footnote-margin-adjust'><\/span><span class='easy-footnote'><a href='https:\/\/legrandcontinent.eu\/es\/2022\/12\/07\/perspectivas-mundiales-para-la-biodiversidad\/#easy-footnote-bottom-2-11578' title='&lt;a href=&quot;https:\/\/wedocs.unep.org\/bitstream\/handle\/20.500.11822\/41333\/state_finance_nature.pdf?sequence=3&quot;&gt;State of Finance for Nature\u00a0? Time to act\u00a0: Doubling finance flows into nature-based solutions by 2025 to deal with global crises&lt;\/a&gt;, Naciones Unidas, 1 de diciembre 2022.'><sup>2<\/sup><\/a><\/span><\/span>. Se prev\u00e9 que esta cifra se triplique de aqu\u00ed a 2030.<\/p>\n\n\n\n<div class=\"iframe-container wp-block-image wp-block-image-medium \">\n\t<div>\n\t\t<iframe class=\"absolute w-full h-full pin-t pin-l\" title=\"titolo\" aria-label=\"Interactive line chart\" src=\"\/\/flo.uri.sh\/visualisation\/12092623\/embed\" scrolling=\"no\" frameborder=\"0\"><\/iframe>\n\t<\/div>\n<\/div>\n\n\n\n<p>La p\u00e9rdida de biodiversidad es mayor en las regiones con una elevada proporci\u00f3n de pa\u00edses de renta baja y media.<\/p>\n\n\n\n<ul class=\"wp-block-list\">\n<li>Seg\u00fan el \u00cdndice Planeta Vivo, desde 1970 s\u00f3lo se ha perdido el 20% de la biodiversidad en Europa, Asia Central y Norteam\u00e9rica.<\/li>\n\n\n\n<li>Esta cifra es muy inferior a la media mundial del 69%, y se debe principalmente a Am\u00e9rica Latina y el Caribe, que se calcula que ha perdido el 94% de su biodiversidad en los \u00faltimos 50 a\u00f1os.<\/li>\n<\/ul>\n\n\n\n<div class=\"iframe-container wp-block-image wp-block-image-medium \">\n\t<div>\n\t\t<iframe class=\"absolute w-full h-full pin-t pin-l\" title=\"titolo\" aria-label=\"Interactive line chart\" src=\"\/\/flo.uri.sh\/visualisation\/12092646\/embed\" scrolling=\"no\" frameborder=\"0\"><\/iframe>\n\t<\/div>\n<\/div>\n\n\n\n<p>Sin embargo, <a href=\"https:\/\/legrandcontinent.eu\/es\/2022\/10\/31\/lula-ha-ganado-las-elecciones-en-brasil-que-pasara-ahora\/\">la elecci\u00f3n de Lula<\/a> en Brasil ofrece esperanzas de que esta tendencia se invierta. Aunque Brasil tiene la mayor concentraci\u00f3n de biodiversidad del mundo, el Gobierno de Bolsonaro se ha caracterizado por su <a href=\"https:\/\/legrandcontinent.eu\/es\/2022\/11\/14\/hacia-la-creacion-de-un-ministerio-de-pueblos-indigenas-en-brasil\/\">estrategia de destrucci\u00f3n de las pol\u00edticas medioambientales<\/a> puestas en marcha por sus predecesores.<\/p>\n\n\n\n<div class=\"iframe-container wp-block-image wp-block-image-medium  iframe-dw\">\n\t<div>\n\t\t<iframe class=\"absolute w-full h-full pin-t pin-l\" title=\"titolo\" aria-label=\"Interactive line chart\" src=\"\/\/datawrapper.dwcdn.net\/YeBle\/\" scrolling=\"no\" frameborder=\"0\"><\/iframe>\n\t<\/div>\n<\/div>\n\n\n\n<p>Aunque Brasil obstruy\u00f3 deliberadamente las negociaciones anteriores, impidiendo el acuerdo sobre objetivos como la protecci\u00f3n de al menos el 30% de la tierra y el mar para 2030 -seg\u00fan WWF y otras organizaciones conservacionistas-, Lula ha dejado claro que el medio ambiente es una de sus principales prioridades&nbsp;<span class='whitespace-nowrap'><span id='easy-footnote-3-11578' class='easy-footnote-margin-adjust'><\/span><span class='easy-footnote'><a href='https:\/\/legrandcontinent.eu\/es\/2022\/12\/07\/perspectivas-mundiales-para-la-biodiversidad\/#easy-footnote-bottom-3-11578' title='\u00ab&amp;nbsp;&lt;a href=&quot;https:\/\/www.nature.com\/articles\/d41586-022-04329-5?utm_campaign=Carbon%20Brief%20Daily%20Briefing&amp;amp;utm_content=20221207&amp;amp;utm_medium=email&amp;amp;utm_source=Revue%20Daily&quot;&gt;World leaders must step up to put biodiversity deal on path to success&lt;\/a&gt;&amp;nbsp;\u00bb,&amp;nbsp;&lt;em&gt;Nature&lt;\/em&gt;, 6 de diciembre 2022'><sup>3<\/sup><\/a><\/span><\/span>.<\/p>\n","protected":false},"excerpt":{"rendered":"<p>Hoy comienza la 15\u00aa Conferencia de las Partes (COP15) sobre cuestiones de biodiversidad, que se celebrar\u00e1 en Montreal hasta el 19 de diciembre. Tras los resultados desiguales de la COP 27, los 194 Estados participantes tratar\u00e1n de alcanzar un nuevo y audaz acuerdo internacional para detener la p\u00e9rdida global de la biodiversidad.<\/p>\n","protected":false},"author":1366,"featured_media":11582,"comment_status":"closed","ping_status":"closed","sticky":false,"template":"templates\/post-briefings.php","format":"standard","meta":{"_acf_changed":false,"_trash_the_other_posts":false,"_yoast_wpseo_estimated-reading-time-minutes":3,"footnotes":""},"categories":[98],"tags":[],"staff":[],"editorial_format":[],"serie":[],"audience":[],"geo":[198],"class_list":["post-11578","post","type-post","status-publish","format-standard","hentry","category-energia-y-medio-ambiente","geo-mundo"],"acf":{"open_in_webview":false,"accent":false},"yoast_head":"<!-- This site is optimized with the Yoast SEO plugin v26.1.1 - https:\/\/yoast.com\/wordpress\/plugins\/seo\/ -->\n<title>Perspectivas mundiales para la biodiversidad - El Grand Continent<\/title>\n<meta name=\"robots\" content=\"index, follow, max-snippet:-1, max-image-preview:large, max-video-preview:-1\" \/>\n<link rel=\"canonical\" href=\"https:\/\/legrandcontinent.eu\/es\/2022\/12\/07\/perspectivas-mundiales-para-la-biodiversidad\/\" \/>\n<meta property=\"og:locale\" content=\"es_ES\" \/>\n<meta property=\"og:type\" content=\"article\" \/>\n<meta property=\"og:title\" content=\"Perspectivas mundiales para la biodiversidad - El Grand Continent\" \/>\n<meta property=\"og:description\" content=\"Hoy comienza la 15\u00aa Conferencia de las Partes (COP15) sobre cuestiones de biodiversidad, que se celebrar\u00e1 en Montreal hasta el 19 de diciembre. Tras los resultados desiguales de la COP 27, los 194 Estados participantes tratar\u00e1n de alcanzar un nuevo y audaz acuerdo internacional para detener la p\u00e9rdida global de la biodiversidad.\" \/>\n<meta property=\"og:url\" content=\"https:\/\/legrandcontinent.eu\/es\/2022\/12\/07\/perspectivas-mundiales-para-la-biodiversidad\/\" \/>\n<meta property=\"og:site_name\" content=\"El Grand Continent\" \/>\n<meta property=\"article:published_time\" content=\"2022-12-07T15:00:00+00:00\" \/>\n<meta property=\"article:modified_time\" content=\"2022-12-07T18:21:29+00:00\" \/>\n<meta property=\"og:image\" content=\"https:\/\/legrandcontinent.eu\/es\/wp-content\/uploads\/sites\/6\/2022\/12\/gc-elbiodiversidad-scaled.jpg\" \/>\n\t<meta property=\"og:image:width\" content=\"2560\" \/>\n\t<meta property=\"og:image:height\" content=\"1440\" \/>\n\t<meta property=\"og:image:type\" content=\"image\/jpeg\" \/>\n<meta name=\"author\" content=\"florent\" \/>\n<meta name=\"twitter:card\" content=\"summary_large_image\" \/>\n<meta name=\"twitter:image\" content=\"https:\/\/legrandcontinent.eu\/es\/wp-content\/uploads\/sites\/6\/2022\/12\/gc-elbiodiversidad-scaled.jpg\" \/>\n<meta name=\"twitter:label1\" content=\"Escrito por\" \/>\n\t<meta name=\"twitter:data1\" content=\"florent\" \/>\n\t<meta name=\"twitter:label2\" content=\"Tiempo de lectura\" \/>\n\t<meta name=\"twitter:data2\" content=\"3 minutos\" \/>\n<script type=\"application\/ld+json\" class=\"yoast-schema-graph\">{\"@context\":\"https:\/\/schema.org\",\"@graph\":[{\"@type\":\"WebPage\",\"@id\":\"https:\/\/legrandcontinent.eu\/es\/2022\/12\/07\/perspectivas-mundiales-para-la-biodiversidad\/\",\"url\":\"https:\/\/legrandcontinent.eu\/es\/2022\/12\/07\/perspectivas-mundiales-para-la-biodiversidad\/\",\"name\":\"Perspectivas mundiales para la biodiversidad - El Grand Continent\",\"isPartOf\":{\"@id\":\"https:\/\/legrandcontinent.eu\/es\/#website\"},\"primaryImageOfPage\":{\"@id\":\"https:\/\/legrandcontinent.eu\/es\/2022\/12\/07\/perspectivas-mundiales-para-la-biodiversidad\/#primaryimage\"},\"image\":{\"@id\":\"https:\/\/legrandcontinent.eu\/es\/2022\/12\/07\/perspectivas-mundiales-para-la-biodiversidad\/#primaryimage\"},\"thumbnailUrl\":\"https:\/\/legrandcontinent.eu\/es\/wp-content\/uploads\/sites\/6\/2022\/12\/Capture-decran-2022-12-07-a-19.16.11.png\",\"datePublished\":\"2022-12-07T15:00:00+00:00\",\"dateModified\":\"2022-12-07T18:21:29+00:00\",\"author\":{\"@id\":\"https:\/\/legrandcontinent.eu\/es\/#\/schema\/person\/cdd782c93d4a9eda86ab19a8c01cdf5c\"},\"breadcrumb\":{\"@id\":\"https:\/\/legrandcontinent.eu\/es\/2022\/12\/07\/perspectivas-mundiales-para-la-biodiversidad\/#breadcrumb\"},\"inLanguage\":\"es\",\"potentialAction\":[{\"@type\":\"ReadAction\",\"target\":[\"https:\/\/legrandcontinent.eu\/es\/2022\/12\/07\/perspectivas-mundiales-para-la-biodiversidad\/\"]}]},{\"@type\":\"ImageObject\",\"inLanguage\":\"es\",\"@id\":\"https:\/\/legrandcontinent.eu\/es\/2022\/12\/07\/perspectivas-mundiales-para-la-biodiversidad\/#primaryimage\",\"url\":\"https:\/\/legrandcontinent.eu\/es\/wp-content\/uploads\/sites\/6\/2022\/12\/Capture-decran-2022-12-07-a-19.16.11.png\",\"contentUrl\":\"https:\/\/legrandcontinent.eu\/es\/wp-content\/uploads\/sites\/6\/2022\/12\/Capture-decran-2022-12-07-a-19.16.11.png\",\"width\":2694,\"height\":982},{\"@type\":\"BreadcrumbList\",\"@id\":\"https:\/\/legrandcontinent.eu\/es\/2022\/12\/07\/perspectivas-mundiales-para-la-biodiversidad\/#breadcrumb\",\"itemListElement\":[{\"@type\":\"ListItem\",\"position\":1,\"name\":\"Home\",\"item\":\"https:\/\/legrandcontinent.eu\/es\/\"},{\"@type\":\"ListItem\",\"position\":2,\"name\":\"Perspectivas mundiales para la biodiversidad\"}]},{\"@type\":\"WebSite\",\"@id\":\"https:\/\/legrandcontinent.eu\/es\/#website\",\"url\":\"https:\/\/legrandcontinent.eu\/es\/\",\"name\":\"El Grand Continent\",\"description\":\"La escala pertinente\",\"potentialAction\":[{\"@type\":\"SearchAction\",\"target\":{\"@type\":\"EntryPoint\",\"urlTemplate\":\"https:\/\/legrandcontinent.eu\/es\/?s={search_term_string}\"},\"query-input\":{\"@type\":\"PropertyValueSpecification\",\"valueRequired\":true,\"valueName\":\"search_term_string\"}}],\"inLanguage\":\"es\"},{\"@type\":\"Person\",\"@id\":\"https:\/\/legrandcontinent.eu\/es\/#\/schema\/person\/cdd782c93d4a9eda86ab19a8c01cdf5c\",\"name\":\"florent\",\"image\":{\"@type\":\"ImageObject\",\"inLanguage\":\"es\",\"@id\":\"https:\/\/legrandcontinent.eu\/es\/#\/schema\/person\/image\/\",\"url\":\"https:\/\/secure.gravatar.com\/avatar\/0d38d78c90602daf39b309035cdac6bc?s=96&d=mm&r=g\",\"contentUrl\":\"https:\/\/secure.gravatar.com\/avatar\/0d38d78c90602daf39b309035cdac6bc?s=96&d=mm&r=g\",\"caption\":\"florent\"}}]}<\/script>\n<!-- \/ Yoast SEO plugin. -->","yoast_head_json":{"title":"Perspectivas mundiales para la biodiversidad - El Grand Continent","robots":{"index":"index","follow":"follow","max-snippet":"max-snippet:-1","max-image-preview":"max-image-preview:large","max-video-preview":"max-video-preview:-1"},"canonical":"https:\/\/legrandcontinent.eu\/es\/2022\/12\/07\/perspectivas-mundiales-para-la-biodiversidad\/","og_locale":"es_ES","og_type":"article","og_title":"Perspectivas mundiales para la biodiversidad - El Grand Continent","og_description":"Hoy comienza la 15\u00aa Conferencia de las Partes (COP15) sobre cuestiones de biodiversidad, que se celebrar\u00e1 en Montreal hasta el 19 de diciembre. Tras los resultados desiguales de la COP 27, los 194 Estados participantes tratar\u00e1n de alcanzar un nuevo y audaz acuerdo internacional para detener la p\u00e9rdida global de la biodiversidad.","og_url":"https:\/\/legrandcontinent.eu\/es\/2022\/12\/07\/perspectivas-mundiales-para-la-biodiversidad\/","og_site_name":"El Grand Continent","article_published_time":"2022-12-07T15:00:00+00:00","article_modified_time":"2022-12-07T18:21:29+00:00","og_image":[{"width":2560,"height":1440,"url":"https:\/\/legrandcontinent.eu\/es\/wp-content\/uploads\/sites\/6\/2022\/12\/gc-elbiodiversidad-scaled.jpg","type":"image\/jpeg"}],"author":"florent","twitter_card":"summary_large_image","twitter_image":"https:\/\/legrandcontinent.eu\/es\/wp-content\/uploads\/sites\/6\/2022\/12\/gc-elbiodiversidad-scaled.jpg","twitter_misc":{"Escrito por":"florent","Tiempo de lectura":"3 minutos"},"schema":{"@context":"https:\/\/schema.org","@graph":[{"@type":"WebPage","@id":"https:\/\/legrandcontinent.eu\/es\/2022\/12\/07\/perspectivas-mundiales-para-la-biodiversidad\/","url":"https:\/\/legrandcontinent.eu\/es\/2022\/12\/07\/perspectivas-mundiales-para-la-biodiversidad\/","name":"Perspectivas mundiales para la biodiversidad - El Grand Continent","isPartOf":{"@id":"https:\/\/legrandcontinent.eu\/es\/#website"},"primaryImageOfPage":{"@id":"https:\/\/legrandcontinent.eu\/es\/2022\/12\/07\/perspectivas-mundiales-para-la-biodiversidad\/#primaryimage"},"image":{"@id":"https:\/\/legrandcontinent.eu\/es\/2022\/12\/07\/perspectivas-mundiales-para-la-biodiversidad\/#primaryimage"},"thumbnailUrl":"https:\/\/legrandcontinent.eu\/es\/wp-content\/uploads\/sites\/6\/2022\/12\/Capture-decran-2022-12-07-a-19.16.11.png","datePublished":"2022-12-07T15:00:00+00:00","dateModified":"2022-12-07T18:21:29+00:00","author":{"@id":"https:\/\/legrandcontinent.eu\/es\/#\/schema\/person\/cdd782c93d4a9eda86ab19a8c01cdf5c"},"breadcrumb":{"@id":"https:\/\/legrandcontinent.eu\/es\/2022\/12\/07\/perspectivas-mundiales-para-la-biodiversidad\/#breadcrumb"},"inLanguage":"es","potentialAction":[{"@type":"ReadAction","target":["https:\/\/legrandcontinent.eu\/es\/2022\/12\/07\/perspectivas-mundiales-para-la-biodiversidad\/"]}]},{"@type":"ImageObject","inLanguage":"es","@id":"https:\/\/legrandcontinent.eu\/es\/2022\/12\/07\/perspectivas-mundiales-para-la-biodiversidad\/#primaryimage","url":"https:\/\/legrandcontinent.eu\/es\/wp-content\/uploads\/sites\/6\/2022\/12\/Capture-decran-2022-12-07-a-19.16.11.png","contentUrl":"https:\/\/legrandcontinent.eu\/es\/wp-content\/uploads\/sites\/6\/2022\/12\/Capture-decran-2022-12-07-a-19.16.11.png","width":2694,"height":982},{"@type":"BreadcrumbList","@id":"https:\/\/legrandcontinent.eu\/es\/2022\/12\/07\/perspectivas-mundiales-para-la-biodiversidad\/#breadcrumb","itemListElement":[{"@type":"ListItem","position":1,"name":"Home","item":"https:\/\/legrandcontinent.eu\/es\/"},{"@type":"ListItem","position":2,"name":"Perspectivas mundiales para la biodiversidad"}]},{"@type":"WebSite","@id":"https:\/\/legrandcontinent.eu\/es\/#website","url":"https:\/\/legrandcontinent.eu\/es\/","name":"El Grand Continent","description":"La escala pertinente","potentialAction":[{"@type":"SearchAction","target":{"@type":"EntryPoint","urlTemplate":"https:\/\/legrandcontinent.eu\/es\/?s={search_term_string}"},"query-input":{"@type":"PropertyValueSpecification","valueRequired":true,"valueName":"search_term_string"}}],"inLanguage":"es"},{"@type":"Person","@id":"https:\/\/legrandcontinent.eu\/es\/#\/schema\/person\/cdd782c93d4a9eda86ab19a8c01cdf5c","name":"florent","image":{"@type":"ImageObject","inLanguage":"es","@id":"https:\/\/legrandcontinent.eu\/es\/#\/schema\/person\/image\/","url":"https:\/\/secure.gravatar.com\/avatar\/0d38d78c90602daf39b309035cdac6bc?s=96&d=mm&r=g","contentUrl":"https:\/\/secure.gravatar.com\/avatar\/0d38d78c90602daf39b309035cdac6bc?s=96&d=mm&r=g","caption":"florent"}}]}},"lgc_categories":[{"id":98,"name":"Energ\u00eda y medio ambiente","slug":"energia-y-medio-ambiente"}],"lgc_author":null,"feature_image_summary":{"url":"https:\/\/legrandcontinent.eu\/es\/wp-content\/uploads\/sites\/6\/2022\/12\/Capture-decran-2022-12-07-a-19.16.11.png","width":2694,"height":982,"alt":""},"feature_image_cover":null,"term_position_data":null,"_links":{"self":[{"href":"https:\/\/legrandcontinent.eu\/es\/wp-json\/wp\/v2\/posts\/11578","targetHints":{"allow":["GET"]}}],"collection":[{"href":"https:\/\/legrandcontinent.eu\/es\/wp-json\/wp\/v2\/posts"}],"about":[{"href":"https:\/\/legrandcontinent.eu\/es\/wp-json\/wp\/v2\/types\/post"}],"author":[{"embeddable":true,"href":"https:\/\/legrandcontinent.eu\/es\/wp-json\/wp\/v2\/users\/1366"}],"replies":[{"embeddable":true,"href":"https:\/\/legrandcontinent.eu\/es\/wp-json\/wp\/v2\/comments?post=11578"}],"version-history":[{"count":0,"href":"https:\/\/legrandcontinent.eu\/es\/wp-json\/wp\/v2\/posts\/11578\/revisions"}],"wp:featuredmedia":[{"embeddable":true,"href":"https:\/\/legrandcontinent.eu\/es\/wp-json\/wp\/v2\/media\/11582"}],"wp:attachment":[{"href":"https:\/\/legrandcontinent.eu\/es\/wp-json\/wp\/v2\/media?parent=11578"}],"wp:term":[{"taxonomy":"category","embeddable":true,"href":"https:\/\/legrandcontinent.eu\/es\/wp-json\/wp\/v2\/categories?post=11578"},{"taxonomy":"post_tag","embeddable":true,"href":"https:\/\/legrandcontinent.eu\/es\/wp-json\/wp\/v2\/tags?post=11578"},{"taxonomy":"staff","embeddable":true,"href":"https:\/\/legrandcontinent.eu\/es\/wp-json\/wp\/v2\/staff?post=11578"},{"taxonomy":"editorial_format","embeddable":true,"href":"https:\/\/legrandcontinent.eu\/es\/wp-json\/wp\/v2\/editorial_format?post=11578"},{"taxonomy":"serie","embeddable":true,"href":"https:\/\/legrandcontinent.eu\/es\/wp-json\/wp\/v2\/serie?post=11578"},{"taxonomy":"audience","embeddable":true,"href":"https:\/\/legrandcontinent.eu\/es\/wp-json\/wp\/v2\/audience?post=11578"},{"taxonomy":"geo","embeddable":true,"href":"https:\/\/legrandcontinent.eu\/es\/wp-json\/wp\/v2\/geo?post=11578"}],"curies":[{"name":"wp","href":"https:\/\/api.w.org\/{rel}","templated":true}]}}