{"id":108661,"date":"2026-08-15T07:00:00","date_gmt":"2026-08-15T05:00:00","guid":{"rendered":"https:\/\/legrandcontinent.eu\/es\/?p=108661"},"modified":"2026-08-15T00:33:55","modified_gmt":"2026-08-14T22:33:55","slug":"cuanto-tiempo-puede-sostenerse-la-economia-irani","status":"publish","type":"post","link":"https:\/\/legrandcontinent.eu\/es\/2026\/08\/15\/cuanto-tiempo-puede-sostenerse-la-economia-irani\/","title":{"rendered":"\u00bfCu\u00e1nto tiempo podr\u00e1 aguantar la econom\u00eda iran\u00ed?"},"content":{"rendered":"\n<p>La \u00abeconom\u00eda de resistencia\u00bb es una doctrina que se remonta a 2014 en Ir\u00e1n. Sin embargo, no fue hasta 2020, tras la retirada de Estados Unidos del acuerdo de Viena sobre el programa nuclear iran\u00ed (JCPOA) bajo la administraci\u00f3n de Trump, cuando los dirigentes iran\u00edes comenzaron a poner en marcha un programa de reducci\u00f3n masiva de la dependencia del pa\u00eds respecto al exterior, con el fin de reforzar su resiliencia frente a las sanciones.<\/p>\n\n\n\n<p>La guerra y el bloqueo mar\u00edtimo estadounidense est\u00e1n poniendo a prueba esta estrategia en estos momentos.<\/p>\n\n\n\n<ul class=\"wp-block-list\">\n<li>Seg\u00fan un informe de la Foundation for Defense of Democracies, el bloqueo estadounidense de los puertos del pa\u00eds le costar\u00eda a Ir\u00e1n 435 millones de d\u00f3lares (es decir, unos 380 millones de euros) al d\u00eda en p\u00e9rdidas de actividad econ\u00f3mica.&nbsp;<span class='whitespace-nowrap'><span id='easy-footnote-1-108661' class='easy-footnote-margin-adjust'><\/span><span class='easy-footnote note-digits-1'><a href='https:\/\/legrandcontinent.eu\/es\/2026\/08\/15\/cuanto-tiempo-puede-sostenerse-la-economia-irani\/#easy-footnote-bottom-1-108661' title='&lt;a href=&quot;https:\/\/www.fdd.org\/analysis\/2026\/04\/13\/u-s-blockading-ships-entering-or-exiting-iranian-ports-along-strait-of-hormuz\/&quot;&gt;\u00abU.S. Blockading Ships Entering or Exiting Iranian Ports Along Strait of Hormuz\u00bb&lt;\/a&gt;, Foundation for Defense of Democracies, 13 de abril de 2026.'><sup>1<\/sup><\/a><\/span><\/span><\/li>\n\n\n\n<li>Las exportaciones de petr\u00f3leo est\u00e1n paralizadas desde principios de agosto, mientras que las terminales de exportaci\u00f3n parecen estar pr\u00e1cticamente inactivas. Este es, en particular, el caso de la isla de Kharg, la principal terminal del pa\u00eds, donde no se ha visto ning\u00fan superpetrolero en las im\u00e1genes de sat\u00e9lite tomadas entre el 1 y el 9 de agosto.&nbsp;<span class='whitespace-nowrap'><span id='easy-footnote-2-108661' class='easy-footnote-margin-adjust'><\/span><span class='easy-footnote note-digits-1'><a href='https:\/\/legrandcontinent.eu\/es\/2026\/08\/15\/cuanto-tiempo-puede-sostenerse-la-economia-irani\/#easy-footnote-bottom-2-108661' title='Grant Smith y Julian Lee, &lt;a href=&quot;https:\/\/www.bloomberg.com\/news\/articles\/2026-08-12\/trump-reverts-to-economic-squeeze-of-entrenched-iranian-regime&quot;&gt;\u00abIran\u2019s Oil Terminals Look Idle as US Keeps Up Naval Blockade\u00bb&lt;\/a&gt;, &lt;em&gt;Bloomberg&lt;\/em&gt;, 10 de agosto de 2026.'><sup>2<\/sup><\/a><\/span><\/span><\/li>\n\n\n\n<li>Las reservas de petr\u00f3leo iran\u00edes en alta mar han descendido a 60 millones de barriles, es decir, tres veces menos que en abril.<\/li>\n<\/ul>\n\n\n\n<div class=\"iframe-container wp-block-image wp-block-image-medium  iframe-dw\">\n\t<div>\n\t\t<iframe class=\"absolute w-full h-full pin-t pin-l\" title=\"titolo\" aria-label=\"Interactive line chart\" src=\"\/\/datawrapper.dwcdn.net\/GMOp0\/\" scrolling=\"no\" frameborder=\"0\"><\/iframe>\n\t<\/div>\n<\/div>\n\n\n\n<p>Las d\u00e9cadas de sanciones a las que se ha visto sometido el r\u00e9gimen iran\u00ed le confieren cierta capacidad de resistencia.<\/p>\n\n\n\n<ul class=\"wp-block-list\">\n<li>Por parte estadounidense, la administraci\u00f3n republicana parece no disponer de ninguna opci\u00f3n viable en materia de escalada militar, dado lo reducidas que son las reservas de munici\u00f3n y de misiles interceptores, y que las tropas ya est\u00e1n sufriendo los efectos del cansancio tras m\u00e1s de seis meses de despliegue. En una carta dirigida al Pent\u00e1gono, el senador dem\u00f3crata Blumenthal solicita, por ejemplo, explicaciones sobre c\u00f3mo se garantiza la atenci\u00f3n a los marineros y a los miembros de la tripulaci\u00f3n a bordo del USS Lincoln, desplegado en el estrecho desde hace aproximadamente siete meses sin interrupci\u00f3n. Esto pone de manifiesto la presi\u00f3n a la que podr\u00eda verse sometida la administraci\u00f3n.&nbsp;<\/li>\n\n\n\n<li>Es en este contexto donde pueden entenderse las declaraciones de Trump, centradas ahora en la presi\u00f3n econ\u00f3mica. El 9 de agosto, el presidente estadounidense declar\u00f3: \u00abSolo mantenemos negociaciones parciales con ellos. Nos limitamos a observar a Ir\u00e1n, con su enorme inflaci\u00f3n y el hecho de que no tiene dinero\u00bb.<\/li>\n\n\n\n<li>Scott Bessent, secretario del Tesoro, tambi\u00e9n ha amenazado a Ir\u00e1n con un \u00abaislamiento econ\u00f3mico como nunca se ha visto en el mundo\u00bb.<\/li>\n\n\n\n<li>Por parte de Ir\u00e1n, el r\u00e9gimen parece no haber definido a\u00fan su estrategia: algunas voces se muestran a favor de alcanzar un acuerdo con Estados Unidos, mientras que otras apuestan por un debilitamiento del gobierno tras las elecciones de mitad de mandato de noviembre. En este contexto, Majid Shakeri, asesor del presidente del Parlamento iran\u00ed, Mohammad Ghalibaf, ha <a href=\"https:\/\/legrandcontinent.eu\/es\/2026\/08\/10\/iran-afirma-que-no-negociara-con-estados-unidos\/\">declarado<\/a>: \u00abEl camino hacia la victoria no es ni la lucha ni un acuerdo, sino la gesti\u00f3n de un proceso que no es ni guerra ni paz, hasta alcanzar la victoria. Confirmar p\u00fablicamente las negociaciones con Estados Unidos ser\u00eda una aut\u00e9ntica locura\u00bb. \u00abLa estrategia ganadora se basa en la negaci\u00f3n, la ambig\u00fcedad y la paciencia estrat\u00e9gica\u00bb.<\/li>\n<\/ul>\n\n\n\n<p>No obstante, esta estrategia podr\u00eda verse puesta a prueba por un endurecimiento de las sanciones econ\u00f3micas por parte de Estados Unidos. En ese caso, Teher\u00e1n podr\u00eda intentar salir del actual punto muerto mediante una escalada, ya sea directamente o a trav\u00e9s de los hut\u00edes, lo que restringir\u00eda a\u00fan m\u00e1s los flujos energ\u00e9ticos regionales. La noche del 13 de agosto, dos buques fueron blanco de un ataque en el estrecho, una operaci\u00f3n que los Emiratos \u00c1rabes Unidos denunciaron como un ataque de Ir\u00e1n.&nbsp;&nbsp;<\/p>\n\n\n\n<ul class=\"wp-block-list\">\n<li>La ca\u00edda de las exportaciones de petr\u00f3leo y productos petrol\u00edferos priva a Teher\u00e1n de una de sus principales herramientas para estimular el crecimiento. Para adaptarse, el r\u00e9gimen iran\u00ed ha restringido el acceso a las divisas extranjeras, ha reducido las inversiones y ha racionado el acceso a determinados bienes.&nbsp;<span class='whitespace-nowrap'><span id='easy-footnote-3-108661' class='easy-footnote-margin-adjust'><\/span><span class='easy-footnote note-digits-1'><a href='https:\/\/legrandcontinent.eu\/es\/2026\/08\/15\/cuanto-tiempo-puede-sostenerse-la-economia-irani\/#easy-footnote-bottom-3-108661' title='Georgi Kantchev, Henna Moussavi y Summer Said, \u00ab&lt;a href=&quot;https:\/\/www.wsj.com\/world\/middle-east\/iran-is-defying-u-s-pressure-by-becoming-a-survival-economy-5e8edf9f&quot;&gt;Iran Is Defying U.S. Pressure by Becoming a \u2018Survival Economy\u2019\u00bb&lt;\/a&gt;, &lt;em&gt;The Wall Street Journal&lt;\/em&gt;, 11 de agosto de 2026.'><sup>3<\/sup><\/a><\/span><\/span><\/li>\n\n\n\n<li>La inflaci\u00f3n anual supera el 80 % desde hace tres meses \u2014con picos del 260 % en el caso de los aceites y las grasas, el 147 % en el caso de la leche y el queso, y el 117 % en el del pan y los cereales\u2014, y el rial iran\u00ed sigue perdiendo valor frente al d\u00f3lar.<\/li>\n<\/ul>\n\n\n\n<div class=\"iframe-container wp-block-image wp-block-image-medium  iframe-dw\">\n\t<div>\n\t\t<iframe class=\"absolute w-full h-full pin-t pin-l\" title=\"titolo\" aria-label=\"Interactive line chart\" src=\"\/\/datawrapper.dwcdn.net\/nXCoG\/\" scrolling=\"no\" frameborder=\"0\"><\/iframe>\n\t<\/div>\n<\/div>\n\n\n\n<ul class=\"wp-block-list\">\n<li>Aunque las estad\u00edsticas oficiales de desempleo se mantienen estables, en torno al 7 %, algunos de los puestos de trabajo que siguen ocupados podr\u00edan haber perdido una parte importante de su valor a\u00f1adido desde el inicio de la guerra.&nbsp;<span class='whitespace-nowrap'><span id='easy-footnote-4-108661' class='easy-footnote-margin-adjust'><\/span><span class='easy-footnote note-digits-1'><a href='https:\/\/legrandcontinent.eu\/es\/2026\/08\/15\/cuanto-tiempo-puede-sostenerse-la-economia-irani\/#easy-footnote-bottom-4-108661' title='&lt;a href=&quot;https:\/\/www.iranintl.com\/en\/202608084871&quot;&gt;\u00ab&lt;\/a&gt;&lt;a href=&quot;https:\/\/www.iranintl.com\/en\/202608084871&quot;&gt;Iran\u2019s 7% unemployment rate masks deeper jobs crisis, experts say&lt;\/a&gt;\u00bb, &lt;em&gt;Iran International&lt;\/em&gt;, 8 de agosto de 2026.'><sup>4<\/sup><\/a><\/span><\/span><\/li>\n<\/ul>\n","protected":false},"excerpt":{"rendered":"<p>El bloqueo mar\u00edtimo impuesto por Washington le costar\u00eda a Teher\u00e1n cerca de 380 millones de euros al d\u00eda.<\/p>\n","protected":false},"author":40,"featured_media":108666,"comment_status":"closed","ping_status":"closed","sticky":false,"template":"templates\/post-briefings.php","format":"standard","meta":{"_acf_changed":false,"_trash_the_other_posts":false,"_yoast_wpseo_estimated-reading-time-minutes":5,"_lgc_tts_voice":"","_lgc_tts_publish":false,"_lgc_tts_history_item_id":"","_lgc_tts_generated_at":"","_lgc_tts_status":"","_lgc_tts_error":"","footnotes":""},"categories":[128],"tags":[],"staff":[],"editorial_format":[1472],"serie":[],"audience":[],"geo":[196],"class_list":["post-108661","post","type-post","status-publish","format-standard","hentry","category-guerra","editorial_format-analisis","geo-asia-central"],"acf":{"open_in_webview":false,"accent":"default","_thumbnail_id":108666,"excerpt":"El bloqueo mar\u00edtimo impuesto por Washington le costar\u00eda a Teher\u00e1n cerca de 380 millones de euros al d\u00eda.","display_date":"","new_abstract":true},"yoast_head":"<!-- This site is optimized with the Yoast SEO plugin v26.1.1 - https:\/\/yoast.com\/wordpress\/plugins\/seo\/ -->\n<title>\u00bfCu\u00e1nto tiempo podr\u00e1 aguantar la econom\u00eda iran\u00ed? - El Grand Continent<\/title>\n<meta name=\"robots\" content=\"index, follow, max-snippet:-1, max-image-preview:large, max-video-preview:-1\" \/>\n<link rel=\"canonical\" href=\"https:\/\/legrandcontinent.eu\/es\/2026\/08\/15\/cuanto-tiempo-puede-sostenerse-la-economia-irani\/\" \/>\n<meta property=\"og:locale\" content=\"es_ES\" \/>\n<meta property=\"og:type\" content=\"article\" \/>\n<meta property=\"og:title\" content=\"\u00bfCu\u00e1nto tiempo podr\u00e1 aguantar la econom\u00eda iran\u00ed? - El Grand Continent\" \/>\n<meta property=\"og:description\" content=\"El bloqueo mar\u00edtimo impuesto por Washington le costar\u00eda a Teher\u00e1n cerca de 380 millones de euros al d\u00eda.\" \/>\n<meta property=\"og:url\" content=\"https:\/\/legrandcontinent.eu\/es\/2026\/08\/15\/cuanto-tiempo-puede-sostenerse-la-economia-irani\/\" \/>\n<meta property=\"og:site_name\" content=\"El Grand Continent\" \/>\n<meta property=\"article:published_time\" content=\"2026-08-15T05:00:00+00:00\" \/>\n<meta property=\"og:image\" content=\"https:\/\/legrandcontinent.eu\/es\/wp-content\/uploads\/sites\/6\/2026\/08\/GMOp0-la-isla-de-kharg-se-encuentra-a-unos-treinta-kilometros-de-la-costa-irani-.png\" \/>\n\t<meta property=\"og:image:width\" content=\"1060\" \/>\n\t<meta property=\"og:image:height\" content=\"806\" \/>\n\t<meta property=\"og:image:type\" content=\"image\/png\" \/>\n<meta name=\"author\" content=\"Ramona Bloj\" \/>\n<meta name=\"twitter:card\" content=\"summary_large_image\" \/>\n<meta name=\"twitter:label1\" content=\"Escrito por\" \/>\n\t<meta name=\"twitter:data1\" content=\"Ramona Bloj\" \/>\n\t<meta name=\"twitter:label2\" content=\"Tiempo de lectura\" \/>\n\t<meta name=\"twitter:data2\" content=\"5 minutos\" \/>\n<script type=\"application\/ld+json\" class=\"yoast-schema-graph\">{\"@context\":\"https:\/\/schema.org\",\"@graph\":[{\"@type\":\"WebPage\",\"@id\":\"https:\/\/legrandcontinent.eu\/es\/2026\/08\/15\/cuanto-tiempo-puede-sostenerse-la-economia-irani\/\",\"url\":\"https:\/\/legrandcontinent.eu\/es\/2026\/08\/15\/cuanto-tiempo-puede-sostenerse-la-economia-irani\/\",\"name\":\"\u00bfCu\u00e1nto tiempo podr\u00e1 aguantar la econom\u00eda iran\u00ed? - El Grand Continent\",\"isPartOf\":{\"@id\":\"https:\/\/legrandcontinent.eu\/es\/#website\"},\"primaryImageOfPage\":{\"@id\":\"https:\/\/legrandcontinent.eu\/es\/2026\/08\/15\/cuanto-tiempo-puede-sostenerse-la-economia-irani\/#primaryimage\"},\"image\":{\"@id\":\"https:\/\/legrandcontinent.eu\/es\/2026\/08\/15\/cuanto-tiempo-puede-sostenerse-la-economia-irani\/#primaryimage\"},\"thumbnailUrl\":\"https:\/\/legrandcontinent.eu\/es\/wp-content\/uploads\/sites\/6\/2026\/08\/GMOp0-la-isla-de-kharg-se-encuentra-a-unos-treinta-kilometros-de-la-costa-irani-.png\",\"datePublished\":\"2026-08-15T05:00:00+00:00\",\"author\":{\"@id\":\"https:\/\/legrandcontinent.eu\/es\/#\/schema\/person\/bee86896b403754f76b6b1515ff0b697\"},\"breadcrumb\":{\"@id\":\"https:\/\/legrandcontinent.eu\/es\/2026\/08\/15\/cuanto-tiempo-puede-sostenerse-la-economia-irani\/#breadcrumb\"},\"inLanguage\":\"es\",\"potentialAction\":[{\"@type\":\"ReadAction\",\"target\":[\"https:\/\/legrandcontinent.eu\/es\/2026\/08\/15\/cuanto-tiempo-puede-sostenerse-la-economia-irani\/\"]}]},{\"@type\":\"ImageObject\",\"inLanguage\":\"es\",\"@id\":\"https:\/\/legrandcontinent.eu\/es\/2026\/08\/15\/cuanto-tiempo-puede-sostenerse-la-economia-irani\/#primaryimage\",\"url\":\"https:\/\/legrandcontinent.eu\/es\/wp-content\/uploads\/sites\/6\/2026\/08\/GMOp0-la-isla-de-kharg-se-encuentra-a-unos-treinta-kilometros-de-la-costa-irani-.png\",\"contentUrl\":\"https:\/\/legrandcontinent.eu\/es\/wp-content\/uploads\/sites\/6\/2026\/08\/GMOp0-la-isla-de-kharg-se-encuentra-a-unos-treinta-kilometros-de-la-costa-irani-.png\",\"width\":1060,\"height\":806},{\"@type\":\"BreadcrumbList\",\"@id\":\"https:\/\/legrandcontinent.eu\/es\/2026\/08\/15\/cuanto-tiempo-puede-sostenerse-la-economia-irani\/#breadcrumb\",\"itemListElement\":[{\"@type\":\"ListItem\",\"position\":1,\"name\":\"Home\",\"item\":\"https:\/\/legrandcontinent.eu\/es\/\"},{\"@type\":\"ListItem\",\"position\":2,\"name\":\"\u00bfCu\u00e1nto tiempo podr\u00e1 aguantar la econom\u00eda iran\u00ed?\"}]},{\"@type\":\"WebSite\",\"@id\":\"https:\/\/legrandcontinent.eu\/es\/#website\",\"url\":\"https:\/\/legrandcontinent.eu\/es\/\",\"name\":\"El Grand Continent\",\"description\":\"La escala pertinente\",\"potentialAction\":[{\"@type\":\"SearchAction\",\"target\":{\"@type\":\"EntryPoint\",\"urlTemplate\":\"https:\/\/legrandcontinent.eu\/es\/?s={search_term_string}\"},\"query-input\":{\"@type\":\"PropertyValueSpecification\",\"valueRequired\":true,\"valueName\":\"search_term_string\"}}],\"inLanguage\":\"es\"},{\"@type\":\"Person\",\"@id\":\"https:\/\/legrandcontinent.eu\/es\/#\/schema\/person\/bee86896b403754f76b6b1515ff0b697\",\"name\":\"Ramona Bloj\",\"image\":{\"@type\":\"ImageObject\",\"inLanguage\":\"es\",\"@id\":\"https:\/\/legrandcontinent.eu\/es\/#\/schema\/person\/image\/\",\"url\":\"https:\/\/secure.gravatar.com\/avatar\/c1d91adb7c4c1eed266b81c0f9915707?s=96&d=mm&r=g\",\"contentUrl\":\"https:\/\/secure.gravatar.com\/avatar\/c1d91adb7c4c1eed266b81c0f9915707?s=96&d=mm&r=g\",\"caption\":\"Ramona Bloj\"}}]}<\/script>\n<!-- \/ Yoast SEO plugin. -->","yoast_head_json":{"title":"\u00bfCu\u00e1nto tiempo podr\u00e1 aguantar la econom\u00eda iran\u00ed? - El Grand Continent","robots":{"index":"index","follow":"follow","max-snippet":"max-snippet:-1","max-image-preview":"max-image-preview:large","max-video-preview":"max-video-preview:-1"},"canonical":"https:\/\/legrandcontinent.eu\/es\/2026\/08\/15\/cuanto-tiempo-puede-sostenerse-la-economia-irani\/","og_locale":"es_ES","og_type":"article","og_title":"\u00bfCu\u00e1nto tiempo podr\u00e1 aguantar la econom\u00eda iran\u00ed? - El Grand Continent","og_description":"El bloqueo mar\u00edtimo impuesto por Washington le costar\u00eda a Teher\u00e1n cerca de 380 millones de euros al d\u00eda.","og_url":"https:\/\/legrandcontinent.eu\/es\/2026\/08\/15\/cuanto-tiempo-puede-sostenerse-la-economia-irani\/","og_site_name":"El Grand Continent","article_published_time":"2026-08-15T05:00:00+00:00","og_image":[{"width":1060,"height":806,"url":"https:\/\/legrandcontinent.eu\/es\/wp-content\/uploads\/sites\/6\/2026\/08\/GMOp0-la-isla-de-kharg-se-encuentra-a-unos-treinta-kilometros-de-la-costa-irani-.png","type":"image\/png"}],"author":"Ramona Bloj","twitter_card":"summary_large_image","twitter_misc":{"Escrito por":"Ramona Bloj","Tiempo de lectura":"5 minutos"},"schema":{"@context":"https:\/\/schema.org","@graph":[{"@type":"WebPage","@id":"https:\/\/legrandcontinent.eu\/es\/2026\/08\/15\/cuanto-tiempo-puede-sostenerse-la-economia-irani\/","url":"https:\/\/legrandcontinent.eu\/es\/2026\/08\/15\/cuanto-tiempo-puede-sostenerse-la-economia-irani\/","name":"\u00bfCu\u00e1nto tiempo podr\u00e1 aguantar la econom\u00eda iran\u00ed? - El Grand Continent","isPartOf":{"@id":"https:\/\/legrandcontinent.eu\/es\/#website"},"primaryImageOfPage":{"@id":"https:\/\/legrandcontinent.eu\/es\/2026\/08\/15\/cuanto-tiempo-puede-sostenerse-la-economia-irani\/#primaryimage"},"image":{"@id":"https:\/\/legrandcontinent.eu\/es\/2026\/08\/15\/cuanto-tiempo-puede-sostenerse-la-economia-irani\/#primaryimage"},"thumbnailUrl":"https:\/\/legrandcontinent.eu\/es\/wp-content\/uploads\/sites\/6\/2026\/08\/GMOp0-la-isla-de-kharg-se-encuentra-a-unos-treinta-kilometros-de-la-costa-irani-.png","datePublished":"2026-08-15T05:00:00+00:00","author":{"@id":"https:\/\/legrandcontinent.eu\/es\/#\/schema\/person\/bee86896b403754f76b6b1515ff0b697"},"breadcrumb":{"@id":"https:\/\/legrandcontinent.eu\/es\/2026\/08\/15\/cuanto-tiempo-puede-sostenerse-la-economia-irani\/#breadcrumb"},"inLanguage":"es","potentialAction":[{"@type":"ReadAction","target":["https:\/\/legrandcontinent.eu\/es\/2026\/08\/15\/cuanto-tiempo-puede-sostenerse-la-economia-irani\/"]}]},{"@type":"ImageObject","inLanguage":"es","@id":"https:\/\/legrandcontinent.eu\/es\/2026\/08\/15\/cuanto-tiempo-puede-sostenerse-la-economia-irani\/#primaryimage","url":"https:\/\/legrandcontinent.eu\/es\/wp-content\/uploads\/sites\/6\/2026\/08\/GMOp0-la-isla-de-kharg-se-encuentra-a-unos-treinta-kilometros-de-la-costa-irani-.png","contentUrl":"https:\/\/legrandcontinent.eu\/es\/wp-content\/uploads\/sites\/6\/2026\/08\/GMOp0-la-isla-de-kharg-se-encuentra-a-unos-treinta-kilometros-de-la-costa-irani-.png","width":1060,"height":806},{"@type":"BreadcrumbList","@id":"https:\/\/legrandcontinent.eu\/es\/2026\/08\/15\/cuanto-tiempo-puede-sostenerse-la-economia-irani\/#breadcrumb","itemListElement":[{"@type":"ListItem","position":1,"name":"Home","item":"https:\/\/legrandcontinent.eu\/es\/"},{"@type":"ListItem","position":2,"name":"\u00bfCu\u00e1nto tiempo podr\u00e1 aguantar la econom\u00eda iran\u00ed?"}]},{"@type":"WebSite","@id":"https:\/\/legrandcontinent.eu\/es\/#website","url":"https:\/\/legrandcontinent.eu\/es\/","name":"El Grand Continent","description":"La escala pertinente","potentialAction":[{"@type":"SearchAction","target":{"@type":"EntryPoint","urlTemplate":"https:\/\/legrandcontinent.eu\/es\/?s={search_term_string}"},"query-input":{"@type":"PropertyValueSpecification","valueRequired":true,"valueName":"search_term_string"}}],"inLanguage":"es"},{"@type":"Person","@id":"https:\/\/legrandcontinent.eu\/es\/#\/schema\/person\/bee86896b403754f76b6b1515ff0b697","name":"Ramona Bloj","image":{"@type":"ImageObject","inLanguage":"es","@id":"https:\/\/legrandcontinent.eu\/es\/#\/schema\/person\/image\/","url":"https:\/\/secure.gravatar.com\/avatar\/c1d91adb7c4c1eed266b81c0f9915707?s=96&d=mm&r=g","contentUrl":"https:\/\/secure.gravatar.com\/avatar\/c1d91adb7c4c1eed266b81c0f9915707?s=96&d=mm&r=g","caption":"Ramona Bloj"}}]}},"lgc_categories":[{"id":128,"name":"Guerra","slug":"guerra"}],"lgc_author":null,"feature_image_summary":{"url":"https:\/\/legrandcontinent.eu\/es\/wp-content\/uploads\/sites\/6\/2026\/08\/GMOp0-la-isla-de-kharg-se-encuentra-a-unos-treinta-kilometros-de-la-costa-irani-.png","width":1060,"height":806,"alt":""},"feature_image_cover":null,"term_position_data":null,"_links":{"self":[{"href":"https:\/\/legrandcontinent.eu\/es\/wp-json\/wp\/v2\/posts\/108661","targetHints":{"allow":["GET"]}}],"collection":[{"href":"https:\/\/legrandcontinent.eu\/es\/wp-json\/wp\/v2\/posts"}],"about":[{"href":"https:\/\/legrandcontinent.eu\/es\/wp-json\/wp\/v2\/types\/post"}],"author":[{"embeddable":true,"href":"https:\/\/legrandcontinent.eu\/es\/wp-json\/wp\/v2\/users\/40"}],"replies":[{"embeddable":true,"href":"https:\/\/legrandcontinent.eu\/es\/wp-json\/wp\/v2\/comments?post=108661"}],"version-history":[{"count":5,"href":"https:\/\/legrandcontinent.eu\/es\/wp-json\/wp\/v2\/posts\/108661\/revisions"}],"predecessor-version":[{"id":108668,"href":"https:\/\/legrandcontinent.eu\/es\/wp-json\/wp\/v2\/posts\/108661\/revisions\/108668"}],"wp:featuredmedia":[{"embeddable":true,"href":"https:\/\/legrandcontinent.eu\/es\/wp-json\/wp\/v2\/media\/108666"}],"wp:attachment":[{"href":"https:\/\/legrandcontinent.eu\/es\/wp-json\/wp\/v2\/media?parent=108661"}],"wp:term":[{"taxonomy":"category","embeddable":true,"href":"https:\/\/legrandcontinent.eu\/es\/wp-json\/wp\/v2\/categories?post=108661"},{"taxonomy":"post_tag","embeddable":true,"href":"https:\/\/legrandcontinent.eu\/es\/wp-json\/wp\/v2\/tags?post=108661"},{"taxonomy":"staff","embeddable":true,"href":"https:\/\/legrandcontinent.eu\/es\/wp-json\/wp\/v2\/staff?post=108661"},{"taxonomy":"editorial_format","embeddable":true,"href":"https:\/\/legrandcontinent.eu\/es\/wp-json\/wp\/v2\/editorial_format?post=108661"},{"taxonomy":"serie","embeddable":true,"href":"https:\/\/legrandcontinent.eu\/es\/wp-json\/wp\/v2\/serie?post=108661"},{"taxonomy":"audience","embeddable":true,"href":"https:\/\/legrandcontinent.eu\/es\/wp-json\/wp\/v2\/audience?post=108661"},{"taxonomy":"geo","embeddable":true,"href":"https:\/\/legrandcontinent.eu\/es\/wp-json\/wp\/v2\/geo?post=108661"}],"curies":[{"name":"wp","href":"https:\/\/api.w.org\/{rel}","templated":true}]}}