{"id":108579,"date":"2026-08-14T16:34:24","date_gmt":"2026-08-14T14:34:24","guid":{"rendered":"https:\/\/legrandcontinent.eu\/es\/?p=108579"},"modified":"2026-08-14T16:34:30","modified_gmt":"2026-08-14T14:34:30","slug":"gran-reemplazo","status":"publish","type":"post","link":"https:\/\/legrandcontinent.eu\/es\/2026\/08\/14\/gran-reemplazo\/","title":{"rendered":"Gran Reemplazo"},"content":{"rendered":"\n<p class=\"non-subscribers-only\"><em>A lo largo del mes de agosto, <\/em>el Grand Continent<em> publica en acceso libre <\/em><a href=\"https:\/\/legrandcontinent.eu\/es\/category\/politica\/vocabulario-de-la-extrema-derecha-por-una-filologia-critica-de-nuestros-anos-veinte-politica\/\">\u00abEl vocabulario de la extrema derecha<\/a><em>\u00bb, fruto del trabajo colectivo de un grupo de investigadoras e investigadores \u2014soci\u00f3logos, historiadores, polit\u00f3logos y socioling\u00fcistas\u2014 procedentes de toda Europa, bajo <\/em><a href=\"https:\/\/legrandcontinent.eu\/es\/2026\/07\/23\/primer-paso-de-la-extrema-derecha-es-normalizar-las-palabras-extremas-x\/\" target=\"_blank\" rel=\"noreferrer noopener\"><em>la direcci\u00f3n de Steven Forti<\/em><\/a><em>. Para recibir cada entrada en tu correo electr\u00f3nico y apoyar el trabajo de una redacci\u00f3n independiente, <\/em><a href=\"https:\/\/legrandcontinent.eu\/es\/ofertas-suscripcion\/\" target=\"_blank\" rel=\"noreferrer noopener\"><em>suscr\u00edbase<\/em><\/a><\/p>\n\n\n\n<p class=\"has-drop-cap\">A finales de mayo de 2026, varios cientos de personas procedentes de una docena de pa\u00edses se reunieron en una finca de las cercan\u00edas de Figueira da Foz, en la costa portuguesa, con motivo de la segunda Cumbre de Remigraci\u00f3n.&nbsp;<span class='whitespace-nowrap'><span id='easy-footnote-1-108579' class='easy-footnote-margin-adjust'><\/span><span class='easy-footnote note-digits-1'><a href='https:\/\/legrandcontinent.eu\/es\/2026\/08\/14\/gran-reemplazo\/#easy-footnote-bottom-1-108579' title='\u00abThe Second Annual European Ethnic Cleansing Conference Looks to Trump for Inspiration\u00bb, Global Project Against Hate and Extremism (GPAHE), 3 de junio de 2026.'><sup>1<\/sup><\/a><\/span><\/span>.<\/p>\n\n\n\n<p>En ese mismo escenario intervino el activista austriaco Martin Sellner, quien lleva m\u00e1s de una d\u00e9cada esforz\u00e1ndose por convertir el t\u00e9rmino \u00abremigraci\u00f3n\u00bb en una pol\u00edtica p\u00fablica como cualquier otra,&nbsp;<span class='whitespace-nowrap'><span id='easy-footnote-2-108579' class='easy-footnote-margin-adjust'><\/span><span class='easy-footnote note-digits-1'><a href='https:\/\/legrandcontinent.eu\/es\/2026\/08\/14\/gran-reemplazo\/#easy-footnote-bottom-2-108579' title='Martin Sellner, &lt;em&gt;Remigration: Ein Vorschlag&lt;\/em&gt;, Schnellroda, Antaios, 2024.'><sup>2<\/sup><\/a><\/span><\/span> y Gregory Bovino, alto cargo de la Patrulla Fronteriza estadounidense, que hab\u00eda dirigido las operaciones de expulsiones masivas de la administraci\u00f3n de Trump entre octubre de 2025 y enero de 2026, y cuyo abrigo largo, que llevaba durante las redadas de Minneapolis, fue comparado incluso por el gobernador de California con un uniforme de las SS,&nbsp;<span class='whitespace-nowrap'><span id='easy-footnote-3-108579' class='easy-footnote-margin-adjust'><\/span><span class='easy-footnote note-digits-1'><a href='https:\/\/legrandcontinent.eu\/es\/2026\/08\/14\/gran-reemplazo\/#easy-footnote-bottom-3-108579' title='El abrigo largo que llevaba Gregory Bovino durante la operaci\u00f3n de Minneapolis, el 15 de enero de 2026, fue comparado por el gobernador de California, Gavin Newsom, con \u00abun uniforme de las SS comprado en eBay\u00bb, comparaci\u00f3n que fue recogida por parte de la prensa alemana. El propio Bovino respondi\u00f3 que se trataba de un abrigo reglamentario de la Patrulla Fronteriza que llevaba puesto desde hac\u00eda veinticinco a\u00f1os. V\u00e9ase \u00abBorder Patrol Chief Bovino Reacts to Newsom&amp;#8217;s &amp;#8216;SS Garb&amp;#8217; Comment\u00bb, Newsweek, 23 de enero de 2026, y \u00abUnraveling Claim Border Patrol Chief Greg Bovino Wore &amp;#8216;Nazi Uniform&amp;#8217;\u00bb, Snopes, 21 de enero de 2026.'><sup>3<\/sup><\/a><\/span><\/span> as\u00ed como Joey Mannarino, influencer MAGA del Overton Institute, que comparte en sus redes sociales im\u00e1genes en honor a Vlad el Empalador, cuya crueldad hacia los otomanos se ha convertido en un s\u00edmbolo de resistencia a la toma del poder por parte del islam en Occidente.&nbsp;<span class='whitespace-nowrap'><span id='easy-footnote-4-108579' class='easy-footnote-margin-adjust'><\/span><span class='easy-footnote note-digits-1'><a href='https:\/\/legrandcontinent.eu\/es\/2026\/08\/14\/gran-reemplazo\/#easy-footnote-bottom-4-108579' title='&lt;a href=&quot;https:\/\/www.instagram.com\/p\/DZ20dSDu7lm\/&quot;&gt;Publicaci\u00f3n de Instagram de Joey Mannarino&lt;\/a&gt;, 21 de junio de 2026.'><sup>4<\/sup><\/a><\/span><\/span><\/p>\n\n\n\n<p>Los participantes elogiaron el profesionalismo del evento, en comparaci\u00f3n con la primera cumbre celebrada cerca de Mil\u00e1n en mayo de 2025, durante la cual unas furgonetas de la polic\u00eda tuvieron que escoltar a los asistentes hasta el recinto.&nbsp;<span class='whitespace-nowrap'><span id='easy-footnote-5-108579' class='easy-footnote-margin-adjust'><\/span><span class='easy-footnote note-digits-1'><a href='https:\/\/legrandcontinent.eu\/es\/2026\/08\/14\/gran-reemplazo\/#easy-footnote-bottom-5-108579' title='\u00abRemigration Summit 2026: La extrema derecha europea busca inspiraci\u00f3n en el ICE\u00bb, Hope Not Hate, 11 de junio de 2026.'><sup>5<\/sup><\/a><\/span><\/span> Un a\u00f1o antes, el Departamento de Estado de Estados Unidos hab\u00eda creado una Oficina de Remigraci\u00f3n dentro del organismo encargado hist\u00f3ricamente de reasentar a los refugiados.&nbsp;<span class='whitespace-nowrap'><span id='easy-footnote-6-108579' class='easy-footnote-margin-adjust'><\/span><span class='easy-footnote note-digits-1'><a href='https:\/\/legrandcontinent.eu\/es\/2026\/08\/14\/gran-reemplazo\/#easy-footnote-bottom-6-108579' title='Russell Contreras y Marc Caputo, \u00abState Department Seeks to Create \u2018Office of Remigration\u2019 in Restructuring\u00bb, Axios, 29 de mayo de 2025.'><sup>6<\/sup><\/a><\/span><\/span><\/p>\n\n\n\n<h2 class=\"wp-block-heading\">Una metaf\u00edsica de la pureza<\/h2>\n\n\n\n<p>En unos quince a\u00f1os, se ha recorrido el camino que separa un eslogan radical de un puesto en el organigrama federal. Para comprender esta trayectoria, hay que identificar los distintos niveles \u2014biol\u00f3gicos, sociales y pol\u00edticos\u2014 de un relato cada vez m\u00e1s central.<\/p>\n\n\n\n<p>Ese relato es el Gran Reemplazo. Su formulaci\u00f3n en el siglo XXI se debe al escritor franc\u00e9s Renaud Camus, quien la esboz\u00f3 en una recopilaci\u00f3n de ensayos en 2010&nbsp;<span class='whitespace-nowrap'><span id='easy-footnote-7-108579' class='easy-footnote-margin-adjust'><\/span><span class='easy-footnote note-digits-1'><a href='https:\/\/legrandcontinent.eu\/es\/2026\/08\/14\/gran-reemplazo\/#easy-footnote-bottom-7-108579' title='Renaud Camus, &lt;em&gt;L&amp;#8217;Ab\u00e9c\u00e9daire de l&amp;#8217;in-nocence&lt;\/em&gt;, Neuilly-sur-Seine, David Reinharc, 2010.'><sup>7<\/sup><\/a><\/span><\/span> antes de convertirlo en el t\u00edtulo de un libro en 2011.&nbsp;<span class='whitespace-nowrap'><span id='easy-footnote-8-108579' class='easy-footnote-margin-adjust'><\/span><span class='easy-footnote note-digits-1'><a href='https:\/\/legrandcontinent.eu\/es\/2026\/08\/14\/gran-reemplazo\/#easy-footnote-bottom-8-108579' title='Renaud Camus, &lt;em&gt;Le Grand Remplacement&lt;\/em&gt;, Neuilly-sur-Seine, David Reinharc, 2011.'><sup>8<\/sup><\/a><\/span><\/span> Seg\u00fan esta fantas\u00eda conspirativa, los franceses de origen y, por l\u00f3gica, los europeos blancos estar\u00edan siendo reemplazados f\u00edsica, cultural y pol\u00edticamente por poblaciones no europeas, principalmente musulmanas, mediante la inmigraci\u00f3n y los diferenciales de natalidad, con la complicidad de lo que la extrema derecha suele llamar \u00ab<a href=\"https:\/\/legrandcontinent.eu\/es\/2026\/08\/12\/globalismo\/\">\u00e9lites globalistas<\/a>\u00bb.\u00a0<\/p>\n\n\n\n<p>La fantas\u00eda se presenta aqu\u00ed como la demograf\u00eda, una ciencia \u00abobjetiva\u00bb. Sin embargo, su base ideol\u00f3gica es mucho m\u00e1s antigua y se remonta a la filosof\u00eda alemana de los siglos XVIII y XIX.\u00a0<\/p>\n\n\n\n<p>En 1714, Leibniz describ\u00eda la realidad como un conjunto de m\u00f3nadas, cada una de ellas \u00abuna sustancia simple\u00bb, \u00absin partes\u00bb. \u00abLas m\u00f3nadas no tienen ventanas por las que algo pueda entrar o salir\u00bb, escrib\u00eda, y sus cambios naturales \u00abprovienen de un principio interno, ya que una causa externa no puede influir en su interior\u00bb.&nbsp;<span class='whitespace-nowrap'><span id='easy-footnote-9-108579' class='easy-footnote-margin-adjust'><\/span><span class='easy-footnote note-digits-1'><a href='https:\/\/legrandcontinent.eu\/es\/2026\/08\/14\/gran-reemplazo\/#easy-footnote-bottom-9-108579' title='Gottfried Wilhelm Leibniz, &lt;em&gt;La Monadolog\u00eda&lt;\/em&gt; (1714).'><sup>9<\/sup><\/a><\/span><\/span><\/p>\n\n\n\n<p>Unas d\u00e9cadas m\u00e1s tarde, el te\u00f3logo y fil\u00f3sofo alem\u00e1n Johann Gottfried von Herder traslad\u00f3 una idea notablemente similar a las sociedades humanas. Para \u00e9l, un pueblo era una individualidad org\u00e1nica, dotada de su propio esp\u00edritu, su lengua y su clima, que crece como una planta a partir de su propia semilla. Isaiah Berlin, quien resum\u00eda su aportaci\u00f3n en tres doctrinas \u2014\u00abel populismo, el expresionismo y el pluralismo\u00bb\u2014, expon\u00eda as\u00ed su visi\u00f3n. Cada cultura posee su propio \u00abcentro de gravedad\u00bb, y no es concebible ninguna jerarqu\u00eda entre ellas. Hay que insistir en este punto: la filosof\u00eda que m\u00e1s tarde alimentar\u00eda las teor\u00edas raciales m\u00e1s extremas invirti\u00f3, por tanto, casi todo lo que \u00e9l defend\u00eda. Como demostraba Berlin, Herder \u00abdetestaba el Estado y todas las formas de imperialismo y conquista\u00bb, y su pluralismo rechazaba de antemano cualquier jerarqu\u00eda racial.&nbsp;<span class='whitespace-nowrap'><span id='easy-footnote-10-108579' class='easy-footnote-margin-adjust'><\/span><span class='easy-footnote note-digits-2'><a href='https:\/\/legrandcontinent.eu\/es\/2026\/08\/14\/gran-reemplazo\/#easy-footnote-bottom-10-108579' title='Isaiah Berlin, &lt;em&gt;Vico and Herder: Two Studies in the History of Ideas&lt;\/em&gt;, Londres, Hogarth Press, 1976.'><sup>10<\/sup><\/a><\/span><\/span><\/p>\n\n\n\n<p>En sus <em>Discursos a la naci\u00f3n alemana<\/em>,&nbsp;<span class='whitespace-nowrap'><span id='easy-footnote-11-108579' class='easy-footnote-margin-adjust'><\/span><span class='easy-footnote note-digits-2'><a href='https:\/\/legrandcontinent.eu\/es\/2026\/08\/14\/gran-reemplazo\/#easy-footnote-bottom-11-108579' title='Johann Gottlieb Fichte, &lt;em&gt;Discursos a la naci\u00f3n alemana&lt;\/em&gt; (1808).'><sup>11<\/sup><\/a><\/span><\/span> dirigi\u00e9ndose en 1808 a un pueblo derrotado y ocupado, Fichte radicaliz\u00f3 esta idea y situ\u00f3 la frontera de una naci\u00f3n en el l\u00edmite interior de su lengua. A principios del siglo XIX, la met\u00e1fora se cristaliz\u00f3 en el <em>Volksgeist<\/em>, el \u00abesp\u00edritu del pueblo\u00bb, concepto elaborado por la escuela hist\u00f3rica del derecho y el romanticismo pol\u00edtico, que la psicolog\u00eda de los pueblos de finales de siglo prolongar\u00eda en <em>el Volksseele<\/em>, su \u00abalma\u00bb.&nbsp;<\/p>\n\n\n\n<p>En cuanto se considera a una naci\u00f3n como un cuerpo dotado de alma, la presencia del extranjero deja de ser una cuesti\u00f3n pol\u00edtica para convertirse en una amenaza existencial. La pureza se convierte entonces en sin\u00f3nimo de salud, ya que se trata de preservar la m\u00f3nada de toda contaminaci\u00f3n, de todo parasitismo, de toda infecci\u00f3n. Los autores <em>v\u00f6lkisch<\/em> de finales del siglo XIX filtran este discurso a trav\u00e9s del l\u00e9xico m\u00e9dico. Paul de Lagarde ve as\u00ed en los jud\u00edos \u00abtriquinas y bacilos\u00bb, con los que no se negocia y a los que hay que \u00abaniquilar\u00bb (<em>vernichten<\/em>, palabra que se incorporar\u00e1 al vocabulario genocida nazi) \u00ablo m\u00e1s r\u00e1pido y lo m\u00e1s completamente posible\u00bb.&nbsp;<span class='whitespace-nowrap'><span id='easy-footnote-12-108579' class='easy-footnote-margin-adjust'><\/span><span class='easy-footnote note-digits-2'><a href='https:\/\/legrandcontinent.eu\/es\/2026\/08\/14\/gran-reemplazo\/#easy-footnote-bottom-12-108579' title='Paul de Lagarde, &lt;em&gt;Juden und Indogermanen&lt;\/em&gt;, Gotinga, 1887, citado por George L. Mosse, &lt;em&gt;op. cit&lt;\/em&gt;.'><sup>12<\/sup><\/a><\/span><\/span> La \u00abhigiene racial\u00bb, concebida ya en 1895 por Alfred Ploetz, dot\u00f3 a este imaginario radicalmente racista y antisemita de un ropaje cient\u00edfico, y la f\u00f3rmula de \u00absangre y suelo\u00bb (<em>Blut und Boden<\/em>), popularizada por Walther Darr\u00e9 antes de convertirse en un lema del r\u00e9gimen nazi, fue su culminaci\u00f3n.<\/p>\n\n\n\n<h2 class=\"wp-block-heading\">Tras la derrota<\/h2>\n\n\n\n<p>Lo que perdura en el siglo XXI no es, en primer lugar, la ciencia racial \u2014un argumento que, aunque ahora es minoritario, ha vuelto a difundirse a gran escala gracias a la desintermediaci\u00f3n digital\u2014, sino la l\u00f3gica subyacente: la del pueblo como m\u00f3nada sin ventanas que habr\u00eda que preservar en su estado puro.&nbsp;<\/p>\n\n\n\n<p>El Gran Reemplazo denuncia la contaminaci\u00f3n deliberada, por parte de enemigos internos y externos, de la \u00abm\u00f3nada\u00bb que representar\u00eda el pueblo estadounidense, franc\u00e9s, espa\u00f1ol, italiano o alem\u00e1n. Por lo tanto, no se trata de una simple afirmaci\u00f3n demogr\u00e1fica. Afirma que la mezcla corrompe el cuerpo del \u00abverdadero\u00bb pueblo. Sobre esta base, la <a href=\"https:\/\/legrandcontinent.eu\/es\/2025\/12\/19\/apocalipsis-monarquia-remigracion-las-palabras-de-un-ano-extremo\/\">\u00abremigraci\u00f3n\u00bb<\/a> se presenta como un remedio ciertamente radical, pero indispensable para purificar el cuerpo nacional, devolvi\u00e9ndole su antigua grandeza.<\/p>\n\n\n\n<p>Esta visi\u00f3n organicista de la sociedad necesitaba un punto de apoyo para atravesar el siglo XX, despu\u00e9s de que la ca\u00edda de las potencias del Eje convirtiera en tab\u00fa cualquier forma de racismo biol\u00f3gicamente expl\u00edcito. Lo encontr\u00f3 en Francia. El Grupo de Investigaci\u00f3n y Estudios para la Civilizaci\u00f3n Europea (GRECE), un think tank fundado en 1968 en torno a Alain de Benoist, figura de referencia de lo que una d\u00e9cada m\u00e1s tarde se denominar\u00eda la Nueva Derecha, se propuso ganar la batalla cultural antes de disputar el control del Estado. Sus miembros se autodenominaban, sin complejos, \u00abgramscianos de derechas\u00bb.&nbsp;<span class='whitespace-nowrap'><span id='easy-footnote-13-108579' class='easy-footnote-margin-adjust'><\/span><span class='easy-footnote note-digits-2'><a href='https:\/\/legrandcontinent.eu\/es\/2026\/08\/14\/gran-reemplazo\/#easy-footnote-bottom-13-108579' title='Tamir Bar-On, &lt;em&gt;Rethinking the French New Right: Alternatives to Modernity&lt;\/em&gt;, Londres, Routledge, 2013. Sobre la Nueva Derecha, v\u00e9anse, en esta misma serie, \u00abEl declive de Occidente\u00bb y \u00abEcofascismo\u00bb.'><sup>13<\/sup><\/a><\/span><\/span><\/p>\n\n\n\n<p>En este contexto, su idea central fue <em>el etnopluralismo<\/em>, o <em>etnodiferencialismo<\/em>, que reivindica un \u00abderecho a la diferencia\u00bb. El argumento ya no es que algunos pueblos sean superiores, sino que todos son inconmensurables. Se reconoce la intuici\u00f3n que Berlin atribu\u00eda a Herder, despojada del pluralismo en el que se basaba. Cada pueblo tendr\u00eda, por tanto, derecho a preservar su identidad en su propio territorio; la mezcla perjudicar\u00eda a todos por igual y, por lo tanto, el multiculturalismo ser\u00eda el verdadero racismo.&nbsp;<span class='whitespace-nowrap'><span id='easy-footnote-14-108579' class='easy-footnote-margin-adjust'><\/span><span class='easy-footnote note-digits-2'><a href='https:\/\/legrandcontinent.eu\/es\/2026\/08\/14\/gran-reemplazo\/#easy-footnote-bottom-14-108579' title='Cas Mudde, &lt;em&gt;The Far Right Today&lt;\/em&gt;, Cambridge, Polity, 2019, p. 49.'><sup>14<\/sup><\/a><\/span><\/span> Pierre-Andr\u00e9 Taguieff ha bautizado esta construcci\u00f3n como \u00abracismo diferencialista\u00bb,&nbsp;<span class='whitespace-nowrap'><span id='easy-footnote-15-108579' class='easy-footnote-margin-adjust'><\/span><span class='easy-footnote note-digits-2'><a href='https:\/\/legrandcontinent.eu\/es\/2026\/08\/14\/gran-reemplazo\/#easy-footnote-bottom-15-108579' title='Pierre-Andr\u00e9 Taguieff, &lt;em&gt;La Force du pr\u00e9jug\u00e9. Essai sur le racisme et ses doubles&lt;\/em&gt;, Par\u00eds, La D\u00e9couverte, 1988.'><sup>15<\/sup><\/a><\/span><\/span> mientras que \u00c9tienne Balibar lo ha calificado de \u00abracismo sin razas\u00bb.&nbsp;<span class='whitespace-nowrap'><span id='easy-footnote-16-108579' class='easy-footnote-margin-adjust'><\/span><span class='easy-footnote note-digits-2'><a href='https:\/\/legrandcontinent.eu\/es\/2026\/08\/14\/gran-reemplazo\/#easy-footnote-bottom-16-108579' title='\u00c9tienne Balibar e Immanuel Wallerstein, &lt;em&gt;Race, nation, classe. Les identit\u00e9s ambigu\u00ebs&lt;\/em&gt;, Par\u00eds, La D\u00e9couverte, 1988.'><sup>16<\/sup><\/a><\/span><\/span><\/p>\n\n\n\n<h2 class=\"wp-block-heading\">Preparar la victoria con una novela y un plan<\/h2>\n\n\n\n<p>En esta primera <a href=\"https:\/\/legrandcontinent.eu\/es\/2025\/01\/05\/retranslatio-imperii-la-tentacion-imperial-tras-el-segundo-reparto-de-ucrania-segun-vladislav-surkov\/\">retraducci\u00f3n<\/a>, la premisa organicista se expresa con un vocabulario aparentemente antirracista, y es precisamente ese disfraz lo que la hace aceptable en la esfera p\u00fablica liberal.&nbsp;<\/p>\n\n\n\n<p>Sin embargo, el marco conceptual no se construy\u00f3 \u00fanicamente en los seminarios de la Nueva Derecha. Si bien el movimiento identitario de la d\u00e9cada de 2000 recicl\u00f3 esta l\u00f3gica a\u00f1adi\u00e9ndole una est\u00e9tica juvenil y un agudo sentido de la puesta en escena,&nbsp;<span class='whitespace-nowrap'><span id='easy-footnote-17-108579' class='easy-footnote-margin-adjust'><\/span><span class='easy-footnote note-digits-2'><a href='https:\/\/legrandcontinent.eu\/es\/2026\/08\/14\/gran-reemplazo\/#easy-footnote-bottom-17-108579' title='Jos\u00e9 Pedro Z\u00faquete, &lt;em&gt;The Identitarians: The Movement against Globalism and Islam in Europe&lt;\/em&gt;, Notre Dame, University of Notre Dame Press, 2018.'><sup>17<\/sup><\/a><\/span><\/span> hay tres elementos anteriores que explican por qu\u00e9 la f\u00f3rmula de Renaud Camus cal\u00f3 tan f\u00e1cilmente: una novela, un plan inventado y un neologismo geopol\u00edtico.<\/p>\n\n\n\n<p>La novela es <a href=\"https:\/\/legrandcontinent.eu\/es\/2026\/02\/23\/el-desembarco-investigacion-sobre-la-novela-francesa-que-obsesiona-a-la-casa-blanca\/\"><em><em>El desembarco<\/em><\/em><\/a> (<em>Le Camp des saints<\/em>), publicada en 1973 por el escritor mon\u00e1rquico y explorador franc\u00e9s Jean Raspail.&nbsp;<span class='whitespace-nowrap'><span id='easy-footnote-18-108579' class='easy-footnote-margin-adjust'><\/span><span class='easy-footnote note-digits-2'><a href='https:\/\/legrandcontinent.eu\/es\/2026\/08\/14\/gran-reemplazo\/#easy-footnote-bottom-18-108579' title='Jean Raspail, &lt;em&gt;El desembarco&lt;\/em&gt;, Barcelona, Plaza y Jan\u00e9s, 1975.'><sup>18<\/sup><\/a><\/span><\/span> El libro narra la llegada a la costa mediterr\u00e1nea francesa de una flota deteriorada que transporta a un mill\u00f3n de indios y el colapso de una sociedad incapaz de reaccionar porque la compasi\u00f3n la ha desarmado. Los reci\u00e9n llegados son deshumanizados sistem\u00e1ticamente, reducidos a una masa promiscua y enferma, sin capacidad de acci\u00f3n individual, mientras que el resentimiento del texto se dirige contra los sacerdotes, los periodistas y los intelectuales progresistas que preparan la rendici\u00f3n. Renaud Camus, por otra parte, dedic\u00f3 su libro de 2011, <em>Le Grand Remplacement<\/em>, a Raspail y a la de Enoch Powell,&nbsp;<span class='whitespace-nowrap'><span id='easy-footnote-19-108579' class='easy-footnote-margin-adjust'><\/span><span class='easy-footnote note-digits-2'><a href='https:\/\/legrandcontinent.eu\/es\/2026\/08\/14\/gran-reemplazo\/#easy-footnote-bottom-19-108579' title='C\u00e9cile Leconte, \u00abThe Transatlantic Circulation of the \u2018Great Replacement\u2019: From Anti-Immigration Conspiracy Theory to Racialized Voter Fraud Narrative\u00bb, &lt;em&gt;Journal of Illiberalism Studies&lt;\/em&gt;, vol. 6, n.\u00ba 1, 2026, pp. 61-75.'><sup>19<\/sup><\/a><\/span><\/span> autor en 1968 del discurso de los \u00abr\u00edos de sangre\u00bb contra la inmigraci\u00f3n.\u00a0<\/p>\n\n\n\n<p>Seguir la trayectoria editorial de esta obra permite apreciar el alcance de la conquista institucional de la extrema derecha. Rechazado por la cr\u00edtica francesa en los a\u00f1os setenta, objeto de culto en los c\u00edrculos de la extrema derecha, reeditado cada vez que un episodio migratorio permit\u00eda presentarlo como una profec\u00eda cumplida, alcanz\u00f3 en 2011 su octava edici\u00f3n francesa, con 60 mil ejemplares, justo en el momento en que se public\u00f3 el ensayo de Camus.&nbsp;<span class='whitespace-nowrap'><span id='easy-footnote-20-108579' class='easy-footnote-margin-adjust'><\/span><span class='easy-footnote note-digits-2'><a href='https:\/\/legrandcontinent.eu\/es\/2026\/08\/14\/gran-reemplazo\/#easy-footnote-bottom-20-108579' title='Leonardo Bianchi, \u00abDiffondere e fomentare intolleranza e odio : La Verit\u00e0 e Panorama distribuiscono uno dei peggiori romanzi razzisti mai pubblicati\u00bb, &lt;em&gt;Valigia Blu&lt;\/em&gt;, 13 de agosto de 2025.'><sup>20<\/sup><\/a><\/span><\/span><\/p>\n\n\n\n<p>Su trayectoria en Estados Unidos es a\u00fan m\u00e1s notable. Traducido en 1975, reeditado en 1982 gracias a la financiaci\u00f3n de Cordelia Scaife May, heredera de la fortuna Mellon y mecenas del nativismo estadounidense, y posteriormente en 1994 por la editorial del activista antiinmigraci\u00f3n y eugenista John Tanton, elogiado por Pat Buchanan en <em>The Death of the West<\/em> (2001), adoptado como libro de cabecera por Steve Bannon y por Stephen Miller, futuro art\u00edfice de la pol\u00edtica migratoria de Donald Trump, quien en 2015 pidi\u00f3 a la redacci\u00f3n de Breitbart que estableciera paralelismos entre las palabras del papa Francisco y el pont\u00edfice cobarde de la novela. En 2025, la editorial Vauban Books public\u00f3 una nueva traducci\u00f3n al ingl\u00e9s con pr\u00f3logo de Nathan Pinkoski y organiz\u00f3 una lectura p\u00fablica en Washington al d\u00eda siguiente de que la Casa Blanca difundiera una estrategia de seguridad nacional que anticipaba la \u00abdesaparici\u00f3n civilizacional\u00bb de Europa.&nbsp;<span class='whitespace-nowrap'><span id='easy-footnote-21-108579' class='easy-footnote-margin-adjust'><\/span><span class='easy-footnote note-digits-2'><a href='https:\/\/legrandcontinent.eu\/es\/2026\/08\/14\/gran-reemplazo\/#easy-footnote-bottom-21-108579' title='Juliette Heinzlef, \u00abInvestigaci\u00f3n sobre la novela francesa que obsesiona a la Casa Blanca\u00bb, &lt;em&gt;el Grand Continent&lt;\/em&gt;, 23 de febrero de 2026'><sup>21<\/sup><\/a><\/span><\/span><\/p>\n\n\n\n<p>Esta normalizaci\u00f3n no es exclusiva de Estados Unidos. El 13 de agosto de 2025, el diario italiano <em>La Verit\u00e0<\/em> y el semanario <em>Panorama<\/em> distribuyeron el libro en los quioscos present\u00e1ndolo como una obra maestra de la literatura, cuando su \u00fanica edici\u00f3n italiana hab\u00eda sido durante d\u00e9cadas la de la editorial del neofascista Franco Freda, condenado en 1981 por asociaci\u00f3n subversiva.&nbsp;<span class='whitespace-nowrap'><span id='easy-footnote-22-108579' class='easy-footnote-margin-adjust'><\/span><span class='easy-footnote note-digits-2'><a href='https:\/\/legrandcontinent.eu\/es\/2026\/08\/14\/gran-reemplazo\/#easy-footnote-bottom-22-108579' title='Leonardo Bianchi, &lt;em&gt;op. cit&lt;\/em&gt;.'><sup>22<\/sup><\/a><\/span><\/span> Por su parte, Marine Le Pen, que lo califica de \u00abvisionario\u00bb, desde 2015 invitaba a los franceses a \u00ableerlo o releerlo\u00bb.&nbsp;<span class='whitespace-nowrap'><span id='easy-footnote-23-108579' class='easy-footnote-margin-adjust'><\/span><span class='easy-footnote note-digits-2'><a href='https:\/\/legrandcontinent.eu\/es\/2026\/08\/14\/gran-reemplazo\/#easy-footnote-bottom-23-108579' title='Dominique Albertini, &lt;a href=&quot;https:\/\/www.liberation.fr\/france\/2015\/09\/16\/le-livre-de-chevet-de-marine-le-pen-decrit-une-apocalypse-migratoire_1383026\/&quot;&gt;\u00ab&lt;\/a&gt;&lt;a href=&quot;https:\/\/www.liberation.fr\/france\/2015\/09\/16\/le-livre-de-chevet-de-marine-le-pen-decrit-une-apocalypse-migratoire_1383026\/&quot;&gt;L\u2019un des livres favoris de Marine Le Pen d\u00e9crit une apocalypse migratoire&lt;\/a&gt;\u00bb, &lt;em&gt;Lib\u00e9ration&lt;\/em&gt;, 16 de septiembre de 2015.'><sup>23<\/sup><\/a><\/span><\/span><\/p>\n\n\n\n<p>El segundo material es el llamado \u00abplan Kalergi\u00bb. Richard de Coudenhove-Kalergi, un arist\u00f3crata austriaco nacido en Tokio, fund\u00f3 en 1923 el movimiento Paneuropa y presidi\u00f3 durante casi medio siglo la Uni\u00f3n Paneuropea. Liberal-conservador, antifascista y anticomunista, rechazaba expl\u00edcitamente el racismo y el antisemitismo. En un ensayo publicado en 1925, <em>Praktischer Idealismus<\/em>, especula sobre la diluci\u00f3n de las razas y las clases a medida que desaparecieran las distancias y los prejuicios, llegando incluso a imaginar una futura \u00abraza euroasi\u00e1tico-negroide\u00bb.&nbsp;<span class='whitespace-nowrap'><span id='easy-footnote-24-108579' class='easy-footnote-margin-adjust'><\/span><span class='easy-footnote note-digits-2'><a href='https:\/\/legrandcontinent.eu\/es\/2026\/08\/14\/gran-reemplazo\/#easy-footnote-bottom-24-108579' title='Richard von Coudenhove-Kalergi, &lt;em&gt;Praktischer Idealismus&lt;\/em&gt;, Viena, Paneuropa-Verlag, 1925.'><sup>24<\/sup><\/a><\/span><\/span> La propaganda nazi tom\u00f3 esta especulaci\u00f3n como blanco de sus ataques. En 1940, el \u00f3rgano de prensa oficial del NSDAP, el <em>V\u00f6lkischer Beobachter<\/em>, lo describi\u00f3 como un \u00abmestizo\u00bb al servicio de una humanidad sometida al dominio jud\u00edo.\u00a0<\/p>\n\n\n\n<p>Para comprender la evoluci\u00f3n de esta calumnia nazi hasta la fantas\u00eda conspirativa contempor\u00e1nea, hay que fijarse en un autor marginal. A mediados de la d\u00e9cada de 2000, el neonazi y negacionista austriaco Gerd Honsik, que por entonces se encontraba fugado en Espa\u00f1a, public\u00f3 por cuenta propia un libro en el que denunciaba un supuesto \u00abplan Kalergi\u00bb, una expresi\u00f3n que probablemente acu\u00f1\u00f3 \u00e9l mismo y cuyo contenido proced\u00eda casi \u00edntegramente de la prensa nazi de los a\u00f1os treinta y cuarenta. Honsik lo difundi\u00f3 a trav\u00e9s de internet y de publicaciones extremistas, con difusores en c\u00edrculos cercanos al Partido de la Libertad de Austria (FP\u00d6). Ya en 2006, su libro circulaba por el foro estadounidense de supremac\u00eda blanca <em>Stormfront<\/em>.&nbsp;<span class='whitespace-nowrap'><span id='easy-footnote-25-108579' class='easy-footnote-margin-adjust'><\/span><span class='easy-footnote note-digits-2'><a href='https:\/\/legrandcontinent.eu\/es\/2026\/08\/14\/gran-reemplazo\/#easy-footnote-bottom-25-108579' title='Roland Clark y Nikolaus Hagen, \u00abKalergi Plan: The Undying \u2018White Genocide\u2019 Conspiracy Theory\u00bb, Rantt Media, 2 de mayo de 2020. Las fechas del libro de Honsik var\u00edan entre 2003 y 2005 seg\u00fan las fuentes; v\u00e9ase tambi\u00e9n la nota \u00abKalergi Plan\u00bb, Conspiracy Watch.'><sup>25<\/sup><\/a><\/span><\/span>\u00a0<\/p>\n\n\n\n<p>El \u00abplan Kalergi\u00bb es hoy uno de los t\u00e9rminos m\u00e1s recurrentes en las conversaciones digitales sobre el Gran Reemplazo, junto con \u00abjud\u00edos\u00bb y \u00abmasones\u00bb.&nbsp;<span class='whitespace-nowrap'><span id='easy-footnote-26-108579' class='easy-footnote-margin-adjust'><\/span><span class='easy-footnote note-digits-2'><a href='https:\/\/legrandcontinent.eu\/es\/2026\/08\/14\/gran-reemplazo\/#easy-footnote-bottom-26-108579' title='\u00abThe Great Replacement Theory: From Fringe Conspiracy to Mainstream Narrative\u00bb, Observatorio Europeo del Odio en Internet, 2024.'><sup>26<\/sup><\/a><\/span><\/span><\/p>\n\n\n\n<p>El tercer material es \u00abEurabia\u00bb, un concepto acu\u00f1ado por la ensayista brit\u00e1nica de origen egipcio Gis\u00e8le Littman, de soltera Orebi, que escribe bajo el seud\u00f3nimo de Bat Ye\u2019or. En <em>Eurabia: The Euro-Arab Axis<\/em> (2005), sostiene que desde 1973 existir\u00eda un pacto entre Francia, la Liga \u00c1rabe y la Comunidad Econ\u00f3mica Europea, articulado a trav\u00e9s del Di\u00e1logo Euro-\u00c1rabe \u2014el foro de concertaci\u00f3n creado tras la crisis del petr\u00f3leo\u2014 con el fin de subordinar a Europa al mundo \u00e1rabe a cambio de petr\u00f3leo y estabilidad.&nbsp;<span class='whitespace-nowrap'><span id='easy-footnote-27-108579' class='easy-footnote-margin-adjust'><\/span><span class='easy-footnote note-digits-2'><a href='https:\/\/legrandcontinent.eu\/es\/2026\/08\/14\/gran-reemplazo\/#easy-footnote-bottom-27-108579' title='Bat Ye\u2019or, &lt;em&gt;Eurabia: The Euro-Arab Axis&lt;\/em&gt;, Madison, Fairleigh Dickinson University Press, 2005.'><sup>27<\/sup><\/a><\/span><\/span><\/p>\n\n\n\n<p>Mark Sedgwick ha se\u00f1alado que se trata, en sentido estricto, de la primera versi\u00f3n propiamente conspirativa del relato del \u00abgran reemplazo\u00bb. De hecho, mientras que Renaud Camus se limita a describir un proceso, Bat Ye\u2019or nombra a los firmantes y llega incluso a identificar una fecha para el acuerdo.&nbsp;<span class='whitespace-nowrap'><span id='easy-footnote-28-108579' class='easy-footnote-margin-adjust'><\/span><span class='easy-footnote note-digits-2'><a href='https:\/\/legrandcontinent.eu\/es\/2026\/08\/14\/gran-reemplazo\/#easy-footnote-bottom-28-108579' title='Mark Sedgwick, \u00abThe Great Replacement Narrative: Fear, Anxiety and Loathing across the West\u00bb, &lt;em&gt;Politics, Religion &amp;amp; Ideology&lt;\/em&gt;, vol. 25, n.\u00ba 4, 2024, pp. 548-562.'><sup>28<\/sup><\/a><\/span><\/span>&nbsp;<\/p>\n\n\n\n<p>El concepto ha proporcionado todo un vocabulario al movimiento racista e islam\u00f3fobo transatl\u00e1ntico conocido como <em>\u00abcontra-yihad\u00bb<\/em>, ha llegado a los carteles electorales de partidos como Alternativa para Alemania (AfD) y ha ocupado un lugar central en el manifiesto del autor de los atentados de Ut\u00f8ya y Oslo, que se saldaron con 77 muertos en 2011.<\/p>\n\n\n\n<h2 class=\"wp-block-heading\">De la masacre al estudio de televisi\u00f3n<\/h2>\n\n\n\n<p>Las consecuencias de esta teor\u00eda en el siglo XXI est\u00e1n bien documentadas. Los atentados supremacistas blancos m\u00e1s graves de este periodo se han reivindicado en su nombre. El autor de la masacre de Christchurch tom\u00f3 en 2019 el t\u00edtulo de su manifiesto directamente de esta fantas\u00eda,&nbsp;<span class='whitespace-nowrap'><span id='easy-footnote-29-108579' class='easy-footnote-margin-adjust'><\/span><span class='easy-footnote note-digits-2'><a href='https:\/\/legrandcontinent.eu\/es\/2026\/08\/14\/gran-reemplazo\/#easy-footnote-bottom-29-108579' title='Matthew Kirner, Meghan Conroy, Alex Newhouse y Jonathan Lewis, \u00abUnderstanding Accelerationist Narratives: The Great Replacement Theory\u00bb, Global Network on Extremism and Technology, 30 de mayo de 2022.'><sup>29<\/sup><\/a><\/span><\/span> el asesino de El Paso invoc\u00f3 una \u00abinvasi\u00f3n\u00bb de Texas,&nbsp;<span class='whitespace-nowrap'><span id='easy-footnote-30-108579' class='easy-footnote-margin-adjust'><\/span><span class='easy-footnote note-digits-2'><a href='https:\/\/legrandcontinent.eu\/es\/2026\/08\/14\/gran-reemplazo\/#easy-footnote-bottom-30-108579' title='\u00abCondenan a 90 cadenas perpetuas al tirador que mat\u00f3 a 23 personas en un supermercado en Texas\u00bb, RTVE, 7 de julio de 2023.'><sup>30<\/sup><\/a><\/span><\/span> y el autor del atentado de B\u00fafalo, en 2022, reprodujo en gran medida ese razonamiento.&nbsp;<span class='whitespace-nowrap'><span id='easy-footnote-31-108579' class='easy-footnote-margin-adjust'><\/span><span class='easy-footnote note-digits-2'><a href='https:\/\/legrandcontinent.eu\/es\/2026\/08\/14\/gran-reemplazo\/#easy-footnote-bottom-31-108579' title='Dustin Jones, \u00abWhat Is the \u2018Great Replacement\u2019 and How Is It Tied to the Buffalo Shooting Suspect?\u00bb, NPR, 16 de mayo de 2022.'><sup>31<\/sup><\/a><\/span><\/span><\/p>\n\n\n\n<p>En 2026, esta creencia ya no es en absoluto marginal. Una encuesta de 2022 revelaba que un tercio de los estadounidenses, y dos tercios de los votantes republicanos, compart\u00edan alguna de sus tesis centrales; una encuesta realizada unos d\u00edas despu\u00e9s de los sucesos de Buffalo situaba en el 61% la proporci\u00f3n de votantes de Trump que compart\u00edan el n\u00facleo de su argumentaci\u00f3n.&nbsp;<span class='whitespace-nowrap'><span id='easy-footnote-32-108579' class='easy-footnote-margin-adjust'><\/span><span class='easy-footnote note-digits-2'><a href='https:\/\/legrandcontinent.eu\/es\/2026\/08\/14\/gran-reemplazo\/#easy-footnote-bottom-32-108579' title='\u00abNew National UMass Amherst Poll on Issues Finds One-Third of Americans Believe \u2018Great Replacement\u2019 Theory\u00bb, Universidad de Massachusetts Amherst, 25 de octubre de 2022; para la encuesta realizada tras el atentado de Buffalo, The Economist\/YouGov, mayo de 2022.'><sup>32<\/sup><\/a><\/span><\/span> Ese mismo a\u00f1o, una investigaci\u00f3n period\u00edstica document\u00f3 la defensa habitual de variantes de esta tesis por parte del presentador Tucker Carlson en programas de gran audiencia.&nbsp;<span class='whitespace-nowrap'><span id='easy-footnote-33-108579' class='easy-footnote-margin-adjust'><\/span><span class='easy-footnote note-digits-2'><a href='https:\/\/legrandcontinent.eu\/es\/2026\/08\/14\/gran-reemplazo\/#easy-footnote-bottom-33-108579' title='Nicholas Confessore, \u00abHow Tucker Carlson Stoked White Fear to Conquer Cable\u00bb, &lt;em&gt;The New York Times&lt;\/em&gt;, 30 de abril de 2022.'><sup>33<\/sup><\/a><\/span><\/span> Adem\u00e1s, los estudios demosc\u00f3picos han constatado que la adhesi\u00f3n a las tesis del reemplazo va de la mano de una propensi\u00f3n claramente mayor a considerar justificable la violencia pol\u00edtica.&nbsp;<span class='whitespace-nowrap'><span id='easy-footnote-34-108579' class='easy-footnote-margin-adjust'><\/span><span class='easy-footnote note-digits-2'><a href='https:\/\/legrandcontinent.eu\/es\/2026\/08\/14\/gran-reemplazo\/#easy-footnote-bottom-34-108579' title='\u00abSurvey: Three-Quarters of Americans See Democracy at Risk in 2024 Election\u00bb, Public Religion Research Institute, 24 de octubre de 2023.'><sup>34<\/sup><\/a><\/span><\/span><\/p>\n\n\n\n<p>Las investigaciones acad\u00e9micas recientes permiten medir este cambio con precisi\u00f3n. James Dennison y Alexander Kustov llevaron a cabo el primer estudio con una muestra nacional representativa \u2014mil personas en Alemania\u2014, en el que distinguieron una versi\u00f3n \u00abd\u00e9bil\u00bb del relato (el cambio demogr\u00e1fico existe, es negativo y socavar\u00e1 el orden social) de una versi\u00f3n \u00abfuerte\u00bb, que a\u00f1ade la explicaci\u00f3n conspirativa y el llamado impl\u00edcito a la acci\u00f3n. El 39% de la muestra se adher\u00eda a la versi\u00f3n d\u00e9bil y el 18% a la fuerte. Entre los votantes de la AfD, las cifras ascend\u00edan al 75% y al 55%, pero el 52% del electorado del partido liberal FDP tambi\u00e9n aceptaba la formulaci\u00f3n d\u00e9bil, lo que indica que esta creencia no se limita a la extrema derecha.&nbsp;<span class='whitespace-nowrap'><span id='easy-footnote-35-108579' class='easy-footnote-margin-adjust'><\/span><span class='easy-footnote note-digits-2'><a href='https:\/\/legrandcontinent.eu\/es\/2026\/08\/14\/gran-reemplazo\/#easy-footnote-bottom-35-108579' title='James Dennison y Alexander Kustov, \u00abPublic Belief in the \u2018Great Replacement Theory\u2019\u00bb, &lt;em&gt;International Migration Review&lt;\/em&gt;, 2025.'><sup>35<\/sup><\/a><\/span><\/span><\/p>\n\n\n\n<p>Al analizar el caso sueco, Mattias Ekman ha demostrado que el \u00abreemplazo\u00bb funciona m\u00e1s como una estrategia pol\u00edtica flexible que como un cuerpo doctrinal cerrado. El mismo esquema argumentativo se encuentra en un art\u00edculo neonazi que acusa al \u00abjud\u00edo George Soros\u00bb de aliarse con MasterCard para acelerar el \u00abreemplazo\u00bb, en un video electoral de los Dem\u00f3cratas de Suecia que contrapone a una anciana con andador a un grupo de mujeres con burka en una carrera por el presupuesto p\u00fablico, y en el art\u00edculo de opini\u00f3n de un profesor universitario que reclama la \u00abrepatriaci\u00f3n\u00bb, publicado en una web conservadora que se presenta como una fuente de informaci\u00f3n rigurosa.&nbsp;<span class='whitespace-nowrap'><span id='easy-footnote-36-108579' class='easy-footnote-margin-adjust'><\/span><span class='easy-footnote note-digits-2'><a href='https:\/\/legrandcontinent.eu\/es\/2026\/08\/14\/gran-reemplazo\/#easy-footnote-bottom-36-108579' title='Mattias Ekman, \u00abThe Great Replacement: Strategic Mainstreaming of Far-Right Conspiracy Claims\u00bb, &lt;em&gt;Convergence&lt;\/em&gt;, vol. 28, n.\u00ba 4, 2022, pp. 1127-1143.'><sup>36<\/sup><\/a><\/span><\/span>&nbsp;<\/p>\n\n\n\n<p>Sedgwick a\u00f1ade un matiz importante. Considerar este relato como una teor\u00eda marginal que se ha convertido en <em>mainstream <\/em>por casualidad subestima su fuerza, ya que gran parte de su contenido procede de autores plenamente integrados en el debate p\u00fablico.&nbsp;<span class='whitespace-nowrap'><span id='easy-footnote-37-108579' class='easy-footnote-margin-adjust'><\/span><span class='easy-footnote note-digits-2'><a href='https:\/\/legrandcontinent.eu\/es\/2026\/08\/14\/gran-reemplazo\/#easy-footnote-bottom-37-108579' title='Mark Sedgwick, &lt;em&gt;op. cit&lt;\/em&gt;.'><sup>37<\/sup><\/a><\/span><\/span> C\u00e9cile Leconte, al reconstruir su difusi\u00f3n, demuestra que la labor decisiva de legitimaci\u00f3n no fue obra de los supremacistas, sino de editorialistas de tendencia conservadora, que limpiaron la f\u00f3rmula de sus connotaciones violentas y antisemitas.&nbsp;<\/p>\n\n\n\n<p>En Estados Unidos, el discurso ha evolucionado adem\u00e1s hacia el \u00abreemplazo de votantes\u00bb.&nbsp;<span class='whitespace-nowrap'><span id='easy-footnote-38-108579' class='easy-footnote-margin-adjust'><\/span><span class='easy-footnote note-digits-2'><a href='https:\/\/legrandcontinent.eu\/es\/2026\/08\/14\/gran-reemplazo\/#easy-footnote-bottom-38-108579' title='C\u00e9cile Leconte, art. cit.'><sup>38<\/sup><\/a><\/span><\/span> una variante que tambi\u00e9n se observa en Espa\u00f1a, donde el gobierno de coalici\u00f3n de Pedro S\u00e1nchez ha sido acusado de \u00abingenier\u00eda electoral\u00bb por el Partido Popular de Alberto N\u00fa\u00f1ez Feij\u00f3o tras sus pol\u00edticas de regularizaci\u00f3n de migrantes.&nbsp;<span class='whitespace-nowrap'><span id='easy-footnote-39-108579' class='easy-footnote-margin-adjust'><\/span><span class='easy-footnote note-digits-2'><a href='https:\/\/legrandcontinent.eu\/es\/2026\/08\/14\/gran-reemplazo\/#easy-footnote-bottom-39-108579' title='\u00abFeij\u00f3o acusa a S\u00e1nchez de \u2018ingenier\u00eda electoral\u2019 para conseguir \u2018nuevos votantes\u2019\u00bb, &lt;em&gt;P\u00fablico&lt;\/em&gt;, 29 de junio de 2026.'><sup>39<\/sup><\/a><\/span><\/span><\/p>\n\n\n\n<h2 class=\"wp-block-heading\">M\u00e1s all\u00e1 de la <em>reductio ad Trumpum<\/em><\/h2>\n\n\n\n<p>Reducir hoy el \u00abGran Reemplazo\u00bb al supremacismo expl\u00edcito o al trumpismo ser\u00eda, por tanto, un error de diagn\u00f3stico. Viktor Orb\u00e1n lo expres\u00f3 de forma expl\u00edcita en julio de 2022, en la universidad de verano de B\u0103ile Tu\u0219nad. Hay pa\u00edses \u2014dec\u00eda\u2014 en los que se mezclan europeos y no europeos y que ya no son naciones, mientras que en Europa Central \u00abno somos una raza mixta y no queremos convertirnos en una\u00bb.&nbsp;<span class='whitespace-nowrap'><span id='easy-footnote-40-108579' class='easy-footnote-margin-adjust'><\/span><span class='easy-footnote note-digits-2'><a href='https:\/\/legrandcontinent.eu\/es\/2026\/08\/14\/gran-reemplazo\/#easy-footnote-bottom-40-108579' title='Discurso de Viktor Orb\u00e1n en la universidad de verano de B\u0103ile Tu\u0219nad (Tusn\u00e1df\u00fcrd\u0151), 23 de julio de 2022.'><sup>40<\/sup><\/a><\/span><\/span> Unos d\u00edas m\u00e1s tarde, precis\u00f3 que hablaba desde un punto de vista \u00abcultural y civilizacional\u00bb; una de sus asesoras dimiti\u00f3 calificando el discurso de \u00abpuramente nazi\u00bb.&nbsp;<span class='whitespace-nowrap'><span id='easy-footnote-41-108579' class='easy-footnote-margin-adjust'><\/span><span class='easy-footnote note-digits-2'><a href='https:\/\/legrandcontinent.eu\/es\/2026\/08\/14\/gran-reemplazo\/#easy-footnote-bottom-41-108579' title='\u00abEl \u00faltimo discurso de Orb\u00e1n sobre las razas genera recelo: \u00bfideolog\u00eda o cortina de humo?\u00bb, &lt;em&gt;Euronews&lt;\/em&gt;, 26 de julio de 2022.'><sup>41<\/sup><\/a><\/span><\/span>\u00a0<\/p>\n\n\n\n<p>En Italia, el t\u00e9rmino preferido es el de \u00absustituci\u00f3n \u00e9tnica\u00bb, que el ministro de Agricultura y Soberan\u00eda Alimentaria, Francesco Lollobrigida, emple\u00f3 en abril de 2023 sin eufemismos. \u00abNo podemos resignarnos a la idea de que, como los italianos tienen menos hijos, se les sustituya por otros\u00bb. La frase, pronunciada el mismo d\u00eda en que el presidente Mattarella visitaba Auschwitz, no puede interpretarse como un desliz aislado. La expresi\u00f3n llevaba a\u00f1os circulando en las intervenciones de Matteo Salvini y de la propia Giorgia Meloni.&nbsp;<span class='whitespace-nowrap'><span id='easy-footnote-42-108579' class='easy-footnote-margin-adjust'><\/span><span class='easy-footnote note-digits-2'><a href='https:\/\/legrandcontinent.eu\/es\/2026\/08\/14\/gran-reemplazo\/#easy-footnote-bottom-42-108579' title='\u00abUn ministro de Meloni asegura que no se puede \u201cceder ante la sustituci\u00f3n \u00e9tnica\u201d\u00bb, Cadena SER, 18 de abril de 2023; \u00abCos\u2019\u00e8 la \u2018sostituzione etnica\u2019\u00bb, &lt;em&gt;Il Post&lt;\/em&gt;, 19 de abril de 2023.'><sup>42<\/sup><\/a><\/span><\/span>&nbsp;<\/p>\n\n\n\n<p>En Espa\u00f1a, Santiago Abascal recuper\u00f3 la tesis en Almer\u00eda en mayo de 2022 \u2014dos d\u00edas despu\u00e9s de la matanza de Buffalo\u2014 hablando de espa\u00f1oles que se sienten extra\u00f1os en sus propios barrios, mientras el portavoz de Vox Jorge Buxad\u00e9 denuncia con regularidad ante foros internacionales una voluntad real de Bruselas de poner en marcha un \u00abreemplazo poblacional\u00bb.&nbsp;<span class='whitespace-nowrap'><span id='easy-footnote-43-108579' class='easy-footnote-margin-adjust'><\/span><span class='easy-footnote note-digits-2'><a href='https:\/\/legrandcontinent.eu\/es\/2026\/08\/14\/gran-reemplazo\/#easy-footnote-bottom-43-108579' title='I\u00f1igo Aduriz, \u00abAbascal recupera la teor\u00eda supremacista del \u201cgran reemplazo\u201d para lanzar la campa\u00f1a andaluza\u00bb, elDiario.es, 16 de mayo de 2022.'><sup>43<\/sup><\/a><\/span><\/span>\u00a0<\/p>\n\n\n\n<p>En Francia, \u00c9ric Zemmour convirti\u00f3 esta expresi\u00f3n en el eje de su campa\u00f1a presidencial de 2022, tras a\u00f1os de utilizarla en televisi\u00f3n, y obtuvo dos millones y medio de votos, mientras que Marine Le Pen prefiere el t\u00e9rmino \u00absumersi\u00f3n migratoria\u00bb, m\u00e1s acorde con su estrategia de normalizaci\u00f3n.\u00a0<\/p>\n\n\n\n<p>El indicador m\u00e1s elocuente de este cambio no proviene, por cierto, de ninguno de los dos, sino de la candidata de la derecha tradicional, Val\u00e9rie P\u00e9cresse, quien mencion\u00f3 el concepto durante la campa\u00f1a y acab\u00f3 debati\u00e9ndolo en un programa de televisi\u00f3n como si se tratara de una hip\u00f3tesis plausible.&nbsp;<span class='whitespace-nowrap'><span id='easy-footnote-44-108579' class='easy-footnote-margin-adjust'><\/span><span class='easy-footnote note-digits-2'><a href='https:\/\/legrandcontinent.eu\/es\/2026\/08\/14\/gran-reemplazo\/#easy-footnote-bottom-44-108579' title='Alice Galopin y Thibaud Le Meneec, \u00abL\u2019article \u00e0 lire pour comprendre pourquoi le \u2018grand remplacement\u2019 est une id\u00e9e raciste et complotiste\u00bb, franceinfo, 13 de marzo de 2022.'><sup>44<\/sup><\/a><\/span><\/span><\/p>\n\n\n\n<p>En el Reino Unido, Nigel Farage fue objeto de cr\u00edticas en 2019 por difundir relatos sobre los \u00abglobalistas\u00bb que las organizaciones antirracistas relacionan con los motivos antisemitas cl\u00e1sicos.&nbsp;<span class='whitespace-nowrap'><span id='easy-footnote-45-108579' class='easy-footnote-margin-adjust'><\/span><span class='easy-footnote note-digits-2'><a href='https:\/\/legrandcontinent.eu\/es\/2026\/08\/14\/gran-reemplazo\/#easy-footnote-bottom-45-108579' title='Peter Walker, \u00abFarage Under Fire for Conspiracy Claims Linked to Antisemitism\u00bb, &lt;em&gt;The Guardian&lt;\/em&gt;, 21 de noviembre de 2019.'><sup>45<\/sup><\/a><\/span><\/span> En Alemania, la AfD ha nacionalizado el discurso con t\u00e9rminos de origen nazi, como <em>Umvolkung<\/em> (\u00abinversi\u00f3n \u00e9tnica\u00bb) y <em>Gro\u00dfer Austausch<\/em> (\u00abgran sustituci\u00f3n\u00bb), mientras que entre los j\u00f3venes se popularizaba el c\u00e1ntico \u00ab\u00a1Fuera <em>los<\/em> <em>extranjeros<\/em>! \u00a1Alemania para los alemanes!\u00bb, entonado en el verano de 2024, desde la isla de Sylt hasta las fiestas de pueblo, con la melod\u00eda de <em>\u00abL\u2019amour toujours\u00bb<\/em> de Gigi D\u2019Agostino.<\/p>\n\n\n\n<h2 class=\"wp-block-heading\">\u00bfQui\u00e9n remplaza?<\/h2>\n\n\n\n<p>Queda por aclarar qui\u00e9nes ser\u00edan esas \u00e9lites encargadas del plan de sustituci\u00f3n. Para Renaud Camus, la respuesta es expl\u00edcitamente econ\u00f3mica antes que \u00e9tnica. El \u00abreemplazismo global\u00bb ser\u00eda obra de lo que \u00e9l denomina la \u00abdavocracia\u00bb, una alianza entre \u00abDavos, grandes financieros, bancos, multinacionales, <em>hedge funds<\/em> y GAFA\u00bb, que tratar\u00eda a las poblaciones como existencias intercambiables.&nbsp;<span class='whitespace-nowrap'><span id='easy-footnote-46-108579' class='easy-footnote-margin-adjust'><\/span><span class='easy-footnote note-digits-2'><a href='https:\/\/legrandcontinent.eu\/es\/2026\/08\/14\/gran-reemplazo\/#easy-footnote-bottom-46-108579' title='Renaud Camus, &lt;em&gt;La D\u00e9possession ou Du remplacisme global&lt;\/em&gt;, Plieux, \u00c9ditions du Ch\u00e2teau, 2022.'><sup>46<\/sup><\/a><\/span><\/span><\/p>\n\n\n\n<p>Esta ambig\u00fcedad es funcional y explica en gran medida el \u00e9xito de la f\u00f3rmula. Permite, al mismo tiempo, una interpretaci\u00f3n abiertamente antisemita y otra m\u00e1s ambigua.&nbsp;<\/p>\n\n\n\n<p>La primera tuvo lugar en Charlottesville, Virginia, los d\u00edas 11 y 12 de agosto de 2017, cuando los participantes en la concentraci\u00f3n <em>\u00abUnite the Right<\/em>\u00bb desfilaron con antorchas al grito de \u00abLos jud\u00edos no nos sustituir\u00e1n\u00bb (<em>Jews will not replace us<\/em>), y posteriormente en Pittsburgh, el 27 de octubre de 2018, cuando el autor del atentado contra la sinagoga Tree of Life, que se sald\u00f3 con once muertos, justific\u00f3 su acto acusando a HIAS, una organizaci\u00f3n jud\u00eda de ayuda a los refugiados fundada en 1881, de dejar entrar a \u00abinvasores\u00bb.&nbsp;<\/p>\n\n\n\n<p>En una segunda lectura, los culpables pasan a ser las \u00e9lites de Bruselas, las ONG o la clase pol\u00edtica nacional, y el argumento puede entonces circular en el debate p\u00fablico.&nbsp;<\/p>\n\n\n\n<p>George Soros suele actuar como un eje perfecto entre estos dos marcos: es un nombre propio que se puede esgrimir como adversario pol\u00edtico, al tiempo que evoca el viejo estereotipo antisemita del financiero cosmopolita. El gobierno h\u00fangaro lo ha convertido en un instrumento de Estado. En el verano de 2017, carteles en los que aparec\u00eda el multimillonario riendo a carcajadas cubr\u00edan todo el pa\u00eds con el eslogan \u00abNo dejemos que Soros r\u00eda al \u00faltimo\u00bb. En oto\u00f1o, una \u00abconsulta nacional\u00bb invitaba a los h\u00fangaros a pronunciarse sobre el \u00abplan Soros\u00bb,&nbsp;<span class='whitespace-nowrap'><span id='easy-footnote-47-108579' class='easy-footnote-margin-adjust'><\/span><span class='easy-footnote note-digits-2'><a href='https:\/\/legrandcontinent.eu\/es\/2026\/08\/14\/gran-reemplazo\/#easy-footnote-bottom-47-108579' title='Roland Clark y Nikolaus Hagen, &lt;em&gt;op. cit&lt;\/em&gt;.'><sup>47<\/sup><\/a><\/span><\/span> una especie de variante contempor\u00e1nea del plan Kalergi, acusado de organizar la inmigraci\u00f3n hacia Europa. Por fin, en junio de 2018, un paquete legislativo bautizado como \u00abStop Soros\u00bb tipifica como delito la ayuda a los solicitantes de asilo. Como se\u00f1ala Ekman, borrar el nombre del conspirador no hace que la tesis resulte m\u00e1s inofensiva, sino m\u00e1s utilizable.&nbsp;<span class='whitespace-nowrap'><span id='easy-footnote-48-108579' class='easy-footnote-margin-adjust'><\/span><span class='easy-footnote note-digits-2'><a href='https:\/\/legrandcontinent.eu\/es\/2026\/08\/14\/gran-reemplazo\/#easy-footnote-bottom-48-108579' title='Mattias Ekman, &lt;em&gt;op. cit&lt;\/em&gt;.'><sup>48<\/sup><\/a><\/span><\/span><\/p>\n\n\n\n<p>Al margen de la corriente dominante, una subcultura ha contribuido a difundir el imaginario antisemita del \u00abGran Reemplazo\u00bb en el espacio virtual. La Goyim Defense League, una peque\u00f1a red estadounidense fundada hacia 2018 por el californiano Jon Minadeo, parodia el nombre y el logotipo de la Anti-Defamation League, una organizaci\u00f3n no gubernamental estadounidense dedicada a la lucha contra el antisemitismo fundada en 1913, y gestiona su propia plataforma de v\u00eddeos en l\u00ednea, GoyimTV.<\/p>\n\n\n\n<p>\u00abGoyim\u00bb es el t\u00e9rmino hebreo y yiddish que designa a los no jud\u00edos. La red lo utiliza como distintivo, una inversi\u00f3n caracter\u00edstica de la extrema derecha digital, donde el supuesto insulto se convierte en identidad. Mientras que los \u00abreemplazistas\u00bb de Renaud Camus se mantienen en el \u00e1mbito abstracto, los \u00abgoyim\u00bb se\u00f1alan directa y sin complejos a un responsable: los jud\u00edos.&nbsp;<\/p>\n\n\n\n<p>Este dispositivo funciona como un motor de difusi\u00f3n de la teor\u00eda. Las emisiones, casi diarias, remiten a los espectadores a folletos antisemitas que se pueden descargar. Sus cuentas difunden memes que recuperan la iconograf\u00eda antisemita de los a\u00f1os treinta, como la caricatura del \u00abcomerciante jud\u00edo\u00bb (<em>happy merchant<\/em>). Se ofrecen recompensas en efectivo o productos derivados a quien consiga que estas publicaciones aparezcan mencionadas en el telediario local.<\/p>\n\n\n\n<p>Los incidentes de propaganda atribuidos a la red pasaron de 74 en 2021 a varios cientos al a\u00f1o siguiente, lo que supuso duplicar a escala nacional la distribuci\u00f3n de folletos antisemitas.&nbsp;<span class='whitespace-nowrap'><span id='easy-footnote-49-108579' class='easy-footnote-margin-adjust'><\/span><span class='easy-footnote note-digits-2'><a href='https:\/\/legrandcontinent.eu\/es\/2026\/08\/14\/gran-reemplazo\/#easy-footnote-bottom-49-108579' title='Oren Oppenheim, \u00abReported Antisemitic Incidents Reached All-Time High in 2022, ADL Says\u00bb, &lt;em&gt;ABC News&lt;\/em&gt;, 5 de abril de 2023.'><sup>49<\/sup><\/a><\/span><\/span><\/p>\n\n\n\n<p>Lo que importa no es el tama\u00f1o de la red, que sigue siendo min\u00fasculo \u2014unas pocas decenas de personas en su n\u00facleo\u2014, sino la funci\u00f3n que desempe\u00f1a. Al situarse en el extremo del espectro con un antisemitismo expl\u00edcito, desplaza el punto de referencia. En comparaci\u00f3n con \u00e9l, la versi\u00f3n \u00abcultural\u00bb de la misma tesis \u2014la de un pa\u00eds que estar\u00eda perdiendo su identidad bajo la mirada complaciente de sus \u00e9lites\u2014 parece de repente moderada, respetable y rentable desde el punto de vista electoral.<\/p>\n\n\n\n<p>La ventana de Overton se desplaza, y el Gran Reemplazo acaba por considerarse una tesis discutible m\u00e1s que una fantas\u00eda conspirativa. La franja marginal no necesita convencer a nadie. Le basta con desplazar el punto medio. Es precisamente ese supuesto peligro existencial que hay que resolver el que erige la \u00ab<a href=\"https:\/\/legrandcontinent.eu\/es\/2025\/12\/19\/apocalipsis-monarquia-remigracion-las-palabras-de-un-ano-extremo\/\">remigraci\u00f3n<\/a>\u00bb en la gran soluci\u00f3n para purificar la m\u00f3nada.<\/p>\n\n\n\n<h2 class=\"wp-block-heading\">Lo que dicen los dem\u00f3grafos<\/h2>\n\n\n\n<p>Ning\u00fan elemento de la teor\u00eda del reemplazo resiste el an\u00e1lisis de los datos demogr\u00e1ficos.<\/p>\n\n\n\n<p>La evoluci\u00f3n demogr\u00e1fica depende de la fecundidad, la mortalidad, las condiciones materiales y la migraci\u00f3n, variables medibles ninguna de las cuales est\u00e1 orquestada.&nbsp;<span class='whitespace-nowrap'><span id='easy-footnote-50-108579' class='easy-footnote-margin-adjust'><\/span><span class='easy-footnote note-digits-2'><a href='https:\/\/legrandcontinent.eu\/es\/2026\/08\/14\/gran-reemplazo\/#easy-footnote-bottom-50-108579' title='V\u00e9ase, para el caso franc\u00e9s y una comparaci\u00f3n europea, Patrick Weil, &lt;em&gt;De l&amp;#8217;immigration en France&lt;\/em&gt;, Par\u00eds, Grasset, 2026.'><sup>50<\/sup><\/a><\/span><\/span> Entre las numerosas tendencias demogr\u00e1ficas que se han pasado por alto en este relato, conviene mencionar dos. Por un lado, la inmigraci\u00f3n compensa de forma modesta el envejecimiento demogr\u00e1fico europeo, tal y como vienen recordando los dem\u00f3grafos desde principios de la d\u00e9cada de 1990.&nbsp;<span class='whitespace-nowrap'><span id='easy-footnote-51-108579' class='easy-footnote-margin-adjust'><\/span><span class='easy-footnote note-digits-2'><a href='https:\/\/legrandcontinent.eu\/es\/2026\/08\/14\/gran-reemplazo\/#easy-footnote-bottom-51-108579' title='Jos\u00e9 Luis Est\u00e9vez y Anna Rotkirch, \u00abFertility Trends across Migrant Generations Reexamined: Insights from Finnish Register Data\u00bb, &lt;em&gt;European Sociological Review&lt;\/em&gt;, 2026, pp. 1-16.'><sup>51<\/sup><\/a><\/span><\/span> Por otro lado, la fecundidad de las poblaciones migrantes tiende a acercarse a la de las sociedades de acogida en una o dos generaciones, hasta el punto de que, en algunos pa\u00edses como Finlandia, los descendientes de migrantes tienen ahora menos hijos que los aut\u00f3ctonos.&nbsp;<\/p>\n\n\n\n<p>Este relato se basa en los datos demogr\u00e1ficos existentes, a los que da un giro y a los que da mayor relevancia. El porcentaje de personas nacidas en el extranjero var\u00eda considerablemente de un pa\u00eds a otro, desde el 2,6% en Polonia hasta algo m\u00e1s del 20% en Alemania, la cifra m\u00e1s elevada de la Uni\u00f3n en t\u00e9rminos absolutos. Sin embargo, lo que las cifras no reflejan en ning\u00fan caso es un relevo generacional. Salvo en el caso particular de Luxemburgo, la inmensa mayor\u00eda de los habitantes de cada pa\u00eds ha nacido all\u00ed, y casi un tercio de los residentes nacidos en el extranjero son europeos de otro Estado miembro, algo que el relato omite sistem\u00e1ticamente. As\u00ed, entre las personas nacidas en el extranjero que viven en Alemania, hay unos dos millones de personas nacidas en Polonia y un mill\u00f3n nacidas en Ruman\u00eda, unos dos millones y medio de personas procedentes de la antigua Uni\u00f3n Sovi\u00e9tica, de las cuales una gran parte son <em>Sp\u00e4taussiedler<\/em>, esos repatriados de origen alem\u00e1n que son ciudadanos alemanes nacidos en el extranjero, alrededor de un mill\u00f3n y medio de personas nacidas en Turqu\u00eda, como consecuencia de los acuerdos de contrataci\u00f3n de la d\u00e9cada de 1960, un mill\u00f3n de personas nacidas en Siria que llegaron en su mayor\u00eda despu\u00e9s de 2015 y, desde 2022, m\u00e1s de un mill\u00f3n de refugiados ucranianos, principal factor del reciente aumento. En total, casi dos tercios de las personas de origen inmigrante en Alemania han nacido en el continente europeo. Ese \u00ab20%\u00bb, exactamente el tipo de cifra que esgrime el discurso \u00abreemplazista\u00bb defendido por la AfD.&nbsp;<span class='whitespace-nowrap'><span id='easy-footnote-52-108579' class='easy-footnote-margin-adjust'><\/span><span class='easy-footnote note-digits-2'><a href='https:\/\/legrandcontinent.eu\/es\/2026\/08\/14\/gran-reemplazo\/#easy-footnote-bottom-52-108579' title='Desde 2019, el diputado de la AfD Gottfried Curio afirmaba en el Bundestag que en Alemania \u00aben algunas grandes ciudades, los alemanes pronto dejar\u00e1n de ser mayor\u00eda para convertirse en una minor\u00eda m\u00e1s entre otras\u00bb. Sobre la apropiaci\u00f3n del discurso del \u00abreemplazo\u00bb por parte de la AfD, v\u00e9ase tambi\u00e9n Pia Lamberty y Josef Holnburger, \u00abVerschw\u00f6rungserz\u00e4hlungen und die AfD\u00bb, CeMAS, 7 de agosto de 2023, y la investigaci\u00f3n de Correctiv \u00abGeheimplan gegen Deutschland\u00bb, 10 de enero de 2024.'><sup>52<\/sup><\/a><\/span><\/span> agrupa, por tanto, a polacos, repatriados alemanes del Volga, ucranianos que huyen de la guerra y herederos de la inmigraci\u00f3n laboral de los a\u00f1os sesenta.<\/p>\n\n\n\n<p>Sin embargo, refutar el Gran Reemplazo como hip\u00f3tesis demogr\u00e1fica sigue siendo insuficiente, ya que supone confundir su naturaleza. Se trata de una metaf\u00edsica de la pureza disfrazada de estad\u00edstica poblacional, un relato que no admite contradicciones f\u00e1cticas. Una vez que se describe al pueblo como un cuerpo, la expulsi\u00f3n deja de evocar los precedentes hist\u00f3ricos que conlleva para parecer una cuesti\u00f3n de higiene y sentido com\u00fan. La m\u00f3nada no tiene ventanas. Todo lo que viene del exterior es, por definici\u00f3n, una contaminaci\u00f3n del cuerpo nacional y, por tanto, un peligro existencial. Esa es tambi\u00e9n la raz\u00f3n por la que el vocabulario de la \u00absoluci\u00f3n\u00bb es tan prudente, mesurado y rebosa de t\u00e9rminos jur\u00eddicos.\u00a0<\/p>\n\n\n\n<p>Los quince a\u00f1os que separan un panfleto franc\u00e9s de un organigrama federal no se han superado a base de pruebas, sino de repetici\u00f3n y saturaci\u00f3n del debate. El Gran Reemplazo es menos una tesis demogr\u00e1fica que uno de los instrumentos de la estrategia que Steve Bannon resum\u00eda con la f\u00f3rmula <em>flood the zone with shit<\/em>.&nbsp;<span class='whitespace-nowrap'><span id='easy-footnote-53-108579' class='easy-footnote-margin-adjust'><\/span><span class='easy-footnote note-digits-2'><a href='https:\/\/legrandcontinent.eu\/es\/2026\/08\/14\/gran-reemplazo\/#easy-footnote-bottom-53-108579' title='Sean Illing, \u00ab\u2018Flood the zone with shit\u00bb: How Misinformation Overwhelmed Our Democracy\u00bb, &lt;em&gt;Vox&lt;\/em&gt;, 6 de febrero de 2020.'><sup>53<\/sup><\/a><\/span><\/span><\/p>\n","protected":false},"excerpt":{"rendered":"<p>Desde la prosa de Renaud Camus hasta los organigramas del Estado trumpista, una fantasmagor\u00eda demogr\u00e1fica se ha convertido, en quince a\u00f1os, en una pol\u00edtica p\u00fablica. <\/p>\n","protected":false},"author":40,"featured_media":108606,"comment_status":"closed","ping_status":"closed","sticky":false,"template":"templates\/post-studies.php","format":"standard","meta":{"_acf_changed":true,"_trash_the_other_posts":false,"_yoast_wpseo_estimated-reading-time-minutes":26,"_lgc_tts_voice":"","_lgc_tts_publish":false,"_lgc_tts_history_item_id":"","_lgc_tts_generated_at":"","_lgc_tts_status":"","_lgc_tts_error":"","footnotes":""},"categories":[1530],"tags":[],"staff":[1357],"editorial_format":[1469],"serie":[],"audience":[],"geo":[198],"class_list":["post-108579","post","type-post","status-publish","format-standard","hentry","category-vocabulario-de-la-extrema-derecha-por-una-filologia-critica-de-nuestros-anos-veinte-politica","staff-sergi-soler-lopez","editorial_format-estudios","geo-mundo"],"acf":{"open_in_webview":false,"accent":"default","_thumbnail_id":108606,"excerpt":"Desde la prosa de Renaud Camus hasta los organigramas del Estado trumpista, una fantasmagor\u00eda demogr\u00e1fica se ha convertido, en quince a\u00f1os, en una pol\u00edtica p\u00fablica. ","display_date":"","new_abstract":true},"yoast_head":"<!-- This site is optimized with the Yoast SEO plugin v26.1.1 - https:\/\/yoast.com\/wordpress\/plugins\/seo\/ -->\n<title>Gran Reemplazo - El Grand Continent<\/title>\n<meta name=\"robots\" content=\"index, follow, max-snippet:-1, max-image-preview:large, max-video-preview:-1\" \/>\n<link rel=\"canonical\" href=\"https:\/\/legrandcontinent.eu\/es\/2026\/08\/14\/gran-reemplazo\/\" \/>\n<meta property=\"og:locale\" content=\"es_ES\" \/>\n<meta property=\"og:type\" content=\"article\" \/>\n<meta property=\"og:title\" content=\"Gran Reemplazo - El Grand Continent\" \/>\n<meta property=\"og:description\" content=\"Desde la prosa de Renaud Camus hasta los organigramas del Estado trumpista, una fantasmagor\u00eda demogr\u00e1fica se ha convertido, en quince a\u00f1os, en una pol\u00edtica p\u00fablica.\" \/>\n<meta property=\"og:url\" content=\"https:\/\/legrandcontinent.eu\/es\/2026\/08\/14\/gran-reemplazo\/\" \/>\n<meta property=\"og:site_name\" content=\"El Grand Continent\" \/>\n<meta property=\"article:published_time\" content=\"2026-08-14T14:34:24+00:00\" \/>\n<meta property=\"article:modified_time\" content=\"2026-08-14T14:34:30+00:00\" \/>\n<meta property=\"og:image\" content=\"https:\/\/legrandcontinent.eu\/es\/wp-content\/uploads\/sites\/6\/2026\/08\/grand-remplacement-ES-990x743.png\" \/>\n\t<meta property=\"og:image:width\" content=\"990\" \/>\n\t<meta property=\"og:image:height\" content=\"743\" \/>\n\t<meta property=\"og:image:type\" content=\"image\/png\" \/>\n<meta name=\"author\" content=\"Ramona Bloj\" \/>\n<meta name=\"twitter:card\" content=\"summary_large_image\" \/>\n<meta name=\"twitter:image\" content=\"https:\/\/legrandcontinent.eu\/es\/wp-content\/uploads\/sites\/6\/2026\/08\/grand-remplacement-ES.png\" \/>\n<meta name=\"twitter:label1\" content=\"Escrito por\" \/>\n\t<meta name=\"twitter:data1\" content=\"Ramona Bloj\" \/>\n\t<meta name=\"twitter:label2\" content=\"Tiempo de lectura\" \/>\n\t<meta name=\"twitter:data2\" content=\"26 minutos\" \/>\n<script type=\"application\/ld+json\" class=\"yoast-schema-graph\">{\"@context\":\"https:\/\/schema.org\",\"@graph\":[{\"@type\":\"WebPage\",\"@id\":\"https:\/\/legrandcontinent.eu\/es\/2026\/08\/14\/gran-reemplazo\/\",\"url\":\"https:\/\/legrandcontinent.eu\/es\/2026\/08\/14\/gran-reemplazo\/\",\"name\":\"Gran Reemplazo - El Grand Continent\",\"isPartOf\":{\"@id\":\"https:\/\/legrandcontinent.eu\/es\/#website\"},\"primaryImageOfPage\":{\"@id\":\"https:\/\/legrandcontinent.eu\/es\/2026\/08\/14\/gran-reemplazo\/#primaryimage\"},\"image\":{\"@id\":\"https:\/\/legrandcontinent.eu\/es\/2026\/08\/14\/gran-reemplazo\/#primaryimage\"},\"thumbnailUrl\":\"https:\/\/legrandcontinent.eu\/es\/wp-content\/uploads\/sites\/6\/2026\/08\/grand-remplacement-ES.png\",\"datePublished\":\"2026-08-14T14:34:24+00:00\",\"dateModified\":\"2026-08-14T14:34:30+00:00\",\"author\":{\"@id\":\"https:\/\/legrandcontinent.eu\/es\/#\/schema\/person\/bee86896b403754f76b6b1515ff0b697\"},\"breadcrumb\":{\"@id\":\"https:\/\/legrandcontinent.eu\/es\/2026\/08\/14\/gran-reemplazo\/#breadcrumb\"},\"inLanguage\":\"es\",\"potentialAction\":[{\"@type\":\"ReadAction\",\"target\":[\"https:\/\/legrandcontinent.eu\/es\/2026\/08\/14\/gran-reemplazo\/\"]}]},{\"@type\":\"ImageObject\",\"inLanguage\":\"es\",\"@id\":\"https:\/\/legrandcontinent.eu\/es\/2026\/08\/14\/gran-reemplazo\/#primaryimage\",\"url\":\"https:\/\/legrandcontinent.eu\/es\/wp-content\/uploads\/sites\/6\/2026\/08\/grand-remplacement-ES.png\",\"contentUrl\":\"https:\/\/legrandcontinent.eu\/es\/wp-content\/uploads\/sites\/6\/2026\/08\/grand-remplacement-ES.png\",\"width\":1920,\"height\":1440},{\"@type\":\"BreadcrumbList\",\"@id\":\"https:\/\/legrandcontinent.eu\/es\/2026\/08\/14\/gran-reemplazo\/#breadcrumb\",\"itemListElement\":[{\"@type\":\"ListItem\",\"position\":1,\"name\":\"Home\",\"item\":\"https:\/\/legrandcontinent.eu\/es\/\"},{\"@type\":\"ListItem\",\"position\":2,\"name\":\"Gran Reemplazo\"}]},{\"@type\":\"WebSite\",\"@id\":\"https:\/\/legrandcontinent.eu\/es\/#website\",\"url\":\"https:\/\/legrandcontinent.eu\/es\/\",\"name\":\"El Grand Continent\",\"description\":\"La escala pertinente\",\"potentialAction\":[{\"@type\":\"SearchAction\",\"target\":{\"@type\":\"EntryPoint\",\"urlTemplate\":\"https:\/\/legrandcontinent.eu\/es\/?s={search_term_string}\"},\"query-input\":{\"@type\":\"PropertyValueSpecification\",\"valueRequired\":true,\"valueName\":\"search_term_string\"}}],\"inLanguage\":\"es\"},{\"@type\":\"Person\",\"@id\":\"https:\/\/legrandcontinent.eu\/es\/#\/schema\/person\/bee86896b403754f76b6b1515ff0b697\",\"name\":\"Ramona Bloj\",\"image\":{\"@type\":\"ImageObject\",\"inLanguage\":\"es\",\"@id\":\"https:\/\/legrandcontinent.eu\/es\/#\/schema\/person\/image\/\",\"url\":\"https:\/\/secure.gravatar.com\/avatar\/c1d91adb7c4c1eed266b81c0f9915707?s=96&d=mm&r=g\",\"contentUrl\":\"https:\/\/secure.gravatar.com\/avatar\/c1d91adb7c4c1eed266b81c0f9915707?s=96&d=mm&r=g\",\"caption\":\"Ramona Bloj\"}}]}<\/script>\n<!-- \/ Yoast SEO plugin. -->","yoast_head_json":{"title":"Gran Reemplazo - El Grand Continent","robots":{"index":"index","follow":"follow","max-snippet":"max-snippet:-1","max-image-preview":"max-image-preview:large","max-video-preview":"max-video-preview:-1"},"canonical":"https:\/\/legrandcontinent.eu\/es\/2026\/08\/14\/gran-reemplazo\/","og_locale":"es_ES","og_type":"article","og_title":"Gran Reemplazo - El Grand Continent","og_description":"Desde la prosa de Renaud Camus hasta los organigramas del Estado trumpista, una fantasmagor\u00eda demogr\u00e1fica se ha convertido, en quince a\u00f1os, en una pol\u00edtica p\u00fablica.","og_url":"https:\/\/legrandcontinent.eu\/es\/2026\/08\/14\/gran-reemplazo\/","og_site_name":"El Grand Continent","article_published_time":"2026-08-14T14:34:24+00:00","article_modified_time":"2026-08-14T14:34:30+00:00","og_image":[{"width":990,"height":743,"url":"https:\/\/legrandcontinent.eu\/es\/wp-content\/uploads\/sites\/6\/2026\/08\/grand-remplacement-ES-990x743.png","type":"image\/png"}],"author":"Ramona Bloj","twitter_card":"summary_large_image","twitter_image":"https:\/\/legrandcontinent.eu\/es\/wp-content\/uploads\/sites\/6\/2026\/08\/grand-remplacement-ES.png","twitter_misc":{"Escrito por":"Ramona Bloj","Tiempo de lectura":"26 minutos"},"schema":{"@context":"https:\/\/schema.org","@graph":[{"@type":"WebPage","@id":"https:\/\/legrandcontinent.eu\/es\/2026\/08\/14\/gran-reemplazo\/","url":"https:\/\/legrandcontinent.eu\/es\/2026\/08\/14\/gran-reemplazo\/","name":"Gran Reemplazo - El Grand Continent","isPartOf":{"@id":"https:\/\/legrandcontinent.eu\/es\/#website"},"primaryImageOfPage":{"@id":"https:\/\/legrandcontinent.eu\/es\/2026\/08\/14\/gran-reemplazo\/#primaryimage"},"image":{"@id":"https:\/\/legrandcontinent.eu\/es\/2026\/08\/14\/gran-reemplazo\/#primaryimage"},"thumbnailUrl":"https:\/\/legrandcontinent.eu\/es\/wp-content\/uploads\/sites\/6\/2026\/08\/grand-remplacement-ES.png","datePublished":"2026-08-14T14:34:24+00:00","dateModified":"2026-08-14T14:34:30+00:00","author":{"@id":"https:\/\/legrandcontinent.eu\/es\/#\/schema\/person\/bee86896b403754f76b6b1515ff0b697"},"breadcrumb":{"@id":"https:\/\/legrandcontinent.eu\/es\/2026\/08\/14\/gran-reemplazo\/#breadcrumb"},"inLanguage":"es","potentialAction":[{"@type":"ReadAction","target":["https:\/\/legrandcontinent.eu\/es\/2026\/08\/14\/gran-reemplazo\/"]}]},{"@type":"ImageObject","inLanguage":"es","@id":"https:\/\/legrandcontinent.eu\/es\/2026\/08\/14\/gran-reemplazo\/#primaryimage","url":"https:\/\/legrandcontinent.eu\/es\/wp-content\/uploads\/sites\/6\/2026\/08\/grand-remplacement-ES.png","contentUrl":"https:\/\/legrandcontinent.eu\/es\/wp-content\/uploads\/sites\/6\/2026\/08\/grand-remplacement-ES.png","width":1920,"height":1440},{"@type":"BreadcrumbList","@id":"https:\/\/legrandcontinent.eu\/es\/2026\/08\/14\/gran-reemplazo\/#breadcrumb","itemListElement":[{"@type":"ListItem","position":1,"name":"Home","item":"https:\/\/legrandcontinent.eu\/es\/"},{"@type":"ListItem","position":2,"name":"Gran Reemplazo"}]},{"@type":"WebSite","@id":"https:\/\/legrandcontinent.eu\/es\/#website","url":"https:\/\/legrandcontinent.eu\/es\/","name":"El Grand Continent","description":"La escala pertinente","potentialAction":[{"@type":"SearchAction","target":{"@type":"EntryPoint","urlTemplate":"https:\/\/legrandcontinent.eu\/es\/?s={search_term_string}"},"query-input":{"@type":"PropertyValueSpecification","valueRequired":true,"valueName":"search_term_string"}}],"inLanguage":"es"},{"@type":"Person","@id":"https:\/\/legrandcontinent.eu\/es\/#\/schema\/person\/bee86896b403754f76b6b1515ff0b697","name":"Ramona Bloj","image":{"@type":"ImageObject","inLanguage":"es","@id":"https:\/\/legrandcontinent.eu\/es\/#\/schema\/person\/image\/","url":"https:\/\/secure.gravatar.com\/avatar\/c1d91adb7c4c1eed266b81c0f9915707?s=96&d=mm&r=g","contentUrl":"https:\/\/secure.gravatar.com\/avatar\/c1d91adb7c4c1eed266b81c0f9915707?s=96&d=mm&r=g","caption":"Ramona Bloj"}}]}},"lgc_categories":[{"id":1530,"name":"Vocabulario de la extrema derecha: por una filolog\u00eda cr\u00edtica de nuestros a\u00f1os Veinte","slug":"vocabulario-de-la-extrema-derecha-por-una-filologia-critica-de-nuestros-anos-veinte-politica"}],"lgc_author":{"id":1357,"name":"Sergi Soler L\u00f3pez","slug":"sergi-soler-lopez","description":"Sergi Soler L\u00f3pez es investigador predoctoral - ARENAS Horizon Europe, en el Departamento de Historia Moderna y Contempor\u00e1nea de la Universidad Aut\u00f3noma de Barcelona.\r\n","first_name":"Sergi ","last_name":"Soler L\u00f3pez","picture":{"url":"https:\/\/legrandcontinent.eu\/es\/wp-content\/uploads\/sites\/2\/2025\/12\/Capture-decran-2025-12-19-a-6.06.09\u202fPM.png","width":522,"height":536,"alt":""}},"feature_image_summary":{"url":"https:\/\/legrandcontinent.eu\/es\/wp-content\/uploads\/sites\/6\/2026\/08\/grand-remplacement-ES.png","width":1920,"height":1440,"alt":""},"feature_image_cover":{"url":"https:\/\/legrandcontinent.eu\/es\/wp-content\/uploads\/sites\/6\/2026\/08\/grand-remplacement-ES.png","width":1920,"height":1440,"alt":""},"term_position_data":null,"_links":{"self":[{"href":"https:\/\/legrandcontinent.eu\/es\/wp-json\/wp\/v2\/posts\/108579","targetHints":{"allow":["GET"]}}],"collection":[{"href":"https:\/\/legrandcontinent.eu\/es\/wp-json\/wp\/v2\/posts"}],"about":[{"href":"https:\/\/legrandcontinent.eu\/es\/wp-json\/wp\/v2\/types\/post"}],"author":[{"embeddable":true,"href":"https:\/\/legrandcontinent.eu\/es\/wp-json\/wp\/v2\/users\/40"}],"replies":[{"embeddable":true,"href":"https:\/\/legrandcontinent.eu\/es\/wp-json\/wp\/v2\/comments?post=108579"}],"version-history":[{"count":19,"href":"https:\/\/legrandcontinent.eu\/es\/wp-json\/wp\/v2\/posts\/108579\/revisions"}],"predecessor-version":[{"id":108614,"href":"https:\/\/legrandcontinent.eu\/es\/wp-json\/wp\/v2\/posts\/108579\/revisions\/108614"}],"wp:featuredmedia":[{"embeddable":true,"href":"https:\/\/legrandcontinent.eu\/es\/wp-json\/wp\/v2\/media\/108606"}],"wp:attachment":[{"href":"https:\/\/legrandcontinent.eu\/es\/wp-json\/wp\/v2\/media?parent=108579"}],"wp:term":[{"taxonomy":"category","embeddable":true,"href":"https:\/\/legrandcontinent.eu\/es\/wp-json\/wp\/v2\/categories?post=108579"},{"taxonomy":"post_tag","embeddable":true,"href":"https:\/\/legrandcontinent.eu\/es\/wp-json\/wp\/v2\/tags?post=108579"},{"taxonomy":"staff","embeddable":true,"href":"https:\/\/legrandcontinent.eu\/es\/wp-json\/wp\/v2\/staff?post=108579"},{"taxonomy":"editorial_format","embeddable":true,"href":"https:\/\/legrandcontinent.eu\/es\/wp-json\/wp\/v2\/editorial_format?post=108579"},{"taxonomy":"serie","embeddable":true,"href":"https:\/\/legrandcontinent.eu\/es\/wp-json\/wp\/v2\/serie?post=108579"},{"taxonomy":"audience","embeddable":true,"href":"https:\/\/legrandcontinent.eu\/es\/wp-json\/wp\/v2\/audience?post=108579"},{"taxonomy":"geo","embeddable":true,"href":"https:\/\/legrandcontinent.eu\/es\/wp-json\/wp\/v2\/geo?post=108579"}],"curies":[{"name":"wp","href":"https:\/\/api.w.org\/{rel}","templated":true}]}}