{"id":108454,"date":"2026-08-13T17:14:54","date_gmt":"2026-08-13T15:14:54","guid":{"rendered":"https:\/\/legrandcontinent.eu\/es\/?p=108454"},"modified":"2026-08-13T17:36:54","modified_gmt":"2026-08-13T15:36:54","slug":"por-que-no-hemos-entendido-la-ley-ia","status":"publish","type":"post","link":"https:\/\/legrandcontinent.eu\/es\/2026\/08\/13\/por-que-no-hemos-entendido-la-ley-ia\/","title":{"rendered":"Por qu\u00e9 a\u00fan no hemos entendido bien la Ley de IA"},"content":{"rendered":"\n<p class=\"has-drop-cap\">La Ley de IA no es ni una locura de Bruselas ni una intuici\u00f3n acertada.&nbsp;<span class='whitespace-nowrap'><span id='easy-footnote-1-108454' class='easy-footnote-margin-adjust'><\/span><span class='easy-footnote note-digits-1'><a href='https:\/\/legrandcontinent.eu\/es\/2026\/08\/13\/por-que-no-hemos-entendido-la-ley-ia\/#easy-footnote-bottom-1-108454' title='De conformidad con el art\u00edculo 50 de la Ley de IA, que entr\u00f3 en vigor el 2 de agosto de 2026, este art\u00edculo est\u00e1 firmado por su autor y publicado bajo la supervisi\u00f3n editorial del director de la revista, quienes asumen conjuntamente la plena responsabilidad intelectual del mismo, independientemente de las herramientas que hayan contribuido a su elaboraci\u00f3n.'><sup>1<\/sup><\/a><\/span><\/span> Se inscribe en la larga historia de la revoluci\u00f3n de la informaci\u00f3n, que se remonta a 1945. La inteligencia artificial no supone una ruptura, sino el cuarto pilar esperado, preparado y anticipado de esta transformaci\u00f3n radical.&nbsp;<\/p>\n\n\n\n<h2 class=\"wp-block-heading\">Una evoluci\u00f3n, no una revoluci\u00f3n&nbsp;<\/h2>\n\n\n\n<p>El primer pilar es el ordenador: el ENIAC, terminado en 1945 para calcular las tablas de tiro de artiller\u00eda del ej\u00e9rcito estadounidense y cuya primera gran labor fue precisamente el estudio de viabilidad del arma termonuclear, y posteriormente los grandes ordenadores que le siguieron. El segundo, hacia 1970, es el minordenador, que saca la inform\u00e1tica del centro de c\u00e1lculo para difundirla por la empresa, el laboratorio y la universidad. El tercero, hacia 1995, fue el ordenador personal conectado, Internet, la Web y, sobre todo, como consecuencia de ello, la acumulaci\u00f3n, durante 25 a\u00f1os, del primer patrimonio informativo mundial de la humanidad: nuestros datos personales, los de nuestras empresas, nuestras administraciones y el conocimiento cient\u00edfico. El cuarto pilar, cuya entrada operativa marca, desde 2022, la IA generativa, es la explotaci\u00f3n a gran escala de este patrimonio: buscar en estos datos acumulados los patrones, el conocimiento y las regularidades que permitan anticipar soluciones a los problemas presentes y futuros.<\/p>\n\n\n\n\n<div class=\"double-picture my-12 lg:my-20\" \n    data-images-sizes=\"half\"\n    data-same-height=\"true\"\n    data-reference-image=\"left\"\n>    <!-- Images -->\n    <div class=\"lg:flex\">\n        <div class=\"relative lg:pr-2 mb-7 lg:mb-0 lg:w-1\/2\">\n                            <a \n                    href=\"#\"\n                    data-pswp-src=\"https:\/\/legrandcontinent.eu\/es\/wp-content\/uploads\/sites\/2\/2026\/08\/RenaissanceDreams__00005-copy-1601x2400-1.jpg\" \n                    class=\"gallery-item no-underline  \" \n                    data-pswp-width=\"1601\" \n                    data-pswp-height=\"2400\"\n                >\n                    <figure class=\"wp-block-image h-full -mx-2 lg:mx-0 !my-0\">\n                        <picture class=\"block h-full\">\n                            <img decoding=\"async\" src=\"https:\/\/legrandcontinent.eu\/es\/wp-content\/uploads\/sites\/2\/2026\/08\/RenaissanceDreams__00005-copy-1601x2400-1.jpg\" alt=\"En esta obra de Refik Anadol, una inteligencia artificial entrenada con el patrimonio visual del Renacimiento hace surgir formas in\u00e9ditas en una de las obras maestras de la arquitectura civil florentina. Foto: Renaissance Dreams \u2014 Palazzo Strozzi, Refik Anadol Studio\" >\n                        <\/picture>\n                        <figcaption class=\"lg:hidden pswp-caption-content\">En esta obra de Refik Anadol, una inteligencia artificial entrenada con el patrimonio visual del Renacimiento hace surgir formas in\u00e9ditas en una de las obras maestras de la arquitectura civil florentina. Foto: Renaissance Dreams \u2014 Palazzo Strozzi, Refik Anadol Studio<\/figcaption>                    <\/figure>\n                <\/a>\n                    \n        <\/div>\n        <div class=\"relative lg:pl-2 lg:w-1\/2\">\n                            <a\n                    href=\"#\"\n                    data-pswp-src=\"https:\/\/legrandcontinent.eu\/es\/wp-content\/uploads\/sites\/2\/2026\/08\/RenaissanceDreams__00004-copy-1601x2400-1.jpg\" \n                    class=\"gallery-item no-underline  lg:!absolute lg:h-full lg:right-0 lg:left-2 overflow-hidden\" \n                    data-pswp-width=\"1601\" \n                    data-pswp-height=\"2400\"\n                >\n                    <figure class=\"wp-block-image h-full -mx-2 lg:mx-0 !my-0\">\n                        <picture class=\"block h-full\">\n                            <img decoding=\"async\" src=\"https:\/\/legrandcontinent.eu\/es\/wp-content\/uploads\/sites\/2\/2026\/08\/RenaissanceDreams__00004-copy-1601x2400-1.jpg\" alt=\"\u00abEsta creaci\u00f3n, que consiste en encontrar nuevas formas en los datos acumulados, es lo que la Ley de IA quiere que surja, y sobre todo no impedir, ya que se trata de regular la m\u00e1quina para liberar al ser humano\u00bb. Foto: Renaissance Dreams \u2014 Palazzo Strozzi, Refik Anadol Studio\" class=\"lg:!h-full object-cover\">\n                        <\/picture>\n                        <figcaption class=\"lg:hidden pswp-caption-content\">\u00abEsta creaci\u00f3n, que consiste en encontrar nuevas formas en los datos acumulados, es lo que la Ley de IA quiere que surja, y sobre todo no impedir, ya que se trata de regular la m\u00e1quina para liberar al ser humano\u00bb. Foto: Renaissance Dreams \u2014 Palazzo Strozzi, Refik Anadol Studio<\/figcaption>                    <\/figure>\n                <\/a>\n                    <\/div>\n    <\/div>\n    <!-- Captions -->\n    <div class=\"hidden lg:flex\">\n        <div class=\"relative lg:pr-2 mb-7 lg:mb-0 lg:w-1\/2\">\n                            <figure class=\"wp-block-image -mx-2 lg:mx-0 !my-0\">\n                    <figcaption>En esta obra de Refik Anadol, una inteligencia artificial entrenada con el patrimonio visual del Renacimiento hace surgir formas in\u00e9ditas en una de las obras maestras de la arquitectura civil florentina. Foto: Renaissance Dreams \u2014 Palazzo Strozzi, Refik Anadol Studio<\/figcaption>                <\/figure>\n                    \n        <\/div>\n        <div class=\"relative lg:pl-2 lg:w-1\/2\">\n                            <figure class=\"wp-block-image -mx-2 lg:mx-0 !my-0\">   \n                    <figcaption>\u00abEsta creaci\u00f3n, que consiste en encontrar nuevas formas en los datos acumulados, es lo que la Ley de IA quiere que surja, y sobre todo no impedir, ya que se trata de regular la m\u00e1quina para liberar al ser humano\u00bb. Foto: Renaissance Dreams \u2014 Palazzo Strozzi, Refik Anadol Studio<\/figcaption>                <\/figure>\n                    <\/div>\n    <\/div>\n<\/div>\n\n\n\n<p>Este cuarto pilar bien podr\u00eda ser el \u00faltimo de la revoluci\u00f3n de la informaci\u00f3n. No supone en absoluto una sorpresa, sino que es la consecuencia l\u00f3gica de los tres anteriores. Con este esp\u00edritu \u2014el de una evoluci\u00f3n esperada y no de una revoluci\u00f3n impredecible\u2014 se ha concebido la Ley de IA. Se basa en una arquitectura piramidal clara: se proh\u00edbe lo que es manifiestamente contrario a la dignidad humana (calificaci\u00f3n social, manipulaci\u00f3n subliminal, reconocimiento de emociones en la escuela o en el trabajo); se regula estrictamente todo lo que afecta a las libertades fundamentales (biometr\u00eda, educaci\u00f3n, empleo, justicia, servicios esenciales); se impone la transparencia all\u00ed donde la ilusi\u00f3n amenaza la verdad p\u00fablica (chatbots, deepfakes, contenidos sint\u00e9ticos); y se deja libre el resto, es decir, la inmensa mayor\u00eda de los usos.<\/p>\n\n\n\n<h2 class=\"wp-block-heading\">Cuatro a\u00f1os de gestaci\u00f3n<\/h2>\n\n\n\n<p>El trabajo preparatorio dur\u00f3 cuatro a\u00f1os, de 2020 a 2024. La ronda final de negociaciones tripartitas concluy\u00f3 en 36 horas en Bruselas, durante la noche del 8 al 9 de diciembre de 2023. Esas 36 horas coronaron un trabajo de previsi\u00f3n de una intensidad poco com\u00fan: cientos de audiencias, decenas de investigadores movilizados, di\u00e1logos t\u00e9cnicos con los proveedores de modelos, intercambios con los gobiernos interesados, las autoridades sectoriales, los industriales, el mundo acad\u00e9mico, los creadores, los sindicatos y las ONG.<\/p>\n\n\n\n<p>Aprobado por el Parlamento Europeo el 13 de marzo de 2024 con 523 votos a favor, 46 en contra y 49 abstenciones, lo que supone cerca del 85 % de los votos emitidos, de todas las formaciones pol\u00edticas, desde la derecha hasta la izquierda, pasando por los liberales, los Verdes y hasta los 17 diputados de Rassemblement National; solo los diputados de La France Insoumise votaron en contra. El 21 de mayo de 2024, obtuvo la unanimidad de los 27 Estados miembros en el Consejo. Ning\u00fan texto de regulaci\u00f3n tecnol\u00f3gica ha logrado jam\u00e1s, en ninguna democracia del mundo, un consenso tan amplio entre sus colegisladores.<\/p>\n\n\n\n\n\n<figure class=\"wp-block-image wp-block-image-large\"\n    data-shadow=\"false\"\n    data-use-original-file=\"false\">\n    <a\n        data-pswp-src=\"https:\/\/legrandcontinent.eu\/es\/wp-content\/uploads\/sites\/2\/2026\/08\/RenaissanceDreams__00003-copy-1601x2400-1.jpg\"\n        class=\"inline-block gallery-item no-underline \"\n        data-pswp-width=\"1601\"\n        data-pswp-height=\"2400\">\n                                        <picture>\r\n                    <source\r\n                srcset=\"https:\/\/legrandcontinent.eu\/es\/wp-content\/uploads\/sites\/2\/2026\/08\/RenaissanceDreams__00003-copy-1601x2400-1-330x495.jpg\"\r\n                media=\"(max-width: 374px)\" \/>\r\n                    <source\r\n                srcset=\"https:\/\/legrandcontinent.eu\/es\/wp-content\/uploads\/sites\/2\/2026\/08\/RenaissanceDreams__00003-copy-1601x2400-1-690x1034.jpg\"\r\n                media=\"(max-width: 989px)\" \/>\r\n                    <source\r\n                srcset=\"https:\/\/legrandcontinent.eu\/es\/wp-content\/uploads\/sites\/2\/2026\/08\/RenaissanceDreams__00003-copy-1601x2400-1-1340x2009.jpg\"\r\n                media=\"(min-width: 990px)\" \/>\r\n                <img decoding=\"async\" src=\"https:\/\/legrandcontinent.eu\/es\/wp-content\/uploads\/sites\/2\/2026\/08\/RenaissanceDreams__00003-copy-1601x2400-1-125x187.jpg\" \/>\r\n        <\/picture>\r\n                            \n                    <figcaption class=\"pswp-caption-content \">\u00abNinguna normativa tecnol\u00f3gica ha logrado jam\u00e1s, en ninguna democracia del mundo, un consenso tan amplio\u00bb. Foto: Renaissance Dreams \u2014 Palazzo Strozzi, Refik Anadol Studio<\/figcaption>\n            <\/a>\n<\/figure>\n\n\n<p>Seg\u00fan el calendario inicial, el 2 de agosto de 2026 deb\u00eda entrar en vigor la normativa relativa a los sistemas de alto riesgo. La batalla librada durante los \u00faltimos 18 meses ha decidido lo contrario. Una alianza formada por grupos de presi\u00f3n estadounidenses, algunos empresarios europeos y varias capitales, entre ellas Par\u00eds, ha ejercido una presi\u00f3n directa para intentar debilitar las obligaciones aplicables a los modelos de base. El 29 de junio de 2026, el Consejo aprob\u00f3 definitivamente un conjunto de enmiendas rectificativas: el nuevo \u00abDigital Omnibus on AI\u00bb. De este modo, las obligaciones del anexo III se aplazan hasta el 2 de diciembre de 2027 y las del anexo I hasta el 2 de agosto de 2028. Todav\u00eda nos preguntamos por qu\u00e9 se han hecho tales concesiones a los gigantes estadounidenses, dos a\u00f1os despu\u00e9s de haber votado estas normas por unanimidad.<\/p>\n\n\n\n<p>Este aplazamiento supone un paso atr\u00e1s. Pero lo que s\u00ed entrar\u00e1 en vigor el 2 de agosto de 2026 es, de todos modos, significativo, aunque sea en otro \u00e1mbito. Hay que evaluarlo con precisi\u00f3n antes de saber qu\u00e9 es lo que tenemos que defender en general.<\/p>\n\n\n\n<h2 class=\"wp-block-heading\">El art\u00edculo 50 no es el n\u00facleo de la Ley de Inteligencia Artificial<\/h2>\n\n\n\n<p>Tras haber aplicado este reglamento durante cuatro a\u00f1os, considero conveniente aportar las siguientes aclaraciones.<\/p>\n\n\n\n<div class=\"iframe-container wp-block-image wp-block-image-medium  iframe-dw\">\n\t<div>\n\t\t<iframe class=\"absolute w-full h-full pin-t pin-l\" title=\"titolo\" aria-label=\"Interactive line chart\" src=\"\/\/datawrapper.dwcdn.net\/RLZ9h\/\" scrolling=\"no\" frameborder=\"0\"><\/iframe>\n\t<\/div>\n<\/div>\n\n\n\n<p>El art\u00edculo 50, que ya ha entrado en vigor, acapara ahora toda la atenci\u00f3n. Es \u00fatil, incluso esencial: protege el espacio informativo de la desinformaci\u00f3n e impide que los chatbots opacos, los deepfakes y los textos sint\u00e9ticos se hagan pasar por palabras humanas.&nbsp;<\/p>\n\n\n\n<p>Pero el n\u00facleo de la Ley de IA reside m\u00e1s bien en las prohibiciones absolutas previstas en el art\u00edculo 5 y en la regulaci\u00f3n de los sistemas de alto riesgo. El objetivo es proteger a las personas frente a las aplicaciones m\u00e1s peligrosas de la IA, como las decisiones relativas a la admisi\u00f3n, el cr\u00e9dito, la contrataci\u00f3n, la asistencia sanitaria, la polic\u00eda o la justicia. Tambi\u00e9n pretende proteger a los titulares de derechos, creadores, artistas, escritores, compositores y cient\u00edficos, cuyo patrimonio intelectual constituye la materia prima de los grandes modelos. Esta es la raz\u00f3n por la que se ha concebido, votado y adoptado este reglamento, y tambi\u00e9n la raz\u00f3n por la que se denomina \u00abAI Act\u00bb y no \u00abReglamento sobre la transparencia de los contenidos generados por los grandes modelos de lenguaje (LLM)\u00bb.<\/p>\n\n\n\n<p>Al contrario de lo que podr\u00eda pensarse al leer el reglamento general, la Ley de IA no se ha concebido para resolver los problemas de plagio, que son competencia de otros \u00e1mbitos (derechos de autor, propiedad intelectual, deontolog\u00eda universitaria y editorial). Confundirla con una herramienta antiplagio ser\u00eda, por tanto, un doble error: tanto en cuanto al texto como a la finalidad.<\/p>\n\n\n\n<p>El aplazamiento de dos a\u00f1os conseguido con el \u00abDigital Omnibus\u00bb es una desviaci\u00f3n. No se trata solo de un plazo administrativo, sino de un desplazamiento del centro de gravedad del texto. Al dejar que el art\u00edculo 50 sea la \u00fanica cara visible de la Ley de IA, mientras que las disposiciones relativas a la protecci\u00f3n frente a los riesgos y a la protecci\u00f3n de los titulares de derechos no se aplicar\u00e1n hasta 2027-2028, la Comisi\u00f3n \u2014por debilidad, por ceder a la presi\u00f3n estadounidense\u2014 pone de relieve lo secundario y oculta lo esencial, reduciendo una normativa de civilizaci\u00f3n a una mera normativa de marcado.<\/p>\n\n\n\n\n\n<figure class=\"wp-block-image wp-block-image-full\"\n    data-shadow=\"false\"\n    data-use-original-file=\"false\">\n    <a\n        data-pswp-src=\"https:\/\/legrandcontinent.eu\/es\/wp-content\/uploads\/sites\/2\/2026\/08\/RD-Wide-2400x1349-1.jpg\"\n        class=\"inline-block gallery-item no-underline \"\n        data-pswp-width=\"2400\"\n        data-pswp-height=\"1349\">\n                                        <picture>\r\n                    <source\r\n                srcset=\"https:\/\/legrandcontinent.eu\/es\/wp-content\/uploads\/sites\/2\/2026\/08\/RD-Wide-2400x1349-1-330x185.jpg\"\r\n                media=\"(max-width:  330px)\" \/>\r\n                    <source\r\n                srcset=\"https:\/\/legrandcontinent.eu\/es\/wp-content\/uploads\/sites\/2\/2026\/08\/RD-Wide-2400x1349-1-690x388.jpg\"\r\n                media=\"(max-width:  690px)\" \/>\r\n                    <source\r\n                srcset=\"https:\/\/legrandcontinent.eu\/es\/wp-content\/uploads\/sites\/2\/2026\/08\/RD-Wide-2400x1349-1-990x556.jpg\"\r\n                media=\"(max-width:  990px)\" \/>\r\n                    <source\r\n                srcset=\"https:\/\/legrandcontinent.eu\/es\/wp-content\/uploads\/sites\/2\/2026\/08\/RD-Wide-2400x1349-1-1340x753.jpg\"\r\n                media=\"(max-width: 1340px)\" \/>\r\n                    <source\r\n                srcset=\"https:\/\/legrandcontinent.eu\/es\/wp-content\/uploads\/sites\/2\/2026\/08\/RD-Wide-2400x1349-1-1600x899.jpg\"\r\n                media=\"(max-width: 1600px)\" \/>\r\n                    <source\r\n                srcset=\"https:\/\/legrandcontinent.eu\/es\/wp-content\/uploads\/sites\/2\/2026\/08\/RD-Wide-2400x1349-1-1920x1079.jpg\"\r\n                media=\"(min-width: 1601px)\" \/>\r\n                <img decoding=\"async\" src=\"https:\/\/legrandcontinent.eu\/es\/wp-content\/uploads\/sites\/2\/2026\/08\/RD-Wide-2400x1349-1-125x70.jpg\" \/>\r\n        <\/picture>\r\n                            \n                    <figcaption class=\"pswp-caption-content \">\u00abNo es la m\u00e1quina la que garantizar\u00e1 la veracidad del espacio informativo, sino la responsabilidad humana identificable\u00bb. Foto: Renaissance Dreams \u2014 Palazzo Strozzi, Refik Anadol Studio<\/figcaption>\n            <\/a>\n<\/figure>\n\n\n<p>El art\u00edculo 50 tambi\u00e9n tiene un l\u00edmite tecnol\u00f3gico. El marcado autom\u00e1tico de los textos (marcas de agua estad\u00edsticas, huellas criptogr\u00e1ficas, firmas) se puede eludir t\u00e9cnicamente. A partir de ma\u00f1ana, proliferar\u00e1n herramientas gratuitas que permiten borrar las marcas y servicios de reescritura de textos para eludir cualquier detecci\u00f3n. Esta batalla se perder\u00e1 si se recurre \u00fanicamente a la t\u00e9cnica. No es la m\u00e1quina la que garantizar\u00e1 la veracidad del espacio informativo, sino la responsabilidad humana identificable. Precisamente por esta raz\u00f3n se incluy\u00f3 la excepci\u00f3n editorial del art\u00edculo 50, apartado 4, no como una v\u00eda de escape, sino como el reconocimiento legal de lo \u00fanico que perdura: la deontolog\u00eda profesional, que debe prevalecer.&nbsp;<\/p>\n\n\n\n<p>El abogado, el arquitecto, el banquero de negocios, el m\u00e9dico, el notario, el profesor, el redactor en jefe, el director de la publicaci\u00f3n y el periodista se rigen, en primer lugar, por su colegio profesional, sus estatutos, su c\u00f3digo y su propia legislaci\u00f3n: deontolog\u00eda m\u00e9dica, juramento hipocr\u00e1tico, ley de Vent\u00f4se para los notarios, colegio de arquitectos y responsabilidad decenal, obligaci\u00f3n de asesoramiento, autoridad pedag\u00f3gica y libertad acad\u00e9mica, ley de 1881, responsabilidad editorial. En todas estas profesiones de alt\u00edsimo valor a\u00f1adido intelectual, en las que la deontolog\u00eda es una garant\u00eda indispensable, la m\u00e1quina es una herramienta; la responsabilidad, por su parte, sigue siendo humana, plena, \u00edntegra y personal.<\/p>\n\n\n\n<p>Este punto es a\u00fan m\u00e1s importante si se tiene en cuenta que hay que animar a estas profesiones a utilizar la IA, ya que esta les permitir\u00e1 ser m\u00e1s eficaces, les ahorrar\u00e1 tiempo, mejorar\u00e1 sus servicios, su reflexi\u00f3n y su creatividad, y les abrir\u00e1 nuevas posibilidades de an\u00e1lisis. La Ley de IA nunca se concibi\u00f3 para impedir este uso. Se dise\u00f1\u00f3 para que se implantara de acuerdo con las normas deontol\u00f3gicas que cada profesi\u00f3n establecer\u00e1 por s\u00ed misma. Dejar que el art\u00edculo 50 acapare toda la atenci\u00f3n durante dos a\u00f1os, mientras que el n\u00facleo de la normativa queda relegado a un segundo plano, supone correr el riesgo de que la IA resulte malinterpretada a los ojos de nuestros conciudadanos incluso antes de que haya producido sus efectos reales.&nbsp;<\/p>\n\n\n\n<h2 class=\"wp-block-heading\">La informaci\u00f3n falsa del grupo de presi\u00f3n contra la Ley de IA<\/h2>\n\n\n\n<p>Este cambio de perspectiva no puede entenderse sin situarlo en un contexto m\u00e1s amplio, el que un grupo de presi\u00f3n lleva alimentando met\u00f3dicamente desde hace 18 meses para debilitar la Ley de IA en su conjunto. Seg\u00fan este discurso, la Ley de IA se habr\u00eda convertido en un yugo burocr\u00e1tico, una m\u00e1quina para acabar con la innovaci\u00f3n europea y un regalo para los gigantes estadounidenses, ya que ser\u00edamos los \u00fanicos en imponernos una regulaci\u00f3n. Este discurso se basa en cuatro afirmaciones que hay que desmentir:<\/p>\n\n\n\n<ul class=\"wp-block-list\">\n<li>En primer lugar, \u00abla Ley de IA ha frenado la innovaci\u00f3n europea\u00bb. Esta acusaci\u00f3n es absurda, ya que la Ley de IA entr\u00f3 en vigor hace solo diez d\u00edas. Por lo tanto, no ha podido frenar nada en la pr\u00e1ctica. Los grandes modelos fundamentales (GPT de OpenAI, Claude de Anthropic, Gemini de Google, DeepSeek, as\u00ed como Mistral en Europa) se desarrollaron todos entre 2020 y 2025, periodo durante el cual no era aplicable ninguna obligaci\u00f3n vinculante de la Ley de IA. Si Mistral no tiene el tama\u00f1o de OpenAI, no es culpa de la Comisi\u00f3n, sino de un mercado europeo de capitales fragmentado, de la aversi\u00f3n al riesgo y de la falta de financiaci\u00f3n sustancial para entrenar modelos al m\u00e1s alto nivel. Confundir estos dos elementos \u2014la regulaci\u00f3n y la falta de capital\u2014 es fruto, o bien de la mala fe, o bien de la incompetencia, o bien de un cabildeo posiblemente remunerado.<\/li>\n\n\n\n<li>Segundo, \u00abEuropa regula por s\u00ed sola y se penaliza a s\u00ed misma\u00bb. De hecho, Europa es la \u00fanica que cuenta con un marco horizontal vinculante adoptado democr\u00e1ticamente. Esa es precisamente su ventaja. En Estados Unidos, el decreto de Joe Biden del 30 de octubre de 2023 fue derogado por Donald Trump desde el 20 de enero de 2025. No existe ning\u00fan marco federal estadounidense equivalente. China cuenta con normativas sectoriales dispersas, orientadas al control pol\u00edtico de la poblaci\u00f3n y a la vigilancia masiva, y no a la protecci\u00f3n de los derechos individuales. Ninguna gran democracia concede hoy en d\u00eda a sus ciudadanos el derecho a obtener una explicaci\u00f3n de una decisi\u00f3n automatizada (art\u00edculo 86) ni el derecho a presentar una reclamaci\u00f3n general (art\u00edculo 85), como hacemos nosotros.<\/li>\n\n\n\n<li>Tercero, \u00ab<a href=\"https:\/\/legrandcontinent.eu\/es\/2024\/09\/09\/el-informe-draghi-la-fuerza-para-reformar\/\">el informe Draghi<\/a> pide que se abandone la Ley de IA\u00bb. El informe de septiembre de 2024 aboga por una inversi\u00f3n adicional de 300.000 millones de euros al a\u00f1o y por una mejor coordinaci\u00f3n normativa. En ning\u00fan momento recomienda el desmantelamiento de las garant\u00edas fundamentales. La instrumentalizaci\u00f3n que se ha hecho del mismo es una interpretaci\u00f3n err\u00f3nea.<\/li>\n\n\n\n<li>Por \u00faltimo, \u00abla Ley de IA es un nuevo RGPD que acabar\u00e1 con las empresas europeas, igual que el RGPD acab\u00f3 con ellas\u00bb. Contrariamente a la leyenda difundida desde Palo Alto, el RGPD no ha acabado con ninguna empresa europea. En realidad, ha impuesto la norma europea de protecci\u00f3n de datos al resto del mundo: las GAFAM, las empresas chinas, brasile\u00f1as, japonesas y coreanas se han adaptado a ella y, a menudo, la han adoptado para sus propios mercados. Ha creado un mercado europeo del cumplimiento normativo, ha formado a decenas de miles de delegados de protecci\u00f3n de datos y ha devuelto a los ciudadanos europeos el control y la soberan\u00eda, si as\u00ed lo desean, sobre sus datos y su patrimonio informativo, con un poder de recurso sin precedentes. Quienes hoy repiten casi palabra por palabra que el RGPD ser\u00eda un lastre para Europa hacen eco de un discurso construido al otro lado del Atl\u00e1ntico precisamente porque resulta inc\u00f3modo. La Ley de IA est\u00e1 llamada a correr la misma suerte como norma mundial. Por esta raz\u00f3n molesta, por las mismas consideraciones, a los mismos actores.<\/li>\n<\/ul>\n\n\n\n\n\n<figure class=\"wp-block-image wp-block-image-large\"\n    data-shadow=\"false\"\n    data-use-original-file=\"false\">\n    <a\n        data-pswp-src=\"https:\/\/legrandcontinent.eu\/es\/wp-content\/uploads\/sites\/2\/2026\/08\/RenaissanceDreams__00002-copy-1601x2400-1.jpg\"\n        class=\"inline-block gallery-item no-underline \"\n        data-pswp-width=\"1601\"\n        data-pswp-height=\"2400\">\n                                        <picture>\r\n                    <source\r\n                srcset=\"https:\/\/legrandcontinent.eu\/es\/wp-content\/uploads\/sites\/2\/2026\/08\/RenaissanceDreams__00002-copy-1601x2400-1-330x495.jpg\"\r\n                media=\"(max-width: 374px)\" \/>\r\n                    <source\r\n                srcset=\"https:\/\/legrandcontinent.eu\/es\/wp-content\/uploads\/sites\/2\/2026\/08\/RenaissanceDreams__00002-copy-1601x2400-1-690x1034.jpg\"\r\n                media=\"(max-width: 989px)\" \/>\r\n                    <source\r\n                srcset=\"https:\/\/legrandcontinent.eu\/es\/wp-content\/uploads\/sites\/2\/2026\/08\/RenaissanceDreams__00002-copy-1601x2400-1-1340x2009.jpg\"\r\n                media=\"(min-width: 990px)\" \/>\r\n                <img decoding=\"async\" src=\"https:\/\/legrandcontinent.eu\/es\/wp-content\/uploads\/sites\/2\/2026\/08\/RenaissanceDreams__00002-copy-1601x2400-1-125x187.jpg\" \/>\r\n        <\/picture>\r\n                            \n                    <figcaption class=\"pswp-caption-content \">\u00abEsta soberan\u00eda no se negocia, se ejerce\u00bb. Foto: Renaissance Dreams \u2014 Palazzo Strozzi, Refik Anadol Studio<\/figcaption>\n            <\/a>\n<\/figure>\n\n\n<p>A estas cuatro afirmaciones falsas que circulan en nuestros debates p\u00fablicos hay que a\u00f1adir dos argumentos que merecen ser refutados.&nbsp;<\/p>\n\n\n\n<p>El primero se resume en una frase: \u00abEs absurdo regular una tecnolog\u00eda que acaba de nacer y cuyos usos a\u00fan se desconocen\u00bb. Esta frase, tan a menudo repetida, revela una profunda incomprensi\u00f3n de la revoluci\u00f3n de la informaci\u00f3n. De hecho, la IA generativa no es una tecnolog\u00eda surgida de la nada. Aprovecha un patrimonio informativo compuesto por datos que tienen un origen, un contexto, un propietario y una intenci\u00f3n inicial. Los derechos de autor de los artistas y escritores, los datos sanitarios de los pacientes, los archivos de los medios de comunicaci\u00f3n, las publicaciones cient\u00edficas, las im\u00e1genes de nuestros rostros: todo ello ten\u00eda un estatus. Regular la IA significa, ante todo, establecer las normas para la reutilizaci\u00f3n de este patrimonio colectivo. No se trata de regular lo desconocido, sino de proteger lo conocido.<\/p>\n\n\n\n<p>El segundo argumento tambi\u00e9n se resume en una frase, repetida con una constancia que inspira admiraci\u00f3n. \u00abLa costumbre europea es regular antes de innovar. Hay que innovar antes de regular\u00bb. Durante el VivaTech, en junio de 2025, el presidente de la Rep\u00fablica Francesa hizo suyo este argumento: \u00abEl riesgo es regular cosas que ya no se har\u00e1n, que no se podr\u00e1n hacer\u00bb. Sin embargo, estas declaraciones se basan en el mismo malentendido.<\/p>\n\n\n\n<p>Esperar a que se establezcan los usos para regular una tecnolog\u00eda exponencial es regular cuando ya es demasiado tarde. Ese es el error que se cometi\u00f3 con las redes sociales, al no contar con una Ley de Seguridad Digital (DSA) diez a\u00f1os antes, y hoy pagamos el precio, tanto en <a href=\"https:\/\/legrandcontinent.eu\/es\/2026\/08\/05\/tras-la-crisis-de-ceuta-europa-debe-proteger-sus-fronteras-digitales\/\">nuestras democracias<\/a> como en la salud mental de los ni\u00f1os. La Ley de IA es precisamente lo contrario. Se trata de una regulaci\u00f3n que se adelanta a un tsunami anunciado. Esta anticipaci\u00f3n pol\u00edtica ante una oleada casi instant\u00e1nea no tiene precedentes en la historia legislativa europea y merecer\u00eda ser elogiada como tal.<\/p>\n\n\n\n<p>Es precisamente esta capacidad de anticipaci\u00f3n la que Europa deber\u00eda haber destacado durante la inauguraci\u00f3n de la Conferencia Mundial sobre IA, celebrada el 17 de julio de 2026 en Shangh\u00e1i. Xi Jinping pronunci\u00f3 all\u00ed un discurso en torno a una propuesta expl\u00edcita, en presencia, entre otros, del secretario general de las Naciones Unidas: \u00abconstruir un sistema justo y equitativo para la gobernanza mundial de la IA\u00bb. China, que carece de cualquier marco horizontal, de derecho a la explicaci\u00f3n y de derecho a la reclamaci\u00f3n individual, se erige ahora en art\u00edfice de la gobernanza mundial de la IA. Sin embargo, Europa, que cuenta con el \u00fanico marco del mundo que responde a esta ambici\u00f3n, estuvo infrarrepresentada, en silencio y sin una contrapropuesta bien articulada.<\/p>\n\n\n\n<p>Este silencio es incomprensible. Deber\u00edamos llevar la Ley de IA a Shangh\u00e1i, a Nueva Delhi, a las Naciones Unidas, a los foros del G7 y del G20, tal y como Francia llev\u00f3 en su d\u00eda el Acuerdo de Par\u00eds sobre el clima. En cambio, en la cumbre de Berl\u00edn del 18 de noviembre, Francia solicit\u00f3 oficialmente un aplazamiento de la normativa, y en VivaTech, el presidente de la Rep\u00fablica permiti\u00f3 que Jensen Huang, director ejecutivo de Nvidia, criticara la normativa europea sin responderle. La Comisi\u00f3n de von der Leyen se ha mostrado incapaz de defender sus propios logros ante la presi\u00f3n conjunta de Washington y los grandes proveedores estadounidenses.<\/p>\n\n\n\n<h2 class=\"wp-block-heading\">\u00bfPor qu\u00e9 Estados Unidos quiere que se elimine la Ley de Inteligencia Artificial?<\/h2>\n\n\n\n<p>Detr\u00e1s de la informaci\u00f3n falsa hay una realidad. Los estadounidenses se sienten avergonzados \u2014y \u00abcelosos\u00bb\u2014 de esta regulaci\u00f3n democr\u00e1tica. La Ley de IA est\u00e1 a punto de convertirse en lo que fue ayer el RGPD y, en menor medida, lo que es hoy la DSA: un instrumento de poder blando a escala mundial. Un est\u00e1ndar exportado, imitado y transpuesto. Plasmando en derecho positivo lo que ning\u00fan otro sistema democr\u00e1tico ha sabido formular con tanta claridad: la posibilidad de regular de forma inteligente el espacio informativo sin menoscabar la libertad de empresa, al tiempo que se aplican en \u00e9l nuestros valores republicanos, democr\u00e1ticos, sociales y de convivencia, as\u00ed como los principios del Estado de derecho.<\/p>\n\n\n\n<p>Estados Unidos ya no da la talla. La fragmentaci\u00f3n y la polarizaci\u00f3n de su clase pol\u00edtica, el poder determinante de los grandes actores privados en el debate p\u00fablico, as\u00ed como la debilidad o el inter\u00e9s de un poder ejecutivo que lo ha dejado todo en manos de unos pocos grupos que solo defienden sus beneficios, les impiden ahora regular el espacio informativo en aras del inter\u00e9s general.<\/p>\n\n\n\n<p>Eso es precisamente lo que J. D. Vance vino a criticar a Par\u00eds el 11 de febrero de 2025, en plena celebraci\u00f3n de la Cumbre para la Acci\u00f3n sobre la IA, cuando declar\u00f3 que Estados Unidos \u00abdomina\u00bb la IA y \u00abpretenden seguir haci\u00e9ndolo\u00bb, exigiendo, de forma impl\u00edcita, que Europa renuncie a su marco regulador. Hay que valorar lo que esto significa. Que el n\u00famero dos de un gobierno extranjero venga a exigir p\u00fablicamente el desmantelamiento de un texto de este tipo constituye una injerencia flagrante en el proceso democr\u00e1tico europeo, algo sencillamente inaceptable. No lo habr\u00edamos tolerado por parte de ninguna otra potencia. Tampoco tenemos ning\u00fan motivo para tolerarlo por parte de esta.<\/p>\n\n\n\n<p>Eso es precisamente lo que Meta ha intentado debilitar al negarse p\u00fablicamente a firmar el C\u00f3digo de buenas pr\u00e1cticas sobre IA generativa.<\/p>\n\n\n\n<p>Esto tambi\u00e9n explica los ataques personales de los que fui objeto durante todo mi mandato, hasta mi salida de la Comisi\u00f3n en septiembre de 2024, e incluso despu\u00e9s (con la prohibici\u00f3n de entrar en territorio estadounidense), pues defender la Ley de IA y el espacio informativo europeo equival\u00eda a defender una doctrina que Washington ya no pod\u00eda tolerar.<\/p>\n\n\n\n\n<div class=\"double-picture my-12 lg:my-20\" \n    data-images-sizes=\"half\"\n    data-same-height=\"true\"\n    data-reference-image=\"left\"\n>    <!-- Images -->\n    <div class=\"lg:flex\">\n        <div class=\"relative lg:pr-2 mb-7 lg:mb-0 lg:w-1\/2\">\n                            <a \n                    href=\"#\"\n                    data-pswp-src=\"https:\/\/legrandcontinent.eu\/es\/wp-content\/uploads\/sites\/2\/2026\/08\/RenaissanceDreams__00001-copy-1601x2400-1.jpg\" \n                    class=\"gallery-item no-underline  \" \n                    data-pswp-width=\"1601\" \n                    data-pswp-height=\"2400\"\n                >\n                    <figure class=\"wp-block-image h-full -mx-2 lg:mx-0 !my-0\">\n                        <picture class=\"block h-full\">\n                            <img decoding=\"async\" src=\"https:\/\/legrandcontinent.eu\/es\/wp-content\/uploads\/sites\/2\/2026\/08\/RenaissanceDreams__00001-copy-1601x2400-1.jpg\" alt=\"\u00abLa Ley de IA est\u00e1 a punto de convertirse en un instrumento de poder blando a escala mundial\u00bb. Foto: Renaissance Dreams \u2014 Palazzo Strozzi, Refik Anadol Studio\" >\n                        <\/picture>\n                        <figcaption class=\"lg:hidden pswp-caption-content\">\u00abLa Ley de IA est\u00e1 a punto de convertirse en un instrumento de poder blando a escala mundial\u00bb. Foto: Renaissance Dreams \u2014 Palazzo Strozzi, Refik Anadol Studio<\/figcaption>                    <\/figure>\n                <\/a>\n                    \n        <\/div>\n        <div class=\"relative lg:pl-2 lg:w-1\/2\">\n                            <a\n                    href=\"#\"\n                    data-pswp-src=\"https:\/\/legrandcontinent.eu\/es\/wp-content\/uploads\/sites\/2\/2026\/08\/RenaissanceDreams__00000-copy-1601x2400-1.jpg\" \n                    class=\"gallery-item no-underline  lg:!absolute lg:h-full lg:right-0 lg:left-2 overflow-hidden\" \n                    data-pswp-width=\"1601\" \n                    data-pswp-height=\"2400\"\n                >\n                    <figure class=\"wp-block-image h-full -mx-2 lg:mx-0 !my-0\">\n                        <picture class=\"block h-full\">\n                            <img decoding=\"async\" src=\"https:\/\/legrandcontinent.eu\/es\/wp-content\/uploads\/sites\/2\/2026\/08\/RenaissanceDreams__00000-copy-1601x2400-1.jpg\" alt=\"\u00abNo se trata de regular lo desconocido. Se trata de proteger lo conocido\u00bb. Foto: Renaissance Dreams \u2014 Palazzo Strozzi, Refik Anadol Studio\" class=\"lg:!h-full object-cover\">\n                        <\/picture>\n                        <figcaption class=\"lg:hidden pswp-caption-content\">\u00abNo se trata de regular lo desconocido. Se trata de proteger lo conocido\u00bb. Foto: Renaissance Dreams \u2014 Palazzo Strozzi, Refik Anadol Studio<\/figcaption>                    <\/figure>\n                <\/a>\n                    <\/div>\n    <\/div>\n    <!-- Captions -->\n    <div class=\"hidden lg:flex\">\n        <div class=\"relative lg:pr-2 mb-7 lg:mb-0 lg:w-1\/2\">\n                            <figure class=\"wp-block-image -mx-2 lg:mx-0 !my-0\">\n                    <figcaption>\u00abLa Ley de IA est\u00e1 a punto de convertirse en un instrumento de poder blando a escala mundial\u00bb. Foto: Renaissance Dreams \u2014 Palazzo Strozzi, Refik Anadol Studio<\/figcaption>                <\/figure>\n                    \n        <\/div>\n        <div class=\"relative lg:pl-2 lg:w-1\/2\">\n                            <figure class=\"wp-block-image -mx-2 lg:mx-0 !my-0\">   \n                    <figcaption>\u00abNo se trata de regular lo desconocido. Se trata de proteger lo conocido\u00bb. Foto: Renaissance Dreams \u2014 Palazzo Strozzi, Refik Anadol Studio<\/figcaption>                <\/figure>\n                    <\/div>\n    <\/div>\n<\/div>\n\n\n\n<p>Sin embargo, hay que ir a\u00fan m\u00e1s all\u00e1. Estamos entrando en la fase de monetizaci\u00f3n de la inteligencia artificial. Tras la euforia de la demostraci\u00f3n tecnol\u00f3gica, llega el momento del modelo econ\u00f3mico. Los principales actores estadounidenses han invertido cientos de miles de millones de d\u00f3lares para entrenar sus modelos, construir sus centros de datos, almacenar y explotar los datos; ahora deben alcanzar la rentabilidad. Frente a ellos, los actores chinos, que cuentan con un amplio respaldo del gobierno de Pek\u00edn, proponen modelos abiertos, econ\u00f3micos o incluso gratuitos, precisamente para captar usuarios de todo el mundo. El mercado europeo es uno de los m\u00e1s lucrativos del mundo: es solvente, urbano, con un alto nivel educativo, digitalizado y regido por el derecho. Por eso se entiende lo que realmente est\u00e1 en juego. No se trata de la simplificaci\u00f3n. Se trata de nuestra capacidad para defender nuestro mercado, nuestros datos y a nuestros ciudadanos frente a una oleada que se financiar\u00eda a costa de los europeos. Precisamente por esta raz\u00f3n, Europa debe mantener su regulaci\u00f3n democr\u00e1tica.<\/p>\n\n\n\n<h2 class=\"wp-block-heading\">Un progreso universalista, en consonancia con el magisterio del papa Le\u00f3n XIV<\/h2>\n\n\n\n<p>Ante estas renuncias, es importante recordar los principios que defiende la Ley de IA. No se trata de un texto t\u00e9cnico. Se trata de un marco de valores plasmado en el derecho positivo: la dignidad de la persona humana, las libertades fundamentales, la integridad democr\u00e1tica y la veracidad del espacio informativo prevalecen sobre la optimizaci\u00f3n econ\u00f3mica. La responsabilidad debe seguir siendo humana, trazable e identificable.<\/p>\n\n\n\n<p>Esta arquitectura converge de manera sorprendente con la enc\u00edclica del papa Le\u00f3n XIV, <a href=\"https:\/\/legrandcontinent.eu\/es\/2026\/05\/26\/magnifica-humanitas-texto-integro-de-enciclica-de-leon-xiv\/\">Magnifica Humanitas<\/a>, que est\u00e1 dedicada \u00edntegramente a la inteligencia artificial y a la dignidad humana. El papa no condena en ella la IA, pero exige que se eval\u00faen sus efectos medioambientales, denuncia el trabajo invisible de los anotadores y moderadores, rechaza la idea de que un algoritmo pueda hacer que la guerra sea moralmente aceptable y recuerda, en la l\u00ednea de Antiqua et Nova, que \u00absolo el ser humano es verdaderamente un agente moral\u00bb.<\/p>\n\n\n\n<p>Esta convergencia no es fruto del azar. Refleja una verdad sencilla: la protecci\u00f3n de la persona frente a la m\u00e1quina no es una preferencia cultural europea. Es una exigencia moral universal.<\/p>\n\n\n\n<h2 class=\"wp-block-heading\">Pr\u00f3ximos pasos. Lo que ninguna ley \u00f3mnibus deber\u00e1 eliminar&nbsp;<\/h2>\n\n\n\n<p>El calendario de los pr\u00f3ximos plazos abarca dos a\u00f1os.<\/p>\n\n\n\n<p>As\u00ed, la prohibici\u00f3n absoluta de los \u00abdeepfakes\u00bb sexuales no consentidos entrar\u00e1 en vigor el 2 de diciembre de 2026, mientras que el 2 de diciembre de 2027 marcar\u00e1 la nueva fecha l\u00edmite aplicable a los sistemas aut\u00f3nomos de alto riesgo contemplados en el anexo III. Habr\u00e1 que esperar hasta el 2 de agosto de 2028 para que se aplique la normativa a los sistemas de alto riesgo integrados en productos ya regulados en virtud del anexo I, as\u00ed como a los modelos de IA de uso general comercializados antes de agosto de 2025. Paralelamente, y de forma continua, proseguir\u00e1n los trabajos de normalizaci\u00f3n del CEN-CENELEC JTC 21, as\u00ed como la revisi\u00f3n anual del anexo III prevista en el art\u00edculo 112.<\/p>\n\n\n\n<p>A estos plazos habr\u00e1 que a\u00f1adir \u2014y no restar\u2014 varias cuestiones pendientes: una protecci\u00f3n espec\u00edfica de los menores; un marco para los agentes aut\u00f3nomos que el reglamento no hab\u00eda tenido en cuenta; obligaciones para los trabajadores de clics y los anotadores, de los que Le\u00f3n XIV ha hablado mejor que cualquier regulador; un informe medioambiental cuantificado sobre las infraestructuras de entrenamiento; un r\u00e9gimen claro para los deepfakes pol\u00edticos.<\/p>\n\n\n\n<p>Lo que est\u00e1 en juego no es solo un plazo normativo. Es la prueba de que Europa es la \u00fanica en el mundo capaz de proteger e innovar a la vez, de enmarcar y liberar, de regular sin asfixiar. Traicionar este logro con el pretexto de la competitividad equivaldr\u00eda a renunciar a nuestra capacidad europea para definir por nosotros mismos, tanto para nosotros como para quienes deseen inspirarse en nosotros, lo que aceptamos y lo que rechazamos en nuestra relaci\u00f3n con lo digital y en nuestro propio espacio informativo.&nbsp;<\/p>\n\n\n\n<p>Esa soberan\u00eda no se negocia, se ejerce.<\/p>\n","protected":false},"excerpt":{"rendered":"<p>Y por qu\u00e9 la obligaci\u00f3n del marcado no es, en realidad, el verdadero tema. <\/p>\n","protected":false},"author":40,"featured_media":108405,"comment_status":"closed","ping_status":"closed","sticky":false,"template":"templates\/post-angles.php","format":"standard","meta":{"_acf_changed":true,"_trash_the_other_posts":false,"_yoast_wpseo_estimated-reading-time-minutes":18,"_lgc_tts_voice":"","_lgc_tts_publish":false,"_lgc_tts_history_item_id":"","_lgc_tts_generated_at":"","_lgc_tts_status":"","_lgc_tts_error":"","footnotes":""},"categories":[464],"tags":[],"staff":[1379],"editorial_format":[1470],"serie":[],"audience":[],"geo":[177],"class_list":["post-108454","post","type-post","status-publish","format-standard","hentry","category-poderes-de-la-ia","staff-thierry-breton","editorial_format-perspectivas-sobre-la-actualidad","geo-europa"],"acf":{"open_in_webview":false,"accent":"default","_thumbnail_id":108405,"excerpt":"Y por qu\u00e9 la obligaci\u00f3n del marcado no es, en realidad, el verdadero tema. ","display_date":"","new_abstract":true},"yoast_head":"<!-- This site is optimized with the Yoast SEO plugin v26.1.1 - https:\/\/yoast.com\/wordpress\/plugins\/seo\/ -->\n<title>Por qu\u00e9 a\u00fan no hemos entendido bien la Ley de IA - El Grand Continent<\/title>\n<meta name=\"robots\" content=\"index, follow, max-snippet:-1, max-image-preview:large, max-video-preview:-1\" \/>\n<link rel=\"canonical\" href=\"https:\/\/legrandcontinent.eu\/es\/2026\/08\/13\/por-que-no-hemos-entendido-la-ley-ia\/\" \/>\n<meta property=\"og:locale\" content=\"es_ES\" \/>\n<meta property=\"og:type\" content=\"article\" \/>\n<meta property=\"og:title\" content=\"Por qu\u00e9 a\u00fan no hemos entendido bien la Ley de IA - El Grand Continent\" \/>\n<meta property=\"og:description\" content=\"Y por qu\u00e9 la obligaci\u00f3n del marcado no es, en realidad, el verdadero tema.\" \/>\n<meta property=\"og:url\" content=\"https:\/\/legrandcontinent.eu\/es\/2026\/08\/13\/por-que-no-hemos-entendido-la-ley-ia\/\" \/>\n<meta property=\"og:site_name\" content=\"El Grand Continent\" \/>\n<meta property=\"article:published_time\" content=\"2026-08-13T15:14:54+00:00\" \/>\n<meta property=\"article:modified_time\" content=\"2026-08-13T15:36:54+00:00\" \/>\n<meta property=\"og:image\" content=\"https:\/\/legrandcontinent.eu\/es\/wp-content\/uploads\/sites\/6\/2026\/08\/gc-elia-2-scaled.jpg\" \/>\n\t<meta property=\"og:image:width\" content=\"2560\" \/>\n\t<meta property=\"og:image:height\" content=\"1440\" \/>\n\t<meta property=\"og:image:type\" content=\"image\/jpeg\" \/>\n<meta name=\"author\" content=\"Ramona Bloj\" \/>\n<meta name=\"twitter:card\" content=\"summary_large_image\" \/>\n<meta name=\"twitter:image\" content=\"https:\/\/legrandcontinent.eu\/es\/wp-content\/uploads\/sites\/6\/2026\/08\/gc-elia-2-scaled.jpg\" \/>\n<meta name=\"twitter:label1\" content=\"Escrito por\" \/>\n\t<meta name=\"twitter:data1\" content=\"Ramona Bloj\" \/>\n\t<meta name=\"twitter:label2\" content=\"Tiempo de lectura\" \/>\n\t<meta name=\"twitter:data2\" content=\"18 minutos\" \/>\n<script type=\"application\/ld+json\" class=\"yoast-schema-graph\">{\"@context\":\"https:\/\/schema.org\",\"@graph\":[{\"@type\":\"WebPage\",\"@id\":\"https:\/\/legrandcontinent.eu\/es\/2026\/08\/13\/por-que-no-hemos-entendido-la-ley-ia\/\",\"url\":\"https:\/\/legrandcontinent.eu\/es\/2026\/08\/13\/por-que-no-hemos-entendido-la-ley-ia\/\",\"name\":\"Por qu\u00e9 a\u00fan no hemos entendido bien la Ley de IA - El Grand Continent\",\"isPartOf\":{\"@id\":\"https:\/\/legrandcontinent.eu\/es\/#website\"},\"primaryImageOfPage\":{\"@id\":\"https:\/\/legrandcontinent.eu\/es\/2026\/08\/13\/por-que-no-hemos-entendido-la-ley-ia\/#primaryimage\"},\"image\":{\"@id\":\"https:\/\/legrandcontinent.eu\/es\/2026\/08\/13\/por-que-no-hemos-entendido-la-ley-ia\/#primaryimage\"},\"thumbnailUrl\":\"https:\/\/legrandcontinent.eu\/es\/wp-content\/uploads\/sites\/2\/2026\/08\/RenaissanceDreams_00000-copy-2880x1769-1-scaled.jpg\",\"datePublished\":\"2026-08-13T15:14:54+00:00\",\"dateModified\":\"2026-08-13T15:36:54+00:00\",\"author\":{\"@id\":\"https:\/\/legrandcontinent.eu\/es\/#\/schema\/person\/bee86896b403754f76b6b1515ff0b697\"},\"breadcrumb\":{\"@id\":\"https:\/\/legrandcontinent.eu\/es\/2026\/08\/13\/por-que-no-hemos-entendido-la-ley-ia\/#breadcrumb\"},\"inLanguage\":\"es\",\"potentialAction\":[{\"@type\":\"ReadAction\",\"target\":[\"https:\/\/legrandcontinent.eu\/es\/2026\/08\/13\/por-que-no-hemos-entendido-la-ley-ia\/\"]}]},{\"@type\":\"ImageObject\",\"inLanguage\":\"es\",\"@id\":\"https:\/\/legrandcontinent.eu\/es\/2026\/08\/13\/por-que-no-hemos-entendido-la-ley-ia\/#primaryimage\",\"url\":\"https:\/\/legrandcontinent.eu\/es\/wp-content\/uploads\/sites\/2\/2026\/08\/RenaissanceDreams_00000-copy-2880x1769-1-scaled.jpg\",\"contentUrl\":\"https:\/\/legrandcontinent.eu\/es\/wp-content\/uploads\/sites\/2\/2026\/08\/RenaissanceDreams_00000-copy-2880x1769-1-scaled.jpg\",\"width\":2560,\"height\":1572,\"caption\":\"\u00abCette cr\u00e9ation, qui consiste \u00e0 trouver de nouvelles formes dans les donn\u00e9es accumul\u00e9es, est ce que l'IA Act veut voir \u00e9clore, et surtout pas emp\u00eacher, car il s'agit d'encadrer la machine pour lib\u00e9rer l'humain. Et pas l\u2019inverse\u00bb. Photo : Renaissance Dreams \u2014 Palazzo Strozzi, Refik Anadol Studio\"},{\"@type\":\"BreadcrumbList\",\"@id\":\"https:\/\/legrandcontinent.eu\/es\/2026\/08\/13\/por-que-no-hemos-entendido-la-ley-ia\/#breadcrumb\",\"itemListElement\":[{\"@type\":\"ListItem\",\"position\":1,\"name\":\"Home\",\"item\":\"https:\/\/legrandcontinent.eu\/es\/\"},{\"@type\":\"ListItem\",\"position\":2,\"name\":\"Por qu\u00e9 a\u00fan no hemos entendido bien la Ley de IA\"}]},{\"@type\":\"WebSite\",\"@id\":\"https:\/\/legrandcontinent.eu\/es\/#website\",\"url\":\"https:\/\/legrandcontinent.eu\/es\/\",\"name\":\"El Grand Continent\",\"description\":\"La escala pertinente\",\"potentialAction\":[{\"@type\":\"SearchAction\",\"target\":{\"@type\":\"EntryPoint\",\"urlTemplate\":\"https:\/\/legrandcontinent.eu\/es\/?s={search_term_string}\"},\"query-input\":{\"@type\":\"PropertyValueSpecification\",\"valueRequired\":true,\"valueName\":\"search_term_string\"}}],\"inLanguage\":\"es\"},{\"@type\":\"Person\",\"@id\":\"https:\/\/legrandcontinent.eu\/es\/#\/schema\/person\/bee86896b403754f76b6b1515ff0b697\",\"name\":\"Ramona Bloj\",\"image\":{\"@type\":\"ImageObject\",\"inLanguage\":\"es\",\"@id\":\"https:\/\/legrandcontinent.eu\/es\/#\/schema\/person\/image\/\",\"url\":\"https:\/\/secure.gravatar.com\/avatar\/c1d91adb7c4c1eed266b81c0f9915707?s=96&d=mm&r=g\",\"contentUrl\":\"https:\/\/secure.gravatar.com\/avatar\/c1d91adb7c4c1eed266b81c0f9915707?s=96&d=mm&r=g\",\"caption\":\"Ramona Bloj\"}}]}<\/script>\n<!-- \/ Yoast SEO plugin. -->","yoast_head_json":{"title":"Por qu\u00e9 a\u00fan no hemos entendido bien la Ley de IA - El Grand Continent","robots":{"index":"index","follow":"follow","max-snippet":"max-snippet:-1","max-image-preview":"max-image-preview:large","max-video-preview":"max-video-preview:-1"},"canonical":"https:\/\/legrandcontinent.eu\/es\/2026\/08\/13\/por-que-no-hemos-entendido-la-ley-ia\/","og_locale":"es_ES","og_type":"article","og_title":"Por qu\u00e9 a\u00fan no hemos entendido bien la Ley de IA - El Grand Continent","og_description":"Y por qu\u00e9 la obligaci\u00f3n del marcado no es, en realidad, el verdadero tema.","og_url":"https:\/\/legrandcontinent.eu\/es\/2026\/08\/13\/por-que-no-hemos-entendido-la-ley-ia\/","og_site_name":"El Grand Continent","article_published_time":"2026-08-13T15:14:54+00:00","article_modified_time":"2026-08-13T15:36:54+00:00","og_image":[{"width":2560,"height":1440,"url":"https:\/\/legrandcontinent.eu\/es\/wp-content\/uploads\/sites\/6\/2026\/08\/gc-elia-2-scaled.jpg","type":"image\/jpeg"}],"author":"Ramona Bloj","twitter_card":"summary_large_image","twitter_image":"https:\/\/legrandcontinent.eu\/es\/wp-content\/uploads\/sites\/6\/2026\/08\/gc-elia-2-scaled.jpg","twitter_misc":{"Escrito por":"Ramona Bloj","Tiempo de lectura":"18 minutos"},"schema":{"@context":"https:\/\/schema.org","@graph":[{"@type":"WebPage","@id":"https:\/\/legrandcontinent.eu\/es\/2026\/08\/13\/por-que-no-hemos-entendido-la-ley-ia\/","url":"https:\/\/legrandcontinent.eu\/es\/2026\/08\/13\/por-que-no-hemos-entendido-la-ley-ia\/","name":"Por qu\u00e9 a\u00fan no hemos entendido bien la Ley de IA - El Grand Continent","isPartOf":{"@id":"https:\/\/legrandcontinent.eu\/es\/#website"},"primaryImageOfPage":{"@id":"https:\/\/legrandcontinent.eu\/es\/2026\/08\/13\/por-que-no-hemos-entendido-la-ley-ia\/#primaryimage"},"image":{"@id":"https:\/\/legrandcontinent.eu\/es\/2026\/08\/13\/por-que-no-hemos-entendido-la-ley-ia\/#primaryimage"},"thumbnailUrl":"https:\/\/legrandcontinent.eu\/es\/wp-content\/uploads\/sites\/2\/2026\/08\/RenaissanceDreams_00000-copy-2880x1769-1-scaled.jpg","datePublished":"2026-08-13T15:14:54+00:00","dateModified":"2026-08-13T15:36:54+00:00","author":{"@id":"https:\/\/legrandcontinent.eu\/es\/#\/schema\/person\/bee86896b403754f76b6b1515ff0b697"},"breadcrumb":{"@id":"https:\/\/legrandcontinent.eu\/es\/2026\/08\/13\/por-que-no-hemos-entendido-la-ley-ia\/#breadcrumb"},"inLanguage":"es","potentialAction":[{"@type":"ReadAction","target":["https:\/\/legrandcontinent.eu\/es\/2026\/08\/13\/por-que-no-hemos-entendido-la-ley-ia\/"]}]},{"@type":"ImageObject","inLanguage":"es","@id":"https:\/\/legrandcontinent.eu\/es\/2026\/08\/13\/por-que-no-hemos-entendido-la-ley-ia\/#primaryimage","url":"https:\/\/legrandcontinent.eu\/es\/wp-content\/uploads\/sites\/2\/2026\/08\/RenaissanceDreams_00000-copy-2880x1769-1-scaled.jpg","contentUrl":"https:\/\/legrandcontinent.eu\/es\/wp-content\/uploads\/sites\/2\/2026\/08\/RenaissanceDreams_00000-copy-2880x1769-1-scaled.jpg","width":2560,"height":1572,"caption":"\u00abCette cr\u00e9ation, qui consiste \u00e0 trouver de nouvelles formes dans les donn\u00e9es accumul\u00e9es, est ce que l'IA Act veut voir \u00e9clore, et surtout pas emp\u00eacher, car il s'agit d'encadrer la machine pour lib\u00e9rer l'humain. Et pas l\u2019inverse\u00bb. Photo : Renaissance Dreams \u2014 Palazzo Strozzi, Refik Anadol Studio"},{"@type":"BreadcrumbList","@id":"https:\/\/legrandcontinent.eu\/es\/2026\/08\/13\/por-que-no-hemos-entendido-la-ley-ia\/#breadcrumb","itemListElement":[{"@type":"ListItem","position":1,"name":"Home","item":"https:\/\/legrandcontinent.eu\/es\/"},{"@type":"ListItem","position":2,"name":"Por qu\u00e9 a\u00fan no hemos entendido bien la Ley de IA"}]},{"@type":"WebSite","@id":"https:\/\/legrandcontinent.eu\/es\/#website","url":"https:\/\/legrandcontinent.eu\/es\/","name":"El Grand Continent","description":"La escala pertinente","potentialAction":[{"@type":"SearchAction","target":{"@type":"EntryPoint","urlTemplate":"https:\/\/legrandcontinent.eu\/es\/?s={search_term_string}"},"query-input":{"@type":"PropertyValueSpecification","valueRequired":true,"valueName":"search_term_string"}}],"inLanguage":"es"},{"@type":"Person","@id":"https:\/\/legrandcontinent.eu\/es\/#\/schema\/person\/bee86896b403754f76b6b1515ff0b697","name":"Ramona Bloj","image":{"@type":"ImageObject","inLanguage":"es","@id":"https:\/\/legrandcontinent.eu\/es\/#\/schema\/person\/image\/","url":"https:\/\/secure.gravatar.com\/avatar\/c1d91adb7c4c1eed266b81c0f9915707?s=96&d=mm&r=g","contentUrl":"https:\/\/secure.gravatar.com\/avatar\/c1d91adb7c4c1eed266b81c0f9915707?s=96&d=mm&r=g","caption":"Ramona Bloj"}}]}},"lgc_categories":[{"id":464,"name":"Poderes de la IA","slug":"poderes-de-la-ia"}],"lgc_author":{"id":1379,"name":"Thierry Breton","slug":"thierry-breton","description":null,"first_name":null,"last_name":null,"picture":null},"feature_image_summary":{"url":"https:\/\/legrandcontinent.eu\/es\/wp-content\/uploads\/sites\/2\/2026\/08\/RenaissanceDreams_00000-copy-2880x1769-1-scaled.jpg","width":2560,"height":1572,"alt":""},"feature_image_cover":{"url":"https:\/\/legrandcontinent.eu\/es\/wp-content\/uploads\/sites\/2\/2026\/08\/RenaissanceDreams_00000-copy-2880x1769-1-scaled.jpg","width":2560,"height":1572,"alt":""},"term_position_data":null,"_links":{"self":[{"href":"https:\/\/legrandcontinent.eu\/es\/wp-json\/wp\/v2\/posts\/108454","targetHints":{"allow":["GET"]}}],"collection":[{"href":"https:\/\/legrandcontinent.eu\/es\/wp-json\/wp\/v2\/posts"}],"about":[{"href":"https:\/\/legrandcontinent.eu\/es\/wp-json\/wp\/v2\/types\/post"}],"author":[{"embeddable":true,"href":"https:\/\/legrandcontinent.eu\/es\/wp-json\/wp\/v2\/users\/40"}],"replies":[{"embeddable":true,"href":"https:\/\/legrandcontinent.eu\/es\/wp-json\/wp\/v2\/comments?post=108454"}],"version-history":[{"count":17,"href":"https:\/\/legrandcontinent.eu\/es\/wp-json\/wp\/v2\/posts\/108454\/revisions"}],"predecessor-version":[{"id":108533,"href":"https:\/\/legrandcontinent.eu\/es\/wp-json\/wp\/v2\/posts\/108454\/revisions\/108533"}],"wp:featuredmedia":[{"embeddable":true,"href":"https:\/\/legrandcontinent.eu\/es\/wp-json\/wp\/v2\/media\/108405"}],"wp:attachment":[{"href":"https:\/\/legrandcontinent.eu\/es\/wp-json\/wp\/v2\/media?parent=108454"}],"wp:term":[{"taxonomy":"category","embeddable":true,"href":"https:\/\/legrandcontinent.eu\/es\/wp-json\/wp\/v2\/categories?post=108454"},{"taxonomy":"post_tag","embeddable":true,"href":"https:\/\/legrandcontinent.eu\/es\/wp-json\/wp\/v2\/tags?post=108454"},{"taxonomy":"staff","embeddable":true,"href":"https:\/\/legrandcontinent.eu\/es\/wp-json\/wp\/v2\/staff?post=108454"},{"taxonomy":"editorial_format","embeddable":true,"href":"https:\/\/legrandcontinent.eu\/es\/wp-json\/wp\/v2\/editorial_format?post=108454"},{"taxonomy":"serie","embeddable":true,"href":"https:\/\/legrandcontinent.eu\/es\/wp-json\/wp\/v2\/serie?post=108454"},{"taxonomy":"audience","embeddable":true,"href":"https:\/\/legrandcontinent.eu\/es\/wp-json\/wp\/v2\/audience?post=108454"},{"taxonomy":"geo","embeddable":true,"href":"https:\/\/legrandcontinent.eu\/es\/wp-json\/wp\/v2\/geo?post=108454"}],"curies":[{"name":"wp","href":"https:\/\/api.w.org\/{rel}","templated":true}]}}