{"id":108392,"date":"2026-08-13T09:03:39","date_gmt":"2026-08-13T07:03:39","guid":{"rendered":"https:\/\/legrandcontinent.eu\/es\/?p=108392"},"modified":"2026-08-13T09:03:43","modified_gmt":"2026-08-13T07:03:43","slug":"en-ucrania-y-rusia-la-multiplicacion-de-ataques-aereos-aumenta-las-muertes-civiles","status":"publish","type":"post","link":"https:\/\/legrandcontinent.eu\/es\/2026\/08\/13\/en-ucrania-y-rusia-la-multiplicacion-de-ataques-aereos-aumenta-las-muertes-civiles\/","title":{"rendered":"En Ucrania y Rusia, el aumento de los ataques a\u00e9reos agrava el n\u00famero de v\u00edctimas civiles"},"content":{"rendered":"\n<p>Seg\u00fan las cifras de la Oficina del Alto Comisionado de las Naciones Unidas para los Derechos Humanos, el mes de junio ha sido el m\u00e1s mort\u00edfero para la poblaci\u00f3n civil ucraniana desde abril de 2022: al menos 293 personas han perdido la vida y 1.990 han resultado heridas.&nbsp;<span class='whitespace-nowrap'><span id='easy-footnote-1-108392' class='easy-footnote-margin-adjust'><\/span><span class='easy-footnote note-digits-1'><a href='https:\/\/legrandcontinent.eu\/es\/2026\/08\/13\/en-ucrania-y-rusia-la-multiplicacion-de-ataques-aereos-aumenta-las-muertes-civiles\/#easy-footnote-bottom-1-108392' title='&lt;a href=&quot;https:\/\/ukraine.un.org\/sites\/default\/files\/2026-07\/Ukraine%20-%20protection%20of%20civilians%20in%20armed%20conflict%20June%20and%20the%20first%20six%20months%20of%202026_ENG.pdf&quot;&gt;&lt;\/a&gt;&lt;a href=&quot;https:\/\/ukraine.un.org\/sites\/default\/files\/2026-07\/Ukraine%20-%20protection%20of%20civilians%20in%20armed%20conflict%20June%20and%20the%20first%20six%20months%20of%202026_ENG.pdf&quot;&gt;Protection of Civilians in Armed Conflict \u2014 June 2026&lt;\/a&gt;, 14 de julio de 2026.'><sup>1<\/sup><\/a><\/span><\/span> Si bien desde 2023 el verano se caracteriza por un mayor n\u00famero de v\u00edctimas civiles en Ucrania, este no deja de agravarse cada a\u00f1o y se ha duplicado entre el primer semestre de 2024 y el de 2026, pasando de 4.382 muertos y heridos a 9.374.<\/p>\n\n\n\n<ul class=\"wp-block-list\">\n<li>El aumento del n\u00famero de v\u00edctimas civiles es una de las consecuencias directas de la intensificaci\u00f3n de la campa\u00f1a a\u00e9rea llevada a cabo por Rusia contra las ciudades ucranianas.<\/li>\n\n\n\n<li>En julio, Mosc\u00fa lanz\u00f3 376 misiles contra Ucrania, la cifra m\u00e1s alta desde el inicio de la guerra, lo que supone un aumento del 90 % en un a\u00f1o.&nbsp;<\/li>\n\n\n\n<li>El n\u00famero de drones lanzados tambi\u00e9n ha aumentado considerablemente, y en mayo casi alcanz\u00f3 los 10.000 aparatos. En el mismo periodo de 2024, el ej\u00e9rcito ruso solo pod\u00eda lanzar unos 500 drones al mes.<\/li>\n<\/ul>\n\n\n\n<div class=\"iframe-container wp-block-image wp-block-image-medium  iframe-dw\">\n\t<div>\n\t\t<iframe class=\"absolute w-full h-full pin-t pin-l\" title=\"titolo\" aria-label=\"Interactive line chart\" src=\"\/\/datawrapper.dwcdn.net\/FLTkW\/\" scrolling=\"no\" frameborder=\"0\"><\/iframe>\n\t<\/div>\n<\/div>\n\n\n\n<p>Ucrania, aunque lanza un n\u00famero considerablemente menor de proyectiles que Rusia \u2014una media de 29 al d\u00eda en julio, incluyendo los disparos de artiller\u00eda transfronterizos, los misiles y los drones, frente a los 174 de Rusia\u2014,&nbsp;<span class='whitespace-nowrap'><span id='easy-footnote-2-108392' class='easy-footnote-margin-adjust'><\/span><span class='easy-footnote note-digits-1'><a href='https:\/\/legrandcontinent.eu\/es\/2026\/08\/13\/en-ucrania-y-rusia-la-multiplicacion-de-ataques-aereos-aumenta-las-muertes-civiles\/#easy-footnote-bottom-2-108392' title='Lauren Kent, \u00ab&lt;a href=&quot;https:\/\/edition.cnn.com\/2026\/08\/09\/europe\/russia-ukraine-escalation-aerial-strikes-intl-vis&quot;&gt;Russia and Ukraine have stepped up their aerial war. Civilians are paying the price&lt;\/a&gt;\u00bb, &lt;em&gt;CNN&lt;\/em&gt;, 9 de agosto de 2026.'><sup>2<\/sup><\/a><\/span><\/span> tambi\u00e9n est\u00e1 ampliando masivamente sus capacidades a\u00e9reas, lo que provoca un aumento del n\u00famero de v\u00edctimas civiles.<\/p>\n\n\n\n<p>A diferencia del ej\u00e9rcito ruso, Ucrania no ataca deliberadamente infraestructuras civiles rusas ni edificios de viviendas.<\/p>\n\n\n\n<ul class=\"wp-block-list\">\n<li>Sus \u00faltimas campa\u00f1as a\u00e9reas, en particular, se han centrado en objetivos situados en las inmediaciones de los centros urbanos, como refiner\u00edas de petr\u00f3leo o almacenes pertenecientes a la empresa <a href=\"https:\/\/legrandcontinent.eu\/es\/2026\/08\/06\/ucrania-puede-ganar-la-guerra-de-almacenes\/\">Wildberries<\/a>.<\/li>\n\n\n\n<li>El Conflict Intelligence Team, un centro de investigaci\u00f3n ruso independiente que elabora an\u00e1lisis OSINT, estima que 327 civiles han perdido la vida en Rusia como consecuencia de bombardeos, ataques con drones y ataques a\u00e9reos ucranianos, lo que supone el doble que en 2025 (145 v\u00edctimas civiles).&nbsp;<span class='whitespace-nowrap'><span id='easy-footnote-3-108392' class='easy-footnote-margin-adjust'><\/span><span class='easy-footnote note-digits-1'><a href='https:\/\/legrandcontinent.eu\/es\/2026\/08\/13\/en-ucrania-y-rusia-la-multiplicacion-de-ataques-aereos-aumenta-las-muertes-civiles\/#easy-footnote-bottom-3-108392' title='Paul Sonne y Oleg Matsnev, \u00ab&lt;a href=&quot;https:\/\/www.nytimes.com\/2026\/08\/11\/world\/europe\/russia-ukraine-civilian-casualties.html&quot;&gt;Russian Civilian Deaths Are Growing Rapidly as Ukraine Expands Its Air War&lt;\/a&gt;\u00bb, &lt;em&gt;The New York Times&lt;\/em&gt;, 11 de agosto de 2026.'><sup>3<\/sup><\/a><\/span><\/span><\/li>\n\n\n\n<li>Por su parte, el Ministerio de Asuntos Exteriores ruso afirma que cerca de 800 civiles habr\u00edan perdido la vida desde principios de a\u00f1o.<\/li>\n<\/ul>\n\n\n\n<div class=\"iframe-container wp-block-image wp-block-image-medium  iframe-dw\">\n\t<div>\n\t\t<iframe class=\"absolute w-full h-full pin-t pin-l\" title=\"titolo\" aria-label=\"Interactive line chart\" src=\"\/\/datawrapper.dwcdn.net\/pazfi\/\" scrolling=\"no\" frameborder=\"0\"><\/iframe>\n\t<\/div>\n<\/div>\n\n\n\n<p>Los drones se han convertido en el arma principal que utiliza el ej\u00e9rcito ucraniano para sus ataques en Rusia.<\/p>\n\n\n\n<ul class=\"wp-block-list\">\n<li>Estos son los responsables del 86 % de las v\u00edctimas civiles rusas registradas por ACLED este a\u00f1o, frente al 0 % en 2022.<\/li>\n\n\n\n<li>Hoy en d\u00eda, los misiles son m\u00e1s sofisticados y tienen mayor alcance: el 17 % alcanza objetivos situados a m\u00e1s de 150 kil\u00f3metros de la frontera, frente a solo el 5 % en 2024 y el 13 % del a\u00f1o pasado.<\/li>\n<\/ul>\n\n\n\n<p>Por su parte, Rusia sigue invirtiendo masivamente en la producci\u00f3n de drones y misiles. El pa\u00eds ya es capaz de superar sus objetivos de producci\u00f3n en determinados modelos, como los misiles de crucero Kh-101, los Kalibr y los Kh-35, y fabrica alrededor de 3.000 drones Geran 4 y 5 al mes.&nbsp;<span class='whitespace-nowrap'><span id='easy-footnote-4-108392' class='easy-footnote-margin-adjust'><\/span><span class='easy-footnote note-digits-1'><a href='https:\/\/legrandcontinent.eu\/es\/2026\/08\/13\/en-ucrania-y-rusia-la-multiplicacion-de-ataques-aereos-aumenta-las-muertes-civiles\/#easy-footnote-bottom-4-108392' title='Ulyana Bezpalko, &lt;a href=&quot;https:\/\/www.rbc.ua\/rus\/news\/rf-vikonue-plan-raketah-pauza-obstrilah-navryad-1786309469.html&quot;&gt;\u00ab&lt;\/a&gt;&lt;a href=&quot;https:\/\/www.rbc.ua\/rus\/news\/rf-vikonue-plan-raketah-pauza-obstrilah-navryad-1786309469.html&quot;&gt;\u0420\u0424 \u0432\u0438\u043a\u043e\u043d\u0443\u0454 \u043f\u043b\u0430\u043d \u043f\u043e \u0440\u0430\u043a\u0435\u0442\u0430\u0445, \u043f\u0430\u0443\u0437\u0430 \u0432 \u043e\u0431\u0441\u0442\u0440\u0456\u043b\u0430\u0445 \u043d\u0430\u0432\u0440\u044f\u0434 \u0447\u0438 \u0431\u0443\u0434\u0435: \u0456\u043d\u0442\u0435\u0440\u0432\u02bc\u044e \u0437 \u0412\u0430\u0434\u0438\u043c\u043e\u043c \u0421\u043a\u0456\u0431\u0456\u0446\u044c\u043a\u0438\u043c, \u0413\u0423\u0420&lt;\/a&gt;\u00bb, &lt;em&gt;RBC-Ucrania&lt;\/em&gt;, 10 de agosto de 2026.'><sup>4<\/sup><\/a><\/span><\/span>.<\/p>\n","protected":false},"excerpt":{"rendered":"<p>A pesar de que el frente se ha estancado, el n\u00famero de v\u00edctimas civiles sigue aumentando.<\/p>\n","protected":false},"author":2622,"featured_media":108397,"comment_status":"closed","ping_status":"closed","sticky":false,"template":"templates\/post-briefings.php","format":"standard","meta":{"_acf_changed":false,"_trash_the_other_posts":false,"_yoast_wpseo_estimated-reading-time-minutes":3,"_lgc_tts_voice":"","_lgc_tts_publish":false,"_lgc_tts_history_item_id":"","_lgc_tts_generated_at":"","_lgc_tts_status":"","_lgc_tts_error":"","footnotes":""},"categories":[216],"tags":[],"staff":[],"editorial_format":[1472],"serie":[],"audience":[],"geo":[177],"class_list":["post-108392","post","type-post","status-publish","format-standard","hentry","category-la-guerra-en-ucrania-dia-a-dia","editorial_format-analisis","geo-europa"],"acf":{"open_in_webview":false,"accent":"default","_thumbnail_id":108397,"excerpt":"A pesar de que el frente se ha estancado, el n\u00famero de v\u00edctimas civiles sigue aumentando.","display_date":"","new_abstract":true},"yoast_head":"<!-- This site is optimized with the Yoast SEO plugin v26.1.1 - https:\/\/yoast.com\/wordpress\/plugins\/seo\/ -->\n<title>En Ucrania y Rusia, el aumento de los ataques a\u00e9reos agrava el n\u00famero de v\u00edctimas civiles - El Grand Continent<\/title>\n<meta name=\"robots\" content=\"index, follow, max-snippet:-1, max-image-preview:large, max-video-preview:-1\" \/>\n<link rel=\"canonical\" href=\"https:\/\/legrandcontinent.eu\/es\/2026\/08\/13\/en-ucrania-y-rusia-la-multiplicacion-de-ataques-aereos-aumenta-las-muertes-civiles\/\" \/>\n<meta property=\"og:locale\" content=\"es_ES\" \/>\n<meta property=\"og:type\" content=\"article\" \/>\n<meta property=\"og:title\" content=\"En Ucrania y Rusia, el aumento de los ataques a\u00e9reos agrava el n\u00famero de v\u00edctimas civiles - El Grand Continent\" \/>\n<meta property=\"og:description\" content=\"A pesar de que el frente se ha estancado, el n\u00famero de v\u00edctimas civiles sigue aumentando.\" \/>\n<meta property=\"og:url\" content=\"https:\/\/legrandcontinent.eu\/es\/2026\/08\/13\/en-ucrania-y-rusia-la-multiplicacion-de-ataques-aereos-aumenta-las-muertes-civiles\/\" \/>\n<meta property=\"og:site_name\" content=\"El Grand Continent\" \/>\n<meta property=\"article:published_time\" content=\"2026-08-13T07:03:39+00:00\" \/>\n<meta property=\"article:modified_time\" content=\"2026-08-13T07:03:43+00:00\" \/>\n<meta property=\"og:image\" content=\"https:\/\/legrandcontinent.eu\/es\/wp-content\/uploads\/sites\/6\/2026\/08\/FLTkW-victimas-civiles-en-ucrania-.png\" \/>\n\t<meta property=\"og:image:width\" content=\"900\" \/>\n\t<meta property=\"og:image:height\" content=\"728\" \/>\n\t<meta property=\"og:image:type\" content=\"image\/png\" \/>\n<meta name=\"author\" content=\"Marin Saillofest\" \/>\n<meta name=\"twitter:card\" content=\"summary_large_image\" \/>\n<meta name=\"twitter:label1\" content=\"Escrito por\" \/>\n\t<meta name=\"twitter:data1\" content=\"Marin Saillofest\" \/>\n\t<meta name=\"twitter:label2\" content=\"Tiempo de lectura\" \/>\n\t<meta name=\"twitter:data2\" content=\"3 minutos\" \/>\n<script type=\"application\/ld+json\" class=\"yoast-schema-graph\">{\"@context\":\"https:\/\/schema.org\",\"@graph\":[{\"@type\":\"WebPage\",\"@id\":\"https:\/\/legrandcontinent.eu\/es\/2026\/08\/13\/en-ucrania-y-rusia-la-multiplicacion-de-ataques-aereos-aumenta-las-muertes-civiles\/\",\"url\":\"https:\/\/legrandcontinent.eu\/es\/2026\/08\/13\/en-ucrania-y-rusia-la-multiplicacion-de-ataques-aereos-aumenta-las-muertes-civiles\/\",\"name\":\"En Ucrania y Rusia, el aumento de los ataques a\u00e9reos agrava el n\u00famero de v\u00edctimas civiles - El Grand Continent\",\"isPartOf\":{\"@id\":\"https:\/\/legrandcontinent.eu\/es\/#website\"},\"primaryImageOfPage\":{\"@id\":\"https:\/\/legrandcontinent.eu\/es\/2026\/08\/13\/en-ucrania-y-rusia-la-multiplicacion-de-ataques-aereos-aumenta-las-muertes-civiles\/#primaryimage\"},\"image\":{\"@id\":\"https:\/\/legrandcontinent.eu\/es\/2026\/08\/13\/en-ucrania-y-rusia-la-multiplicacion-de-ataques-aereos-aumenta-las-muertes-civiles\/#primaryimage\"},\"thumbnailUrl\":\"https:\/\/legrandcontinent.eu\/es\/wp-content\/uploads\/sites\/6\/2026\/08\/FLTkW-victimas-civiles-en-ucrania-.png\",\"datePublished\":\"2026-08-13T07:03:39+00:00\",\"dateModified\":\"2026-08-13T07:03:43+00:00\",\"author\":{\"@id\":\"https:\/\/legrandcontinent.eu\/es\/#\/schema\/person\/e4f85f52220fc7b4cc3cfdb86d88e833\"},\"breadcrumb\":{\"@id\":\"https:\/\/legrandcontinent.eu\/es\/2026\/08\/13\/en-ucrania-y-rusia-la-multiplicacion-de-ataques-aereos-aumenta-las-muertes-civiles\/#breadcrumb\"},\"inLanguage\":\"es\",\"potentialAction\":[{\"@type\":\"ReadAction\",\"target\":[\"https:\/\/legrandcontinent.eu\/es\/2026\/08\/13\/en-ucrania-y-rusia-la-multiplicacion-de-ataques-aereos-aumenta-las-muertes-civiles\/\"]}]},{\"@type\":\"ImageObject\",\"inLanguage\":\"es\",\"@id\":\"https:\/\/legrandcontinent.eu\/es\/2026\/08\/13\/en-ucrania-y-rusia-la-multiplicacion-de-ataques-aereos-aumenta-las-muertes-civiles\/#primaryimage\",\"url\":\"https:\/\/legrandcontinent.eu\/es\/wp-content\/uploads\/sites\/6\/2026\/08\/FLTkW-victimas-civiles-en-ucrania-.png\",\"contentUrl\":\"https:\/\/legrandcontinent.eu\/es\/wp-content\/uploads\/sites\/6\/2026\/08\/FLTkW-victimas-civiles-en-ucrania-.png\",\"width\":900,\"height\":728},{\"@type\":\"BreadcrumbList\",\"@id\":\"https:\/\/legrandcontinent.eu\/es\/2026\/08\/13\/en-ucrania-y-rusia-la-multiplicacion-de-ataques-aereos-aumenta-las-muertes-civiles\/#breadcrumb\",\"itemListElement\":[{\"@type\":\"ListItem\",\"position\":1,\"name\":\"Home\",\"item\":\"https:\/\/legrandcontinent.eu\/es\/\"},{\"@type\":\"ListItem\",\"position\":2,\"name\":\"En Ucrania y Rusia, el aumento de los ataques a\u00e9reos agrava el n\u00famero de v\u00edctimas civiles\"}]},{\"@type\":\"WebSite\",\"@id\":\"https:\/\/legrandcontinent.eu\/es\/#website\",\"url\":\"https:\/\/legrandcontinent.eu\/es\/\",\"name\":\"El Grand Continent\",\"description\":\"La escala pertinente\",\"potentialAction\":[{\"@type\":\"SearchAction\",\"target\":{\"@type\":\"EntryPoint\",\"urlTemplate\":\"https:\/\/legrandcontinent.eu\/es\/?s={search_term_string}\"},\"query-input\":{\"@type\":\"PropertyValueSpecification\",\"valueRequired\":true,\"valueName\":\"search_term_string\"}}],\"inLanguage\":\"es\"},{\"@type\":\"Person\",\"@id\":\"https:\/\/legrandcontinent.eu\/es\/#\/schema\/person\/e4f85f52220fc7b4cc3cfdb86d88e833\",\"name\":\"Marin Saillofest\",\"image\":{\"@type\":\"ImageObject\",\"inLanguage\":\"es\",\"@id\":\"https:\/\/legrandcontinent.eu\/es\/#\/schema\/person\/image\/\",\"url\":\"https:\/\/secure.gravatar.com\/avatar\/87088698b4d967390c49ae6d4f1aa459?s=96&d=mm&r=g\",\"contentUrl\":\"https:\/\/secure.gravatar.com\/avatar\/87088698b4d967390c49ae6d4f1aa459?s=96&d=mm&r=g\",\"caption\":\"Marin Saillofest\"}}]}<\/script>\n<!-- \/ Yoast SEO plugin. -->","yoast_head_json":{"title":"En Ucrania y Rusia, el aumento de los ataques a\u00e9reos agrava el n\u00famero de v\u00edctimas civiles - El Grand Continent","robots":{"index":"index","follow":"follow","max-snippet":"max-snippet:-1","max-image-preview":"max-image-preview:large","max-video-preview":"max-video-preview:-1"},"canonical":"https:\/\/legrandcontinent.eu\/es\/2026\/08\/13\/en-ucrania-y-rusia-la-multiplicacion-de-ataques-aereos-aumenta-las-muertes-civiles\/","og_locale":"es_ES","og_type":"article","og_title":"En Ucrania y Rusia, el aumento de los ataques a\u00e9reos agrava el n\u00famero de v\u00edctimas civiles - El Grand Continent","og_description":"A pesar de que el frente se ha estancado, el n\u00famero de v\u00edctimas civiles sigue aumentando.","og_url":"https:\/\/legrandcontinent.eu\/es\/2026\/08\/13\/en-ucrania-y-rusia-la-multiplicacion-de-ataques-aereos-aumenta-las-muertes-civiles\/","og_site_name":"El Grand Continent","article_published_time":"2026-08-13T07:03:39+00:00","article_modified_time":"2026-08-13T07:03:43+00:00","og_image":[{"width":900,"height":728,"url":"https:\/\/legrandcontinent.eu\/es\/wp-content\/uploads\/sites\/6\/2026\/08\/FLTkW-victimas-civiles-en-ucrania-.png","type":"image\/png"}],"author":"Marin Saillofest","twitter_card":"summary_large_image","twitter_misc":{"Escrito por":"Marin Saillofest","Tiempo de lectura":"3 minutos"},"schema":{"@context":"https:\/\/schema.org","@graph":[{"@type":"WebPage","@id":"https:\/\/legrandcontinent.eu\/es\/2026\/08\/13\/en-ucrania-y-rusia-la-multiplicacion-de-ataques-aereos-aumenta-las-muertes-civiles\/","url":"https:\/\/legrandcontinent.eu\/es\/2026\/08\/13\/en-ucrania-y-rusia-la-multiplicacion-de-ataques-aereos-aumenta-las-muertes-civiles\/","name":"En Ucrania y Rusia, el aumento de los ataques a\u00e9reos agrava el n\u00famero de v\u00edctimas civiles - El Grand Continent","isPartOf":{"@id":"https:\/\/legrandcontinent.eu\/es\/#website"},"primaryImageOfPage":{"@id":"https:\/\/legrandcontinent.eu\/es\/2026\/08\/13\/en-ucrania-y-rusia-la-multiplicacion-de-ataques-aereos-aumenta-las-muertes-civiles\/#primaryimage"},"image":{"@id":"https:\/\/legrandcontinent.eu\/es\/2026\/08\/13\/en-ucrania-y-rusia-la-multiplicacion-de-ataques-aereos-aumenta-las-muertes-civiles\/#primaryimage"},"thumbnailUrl":"https:\/\/legrandcontinent.eu\/es\/wp-content\/uploads\/sites\/6\/2026\/08\/FLTkW-victimas-civiles-en-ucrania-.png","datePublished":"2026-08-13T07:03:39+00:00","dateModified":"2026-08-13T07:03:43+00:00","author":{"@id":"https:\/\/legrandcontinent.eu\/es\/#\/schema\/person\/e4f85f52220fc7b4cc3cfdb86d88e833"},"breadcrumb":{"@id":"https:\/\/legrandcontinent.eu\/es\/2026\/08\/13\/en-ucrania-y-rusia-la-multiplicacion-de-ataques-aereos-aumenta-las-muertes-civiles\/#breadcrumb"},"inLanguage":"es","potentialAction":[{"@type":"ReadAction","target":["https:\/\/legrandcontinent.eu\/es\/2026\/08\/13\/en-ucrania-y-rusia-la-multiplicacion-de-ataques-aereos-aumenta-las-muertes-civiles\/"]}]},{"@type":"ImageObject","inLanguage":"es","@id":"https:\/\/legrandcontinent.eu\/es\/2026\/08\/13\/en-ucrania-y-rusia-la-multiplicacion-de-ataques-aereos-aumenta-las-muertes-civiles\/#primaryimage","url":"https:\/\/legrandcontinent.eu\/es\/wp-content\/uploads\/sites\/6\/2026\/08\/FLTkW-victimas-civiles-en-ucrania-.png","contentUrl":"https:\/\/legrandcontinent.eu\/es\/wp-content\/uploads\/sites\/6\/2026\/08\/FLTkW-victimas-civiles-en-ucrania-.png","width":900,"height":728},{"@type":"BreadcrumbList","@id":"https:\/\/legrandcontinent.eu\/es\/2026\/08\/13\/en-ucrania-y-rusia-la-multiplicacion-de-ataques-aereos-aumenta-las-muertes-civiles\/#breadcrumb","itemListElement":[{"@type":"ListItem","position":1,"name":"Home","item":"https:\/\/legrandcontinent.eu\/es\/"},{"@type":"ListItem","position":2,"name":"En Ucrania y Rusia, el aumento de los ataques a\u00e9reos agrava el n\u00famero de v\u00edctimas civiles"}]},{"@type":"WebSite","@id":"https:\/\/legrandcontinent.eu\/es\/#website","url":"https:\/\/legrandcontinent.eu\/es\/","name":"El Grand Continent","description":"La escala pertinente","potentialAction":[{"@type":"SearchAction","target":{"@type":"EntryPoint","urlTemplate":"https:\/\/legrandcontinent.eu\/es\/?s={search_term_string}"},"query-input":{"@type":"PropertyValueSpecification","valueRequired":true,"valueName":"search_term_string"}}],"inLanguage":"es"},{"@type":"Person","@id":"https:\/\/legrandcontinent.eu\/es\/#\/schema\/person\/e4f85f52220fc7b4cc3cfdb86d88e833","name":"Marin Saillofest","image":{"@type":"ImageObject","inLanguage":"es","@id":"https:\/\/legrandcontinent.eu\/es\/#\/schema\/person\/image\/","url":"https:\/\/secure.gravatar.com\/avatar\/87088698b4d967390c49ae6d4f1aa459?s=96&d=mm&r=g","contentUrl":"https:\/\/secure.gravatar.com\/avatar\/87088698b4d967390c49ae6d4f1aa459?s=96&d=mm&r=g","caption":"Marin Saillofest"}}]}},"lgc_categories":[{"id":216,"name":"La guerra en Ucrania d\u00eda a d\u00eda","slug":"la-guerra-en-ucrania-dia-a-dia"}],"lgc_author":null,"feature_image_summary":{"url":"https:\/\/legrandcontinent.eu\/es\/wp-content\/uploads\/sites\/6\/2026\/08\/FLTkW-victimas-civiles-en-ucrania-.png","width":900,"height":728,"alt":""},"feature_image_cover":null,"term_position_data":null,"_links":{"self":[{"href":"https:\/\/legrandcontinent.eu\/es\/wp-json\/wp\/v2\/posts\/108392","targetHints":{"allow":["GET"]}}],"collection":[{"href":"https:\/\/legrandcontinent.eu\/es\/wp-json\/wp\/v2\/posts"}],"about":[{"href":"https:\/\/legrandcontinent.eu\/es\/wp-json\/wp\/v2\/types\/post"}],"author":[{"embeddable":true,"href":"https:\/\/legrandcontinent.eu\/es\/wp-json\/wp\/v2\/users\/2622"}],"replies":[{"embeddable":true,"href":"https:\/\/legrandcontinent.eu\/es\/wp-json\/wp\/v2\/comments?post=108392"}],"version-history":[{"count":5,"href":"https:\/\/legrandcontinent.eu\/es\/wp-json\/wp\/v2\/posts\/108392\/revisions"}],"predecessor-version":[{"id":108399,"href":"https:\/\/legrandcontinent.eu\/es\/wp-json\/wp\/v2\/posts\/108392\/revisions\/108399"}],"wp:featuredmedia":[{"embeddable":true,"href":"https:\/\/legrandcontinent.eu\/es\/wp-json\/wp\/v2\/media\/108397"}],"wp:attachment":[{"href":"https:\/\/legrandcontinent.eu\/es\/wp-json\/wp\/v2\/media?parent=108392"}],"wp:term":[{"taxonomy":"category","embeddable":true,"href":"https:\/\/legrandcontinent.eu\/es\/wp-json\/wp\/v2\/categories?post=108392"},{"taxonomy":"post_tag","embeddable":true,"href":"https:\/\/legrandcontinent.eu\/es\/wp-json\/wp\/v2\/tags?post=108392"},{"taxonomy":"staff","embeddable":true,"href":"https:\/\/legrandcontinent.eu\/es\/wp-json\/wp\/v2\/staff?post=108392"},{"taxonomy":"editorial_format","embeddable":true,"href":"https:\/\/legrandcontinent.eu\/es\/wp-json\/wp\/v2\/editorial_format?post=108392"},{"taxonomy":"serie","embeddable":true,"href":"https:\/\/legrandcontinent.eu\/es\/wp-json\/wp\/v2\/serie?post=108392"},{"taxonomy":"audience","embeddable":true,"href":"https:\/\/legrandcontinent.eu\/es\/wp-json\/wp\/v2\/audience?post=108392"},{"taxonomy":"geo","embeddable":true,"href":"https:\/\/legrandcontinent.eu\/es\/wp-json\/wp\/v2\/geo?post=108392"}],"curies":[{"name":"wp","href":"https:\/\/api.w.org\/{rel}","templated":true}]}}