{"id":108243,"date":"2026-08-11T21:37:43","date_gmt":"2026-08-11T19:37:43","guid":{"rendered":"https:\/\/legrandcontinent.eu\/es\/?p=108243"},"modified":"2026-08-11T21:37:47","modified_gmt":"2026-08-11T19:37:47","slug":"en-ano-y-medio-trump-creo-17-veces-menos-empleos-que-biden","status":"publish","type":"post","link":"https:\/\/legrandcontinent.eu\/es\/2026\/08\/11\/en-ano-y-medio-trump-creo-17-veces-menos-empleos-que-biden\/","title":{"rendered":"En un a\u00f1o y medio, Trump ha creado 17 veces menos puestos de trabajo que Joe Biden"},"content":{"rendered":"\n<p>Los \u00faltimos datos publicados por el Departamento de Trabajo de Estados Unidos muestran que el mercado laboral estadounidense sigue deterior\u00e1ndose. En julio, el pa\u00eds perdi\u00f3 23.000 puestos de trabajo, mientras que las cifras de los meses anteriores se han revisado notablemente a la baja: -103.000 puestos de trabajo en mayo y junio con respecto a las primeras estimaciones.<\/p>\n\n\n\n<ul class=\"wp-block-list\">\n<li>En el transcurso de un a\u00f1o, entre julio de 2025 y julio de 2026, el empleo solo creci\u00f3 un 0,2 %, lo que supone la creaci\u00f3n de 316.000 puestos de trabajo.<\/li>\n\n\n\n<li>Es la mitad de la poblaci\u00f3n del pa\u00eds, que crece aproximadamente un 0,5 % al a\u00f1o (1,8 millones de personas).<\/li>\n<\/ul>\n\n\n\n<div class=\"iframe-container wp-block-image wp-block-image-medium  iframe-dw\">\n\t<div>\n\t\t<iframe class=\"absolute w-full h-full pin-t pin-l\" title=\"titolo\" aria-label=\"Interactive line chart\" src=\"\/\/datawrapper.dwcdn.net\/ZKuvW\/\" scrolling=\"no\" frameborder=\"0\"><\/iframe>\n\t<\/div>\n<\/div>\n\n\n\n<p>Entre enero de 2025 y julio de 2026, solo se crearon 590.000 nuevos puestos de trabajo, es decir, 17 veces menos que bajo el mandato de Joe Biden durante el mismo periodo (10.209.000 empleos), cuando el mercado laboral experiment\u00f3 un repunte tras la pandemia de COVID-19.<\/p>\n\n\n\n<p>El propio Trump hab\u00eda registrado mejores cifras durante los primeros 19 meses de su primer mandato (2017-2021), con 3.392.000 puestos de trabajo creados.<\/p>\n\n\n\n<ul class=\"wp-block-list\">\n<li>A pesar de la debilidad del mercado laboral, la tasa de desempleo alcanz\u00f3 el 4,1 % el mes pasado (-0,1 puntos), lo que supone su nivel m\u00e1s bajo en m\u00e1s de un a\u00f1o.<\/li>\n\n\n\n<li>Este descenso se debe, sobre todo, a una reducci\u00f3n de la poblaci\u00f3n activa, provocada por una oleada de jubilaciones y por el hecho de que algunos solicitantes de empleo han dejado de buscar trabajo a la espera de mejores oportunidades.<\/li>\n\n\n\n<li>En consecuencia, la proporci\u00f3n de estadounidenses que trabajan o que buscan empleo activamente se encuentra en su nivel m\u00e1s bajo desde febrero de 2021.<\/li>\n<\/ul>\n\n\n\n<div class=\"iframe-container wp-block-image wp-block-image-medium  iframe-dw\">\n\t<div>\n\t\t<iframe class=\"absolute w-full h-full pin-t pin-l\" title=\"titolo\" aria-label=\"Interactive line chart\" src=\"\/\/datawrapper.dwcdn.net\/FPCVN\/\" scrolling=\"no\" frameborder=\"0\"><\/iframe>\n\t<\/div>\n<\/div>\n\n\n\n<p>A menos de tres meses de las elecciones de mitad de mandato, las cifras del Departamento de Trabajo muestran tambi\u00e9n que el crecimiento de los salarios medios ha alcanzado su ritmo m\u00e1s bajo desde el inicio de la pandemia.<\/p>\n\n\n\n<ul class=\"wp-block-list\">\n<li>En abril y mayo, la inflaci\u00f3n creci\u00f3 m\u00e1s r\u00e1pido que los salarios por primera vez desde mayo de 2023.<\/li>\n<\/ul>\n","protected":false},"excerpt":{"rendered":"<p>En abril y mayo, la inflaci\u00f3n creci\u00f3 m\u00e1s r\u00e1pido que los salarios por primera vez desde mayo de 2023.<\/p>\n","protected":false},"author":2622,"featured_media":108231,"comment_status":"closed","ping_status":"closed","sticky":false,"template":"templates\/post-briefings.php","format":"standard","meta":{"_acf_changed":false,"_trash_the_other_posts":false,"_yoast_wpseo_estimated-reading-time-minutes":2,"_lgc_tts_voice":"","_lgc_tts_publish":false,"_lgc_tts_history_item_id":"","_lgc_tts_generated_at":"","_lgc_tts_status":"","_lgc_tts_error":"","footnotes":""},"categories":[5],"tags":[],"staff":[966],"editorial_format":[1472],"serie":[],"audience":[],"geo":[172],"class_list":["post-108243","post","type-post","status-publish","format-standard","hentry","category-economia","staff-guillaume-duval","editorial_format-analisis","geo-americas"],"acf":{"open_in_webview":false,"accent":"default","_thumbnail_id":108231,"excerpt":"En abril y mayo, la inflaci\u00f3n creci\u00f3 m\u00e1s r\u00e1pido que los salarios por primera vez desde mayo de 2023.","display_date":"","new_abstract":true},"yoast_head":"<!-- This site is optimized with the Yoast SEO plugin v26.1.1 - https:\/\/yoast.com\/wordpress\/plugins\/seo\/ -->\n<title>En un a\u00f1o y medio, Trump ha creado 17 veces menos puestos de trabajo que Joe Biden - El Grand Continent<\/title>\n<meta name=\"robots\" content=\"index, follow, max-snippet:-1, max-image-preview:large, max-video-preview:-1\" \/>\n<link rel=\"canonical\" href=\"https:\/\/legrandcontinent.eu\/es\/2026\/08\/11\/en-ano-y-medio-trump-creo-17-veces-menos-empleos-que-biden\/\" \/>\n<meta property=\"og:locale\" content=\"es_ES\" \/>\n<meta property=\"og:type\" content=\"article\" \/>\n<meta property=\"og:title\" content=\"En un a\u00f1o y medio, Trump ha creado 17 veces menos puestos de trabajo que Joe Biden - El Grand Continent\" \/>\n<meta property=\"og:description\" content=\"En abril y mayo, la inflaci\u00f3n creci\u00f3 m\u00e1s r\u00e1pido que los salarios por primera vez desde mayo de 2023.\" \/>\n<meta property=\"og:url\" content=\"https:\/\/legrandcontinent.eu\/es\/2026\/08\/11\/en-ano-y-medio-trump-creo-17-veces-menos-empleos-que-biden\/\" \/>\n<meta property=\"og:site_name\" content=\"El Grand Continent\" \/>\n<meta property=\"article:published_time\" content=\"2026-08-11T19:37:43+00:00\" \/>\n<meta property=\"article:modified_time\" content=\"2026-08-11T19:37:47+00:00\" \/>\n<meta property=\"og:image\" content=\"https:\/\/legrandcontinent.eu\/es\/wp-content\/uploads\/sites\/2\/2026\/08\/Evolution-de-lemploi-non-agricole-aux-Etats-Unis.png\" \/>\n\t<meta property=\"og:image:width\" content=\"1884\" \/>\n\t<meta property=\"og:image:height\" content=\"1044\" \/>\n\t<meta property=\"og:image:type\" content=\"image\/png\" \/>\n<meta name=\"author\" content=\"Marin Saillofest\" \/>\n<meta name=\"twitter:card\" content=\"summary_large_image\" \/>\n<meta name=\"twitter:label1\" content=\"Escrito por\" \/>\n\t<meta name=\"twitter:data1\" content=\"Marin Saillofest\" \/>\n\t<meta name=\"twitter:label2\" content=\"Tiempo de lectura\" \/>\n\t<meta name=\"twitter:data2\" content=\"2 minutos\" \/>\n<script type=\"application\/ld+json\" class=\"yoast-schema-graph\">{\"@context\":\"https:\/\/schema.org\",\"@graph\":[{\"@type\":\"WebPage\",\"@id\":\"https:\/\/legrandcontinent.eu\/es\/2026\/08\/11\/en-ano-y-medio-trump-creo-17-veces-menos-empleos-que-biden\/\",\"url\":\"https:\/\/legrandcontinent.eu\/es\/2026\/08\/11\/en-ano-y-medio-trump-creo-17-veces-menos-empleos-que-biden\/\",\"name\":\"En un a\u00f1o y medio, Trump ha creado 17 veces menos puestos de trabajo que Joe Biden - El Grand Continent\",\"isPartOf\":{\"@id\":\"https:\/\/legrandcontinent.eu\/es\/#website\"},\"primaryImageOfPage\":{\"@id\":\"https:\/\/legrandcontinent.eu\/es\/2026\/08\/11\/en-ano-y-medio-trump-creo-17-veces-menos-empleos-que-biden\/#primaryimage\"},\"image\":{\"@id\":\"https:\/\/legrandcontinent.eu\/es\/2026\/08\/11\/en-ano-y-medio-trump-creo-17-veces-menos-empleos-que-biden\/#primaryimage\"},\"thumbnailUrl\":\"https:\/\/legrandcontinent.eu\/es\/wp-content\/uploads\/sites\/2\/2026\/08\/Evolution-de-lemploi-non-agricole-aux-Etats-Unis.png\",\"datePublished\":\"2026-08-11T19:37:43+00:00\",\"dateModified\":\"2026-08-11T19:37:47+00:00\",\"author\":{\"@id\":\"https:\/\/legrandcontinent.eu\/es\/#\/schema\/person\/e4f85f52220fc7b4cc3cfdb86d88e833\"},\"breadcrumb\":{\"@id\":\"https:\/\/legrandcontinent.eu\/es\/2026\/08\/11\/en-ano-y-medio-trump-creo-17-veces-menos-empleos-que-biden\/#breadcrumb\"},\"inLanguage\":\"es\",\"potentialAction\":[{\"@type\":\"ReadAction\",\"target\":[\"https:\/\/legrandcontinent.eu\/es\/2026\/08\/11\/en-ano-y-medio-trump-creo-17-veces-menos-empleos-que-biden\/\"]}]},{\"@type\":\"ImageObject\",\"inLanguage\":\"es\",\"@id\":\"https:\/\/legrandcontinent.eu\/es\/2026\/08\/11\/en-ano-y-medio-trump-creo-17-veces-menos-empleos-que-biden\/#primaryimage\",\"url\":\"https:\/\/legrandcontinent.eu\/es\/wp-content\/uploads\/sites\/2\/2026\/08\/Evolution-de-lemploi-non-agricole-aux-Etats-Unis.png\",\"contentUrl\":\"https:\/\/legrandcontinent.eu\/es\/wp-content\/uploads\/sites\/2\/2026\/08\/Evolution-de-lemploi-non-agricole-aux-Etats-Unis.png\",\"width\":1884,\"height\":1044},{\"@type\":\"BreadcrumbList\",\"@id\":\"https:\/\/legrandcontinent.eu\/es\/2026\/08\/11\/en-ano-y-medio-trump-creo-17-veces-menos-empleos-que-biden\/#breadcrumb\",\"itemListElement\":[{\"@type\":\"ListItem\",\"position\":1,\"name\":\"Home\",\"item\":\"https:\/\/legrandcontinent.eu\/es\/\"},{\"@type\":\"ListItem\",\"position\":2,\"name\":\"En un a\u00f1o y medio, Trump ha creado 17 veces menos puestos de trabajo que Joe Biden\"}]},{\"@type\":\"WebSite\",\"@id\":\"https:\/\/legrandcontinent.eu\/es\/#website\",\"url\":\"https:\/\/legrandcontinent.eu\/es\/\",\"name\":\"El Grand Continent\",\"description\":\"La escala pertinente\",\"potentialAction\":[{\"@type\":\"SearchAction\",\"target\":{\"@type\":\"EntryPoint\",\"urlTemplate\":\"https:\/\/legrandcontinent.eu\/es\/?s={search_term_string}\"},\"query-input\":{\"@type\":\"PropertyValueSpecification\",\"valueRequired\":true,\"valueName\":\"search_term_string\"}}],\"inLanguage\":\"es\"},{\"@type\":\"Person\",\"@id\":\"https:\/\/legrandcontinent.eu\/es\/#\/schema\/person\/e4f85f52220fc7b4cc3cfdb86d88e833\",\"name\":\"Marin Saillofest\",\"image\":{\"@type\":\"ImageObject\",\"inLanguage\":\"es\",\"@id\":\"https:\/\/legrandcontinent.eu\/es\/#\/schema\/person\/image\/\",\"url\":\"https:\/\/secure.gravatar.com\/avatar\/87088698b4d967390c49ae6d4f1aa459?s=96&d=mm&r=g\",\"contentUrl\":\"https:\/\/secure.gravatar.com\/avatar\/87088698b4d967390c49ae6d4f1aa459?s=96&d=mm&r=g\",\"caption\":\"Marin Saillofest\"}}]}<\/script>\n<!-- \/ Yoast SEO plugin. -->","yoast_head_json":{"title":"En un a\u00f1o y medio, Trump ha creado 17 veces menos puestos de trabajo que Joe Biden - El Grand Continent","robots":{"index":"index","follow":"follow","max-snippet":"max-snippet:-1","max-image-preview":"max-image-preview:large","max-video-preview":"max-video-preview:-1"},"canonical":"https:\/\/legrandcontinent.eu\/es\/2026\/08\/11\/en-ano-y-medio-trump-creo-17-veces-menos-empleos-que-biden\/","og_locale":"es_ES","og_type":"article","og_title":"En un a\u00f1o y medio, Trump ha creado 17 veces menos puestos de trabajo que Joe Biden - El Grand Continent","og_description":"En abril y mayo, la inflaci\u00f3n creci\u00f3 m\u00e1s r\u00e1pido que los salarios por primera vez desde mayo de 2023.","og_url":"https:\/\/legrandcontinent.eu\/es\/2026\/08\/11\/en-ano-y-medio-trump-creo-17-veces-menos-empleos-que-biden\/","og_site_name":"El Grand Continent","article_published_time":"2026-08-11T19:37:43+00:00","article_modified_time":"2026-08-11T19:37:47+00:00","og_image":[{"width":1884,"height":1044,"url":"https:\/\/legrandcontinent.eu\/es\/wp-content\/uploads\/sites\/2\/2026\/08\/Evolution-de-lemploi-non-agricole-aux-Etats-Unis.png","type":"image\/png"}],"author":"Marin Saillofest","twitter_card":"summary_large_image","twitter_misc":{"Escrito por":"Marin Saillofest","Tiempo de lectura":"2 minutos"},"schema":{"@context":"https:\/\/schema.org","@graph":[{"@type":"WebPage","@id":"https:\/\/legrandcontinent.eu\/es\/2026\/08\/11\/en-ano-y-medio-trump-creo-17-veces-menos-empleos-que-biden\/","url":"https:\/\/legrandcontinent.eu\/es\/2026\/08\/11\/en-ano-y-medio-trump-creo-17-veces-menos-empleos-que-biden\/","name":"En un a\u00f1o y medio, Trump ha creado 17 veces menos puestos de trabajo que Joe Biden - El Grand Continent","isPartOf":{"@id":"https:\/\/legrandcontinent.eu\/es\/#website"},"primaryImageOfPage":{"@id":"https:\/\/legrandcontinent.eu\/es\/2026\/08\/11\/en-ano-y-medio-trump-creo-17-veces-menos-empleos-que-biden\/#primaryimage"},"image":{"@id":"https:\/\/legrandcontinent.eu\/es\/2026\/08\/11\/en-ano-y-medio-trump-creo-17-veces-menos-empleos-que-biden\/#primaryimage"},"thumbnailUrl":"https:\/\/legrandcontinent.eu\/es\/wp-content\/uploads\/sites\/2\/2026\/08\/Evolution-de-lemploi-non-agricole-aux-Etats-Unis.png","datePublished":"2026-08-11T19:37:43+00:00","dateModified":"2026-08-11T19:37:47+00:00","author":{"@id":"https:\/\/legrandcontinent.eu\/es\/#\/schema\/person\/e4f85f52220fc7b4cc3cfdb86d88e833"},"breadcrumb":{"@id":"https:\/\/legrandcontinent.eu\/es\/2026\/08\/11\/en-ano-y-medio-trump-creo-17-veces-menos-empleos-que-biden\/#breadcrumb"},"inLanguage":"es","potentialAction":[{"@type":"ReadAction","target":["https:\/\/legrandcontinent.eu\/es\/2026\/08\/11\/en-ano-y-medio-trump-creo-17-veces-menos-empleos-que-biden\/"]}]},{"@type":"ImageObject","inLanguage":"es","@id":"https:\/\/legrandcontinent.eu\/es\/2026\/08\/11\/en-ano-y-medio-trump-creo-17-veces-menos-empleos-que-biden\/#primaryimage","url":"https:\/\/legrandcontinent.eu\/es\/wp-content\/uploads\/sites\/2\/2026\/08\/Evolution-de-lemploi-non-agricole-aux-Etats-Unis.png","contentUrl":"https:\/\/legrandcontinent.eu\/es\/wp-content\/uploads\/sites\/2\/2026\/08\/Evolution-de-lemploi-non-agricole-aux-Etats-Unis.png","width":1884,"height":1044},{"@type":"BreadcrumbList","@id":"https:\/\/legrandcontinent.eu\/es\/2026\/08\/11\/en-ano-y-medio-trump-creo-17-veces-menos-empleos-que-biden\/#breadcrumb","itemListElement":[{"@type":"ListItem","position":1,"name":"Home","item":"https:\/\/legrandcontinent.eu\/es\/"},{"@type":"ListItem","position":2,"name":"En un a\u00f1o y medio, Trump ha creado 17 veces menos puestos de trabajo que Joe Biden"}]},{"@type":"WebSite","@id":"https:\/\/legrandcontinent.eu\/es\/#website","url":"https:\/\/legrandcontinent.eu\/es\/","name":"El Grand Continent","description":"La escala pertinente","potentialAction":[{"@type":"SearchAction","target":{"@type":"EntryPoint","urlTemplate":"https:\/\/legrandcontinent.eu\/es\/?s={search_term_string}"},"query-input":{"@type":"PropertyValueSpecification","valueRequired":true,"valueName":"search_term_string"}}],"inLanguage":"es"},{"@type":"Person","@id":"https:\/\/legrandcontinent.eu\/es\/#\/schema\/person\/e4f85f52220fc7b4cc3cfdb86d88e833","name":"Marin Saillofest","image":{"@type":"ImageObject","inLanguage":"es","@id":"https:\/\/legrandcontinent.eu\/es\/#\/schema\/person\/image\/","url":"https:\/\/secure.gravatar.com\/avatar\/87088698b4d967390c49ae6d4f1aa459?s=96&d=mm&r=g","contentUrl":"https:\/\/secure.gravatar.com\/avatar\/87088698b4d967390c49ae6d4f1aa459?s=96&d=mm&r=g","caption":"Marin Saillofest"}}]}},"lgc_categories":[{"id":5,"name":"Econom\u00eda","slug":"economia"}],"lgc_author":{"id":966,"name":"Guillaume Duval","slug":"guillaume-duval","description":"Guillaume Duval es antiguo redactor jefe de Alternatives \u00c9conomiques. Es autor de \u00abMade in Germany, le mod\u00e8le allemand au del\u00e0 des mythes\u00bb, publicado por Seuil.\r\n","first_name":"Guillaume","last_name":"Duval","picture":{"url":"https:\/\/legrandcontinent.eu\/es\/wp-content\/uploads\/sites\/2\/2024\/12\/gc-GuillaumeDuval-1.png","width":222,"height":222,"alt":""}},"feature_image_summary":{"url":"https:\/\/legrandcontinent.eu\/es\/wp-content\/uploads\/sites\/2\/2026\/08\/Evolution-de-lemploi-non-agricole-aux-Etats-Unis.png","width":1884,"height":1044,"alt":""},"feature_image_cover":null,"term_position_data":null,"_links":{"self":[{"href":"https:\/\/legrandcontinent.eu\/es\/wp-json\/wp\/v2\/posts\/108243","targetHints":{"allow":["GET"]}}],"collection":[{"href":"https:\/\/legrandcontinent.eu\/es\/wp-json\/wp\/v2\/posts"}],"about":[{"href":"https:\/\/legrandcontinent.eu\/es\/wp-json\/wp\/v2\/types\/post"}],"author":[{"embeddable":true,"href":"https:\/\/legrandcontinent.eu\/es\/wp-json\/wp\/v2\/users\/2622"}],"replies":[{"embeddable":true,"href":"https:\/\/legrandcontinent.eu\/es\/wp-json\/wp\/v2\/comments?post=108243"}],"version-history":[{"count":5,"href":"https:\/\/legrandcontinent.eu\/es\/wp-json\/wp\/v2\/posts\/108243\/revisions"}],"predecessor-version":[{"id":108249,"href":"https:\/\/legrandcontinent.eu\/es\/wp-json\/wp\/v2\/posts\/108243\/revisions\/108249"}],"wp:featuredmedia":[{"embeddable":true,"href":"https:\/\/legrandcontinent.eu\/es\/wp-json\/wp\/v2\/media\/108231"}],"wp:attachment":[{"href":"https:\/\/legrandcontinent.eu\/es\/wp-json\/wp\/v2\/media?parent=108243"}],"wp:term":[{"taxonomy":"category","embeddable":true,"href":"https:\/\/legrandcontinent.eu\/es\/wp-json\/wp\/v2\/categories?post=108243"},{"taxonomy":"post_tag","embeddable":true,"href":"https:\/\/legrandcontinent.eu\/es\/wp-json\/wp\/v2\/tags?post=108243"},{"taxonomy":"staff","embeddable":true,"href":"https:\/\/legrandcontinent.eu\/es\/wp-json\/wp\/v2\/staff?post=108243"},{"taxonomy":"editorial_format","embeddable":true,"href":"https:\/\/legrandcontinent.eu\/es\/wp-json\/wp\/v2\/editorial_format?post=108243"},{"taxonomy":"serie","embeddable":true,"href":"https:\/\/legrandcontinent.eu\/es\/wp-json\/wp\/v2\/serie?post=108243"},{"taxonomy":"audience","embeddable":true,"href":"https:\/\/legrandcontinent.eu\/es\/wp-json\/wp\/v2\/audience?post=108243"},{"taxonomy":"geo","embeddable":true,"href":"https:\/\/legrandcontinent.eu\/es\/wp-json\/wp\/v2\/geo?post=108243"}],"curies":[{"name":"wp","href":"https:\/\/api.w.org\/{rel}","templated":true}]}}