{"id":108165,"date":"2026-08-11T11:29:14","date_gmt":"2026-08-11T09:29:14","guid":{"rendered":"https:\/\/legrandcontinent.eu\/es\/?p=108165"},"modified":"2026-08-11T11:29:19","modified_gmt":"2026-08-11T09:29:19","slug":"la-carrera-por-ia-tiene-un-problema-estructural","status":"publish","type":"post","link":"https:\/\/legrandcontinent.eu\/es\/2026\/08\/11\/la-carrera-por-ia-tiene-un-problema-estructural\/","title":{"rendered":"La carrera por la IA tiene un problema estructural"},"content":{"rendered":"\n<p>En un documento de trabajo publicado en julio de 2026, el economista del Banco de Pagos Internacionales, Phurichai Rungcharoenkitkul, plantea la construcci\u00f3n de infraestructuras de inteligencia artificial como una carrera, una \u00abcompetencia\u00bb en el sentido de la teor\u00eda econ\u00f3mica, en la que unas pocas posiciones dominantes acaparan la mayor parte de los beneficios.&nbsp;<span class='whitespace-nowrap'><span id='easy-footnote-1-108165' class='easy-footnote-margin-adjust'><\/span><span class='easy-footnote note-digits-1'><a href='https:\/\/legrandcontinent.eu\/es\/2026\/08\/11\/la-carrera-por-ia-tiene-un-problema-estructural\/#easy-footnote-bottom-1-108165' title='Phurichai Rungcharoenkitkul, \u00ab&lt;a href=&quot;https:\/\/www.bis.org\/publ\/work1367.pdf&quot;&gt;The AI Investment Race&lt;\/a&gt;\u00bb, &lt;em&gt;BIS Working Papers&lt;\/em&gt;, n.\u00ba 1367, Banco de Pagos Internacionales, julio de 2026.'><sup>1<\/sup><\/a><\/span><\/span><\/p>\n\n\n\n<ul class=\"wp-block-list\">\n<li>Su tesis central es que la carrera por la IA \u00abgenera una fragilidad que la socava a s\u00ed misma\u00bb.&nbsp;<\/li>\n<\/ul>\n\n\n\n<p>El gr\u00e1fico que figura a continuaci\u00f3n, extra\u00eddo del informe, muestra una de las dos facetas del fen\u00f3meno: su magnitud hist\u00f3rica.<\/p>\n\n\n\n<div class=\"iframe-container wp-block-image wp-block-image-medium  iframe-dw\">\n\t<div>\n\t\t<iframe class=\"absolute w-full h-full pin-t pin-l\" title=\"titolo\" aria-label=\"Interactive line chart\" src=\"\/\/datawrapper.dwcdn.net\/MFUEV\/\" scrolling=\"no\" frameborder=\"0\"><\/iframe>\n\t<\/div>\n<\/div>\n\n\n\n<ul class=\"wp-block-list\">\n<li>Si se compara con su nivel m\u00e1s bajo anterior al \u00abboom\u00bb, el gasto en inversi\u00f3n en IA est\u00e1 a punto de superar todos los grandes episodios de auge tecnol\u00f3gico en tan solo tres a\u00f1os.&nbsp;<\/li>\n\n\n\n<li>La curva de la IA sube m\u00e1s r\u00e1pido y alcanza cotas m\u00e1s altas que la de la \u00abcanalman\u00eda\u00bb estadounidense de la d\u00e9cada de 1830, la \u00abrailway man\u00eda\u00bb brit\u00e1nica de la d\u00e9cada de 1840, los \u00ab<em>ann\u00e9es folles<\/em>\u00bb o la burbuja de internet de finales de la d\u00e9cada de 1990.&nbsp;<\/li>\n\n\n\n<li>Se prev\u00e9 que el gasto de los grandes hiperescaladores supere los 700.000 millones de d\u00f3lares solo en el a\u00f1o 2026, y las previsiones del sector apuntan a una cifra de entre 3 y 4 billones para los pr\u00f3ximos a\u00f1os.<\/li>\n\n\n\n<li>Todos los episodios hist\u00f3ricos mencionados terminaron con represalias brutales.&nbsp;<\/li>\n<\/ul>\n\n\n\n<p>La pendiente actual no es garant\u00eda de solidez, sino un indicio de un exceso de construcci\u00f3n cuantificado, lo que hace que los booms sean m\u00e1s propensos a dar vuelcos.<\/p>\n\n\n\n<ul class=\"wp-block-list\">\n<li>Este fen\u00f3meno se debe a una caracter\u00edstica t\u00edpica de la carrera.&nbsp;<\/li>\n\n\n\n<li>La victoria es tal que \u00abel ganador se lo lleva casi todo\u00bb: por lo tanto, cada actor invierte masivamente para distanciarse de sus rivales, sin tener en cuenta el impacto de su carrera en los dem\u00e1s. Seg\u00fan el modelo calibrado, el resultado es una sobreinversi\u00f3n de aproximadamente 1,5 veces el nivel socialmente \u00f3ptimo, y de hasta tres veces en aquellos \u00e1mbitos en los que la demanda de IA es menos el\u00e1stica.<\/li>\n\n\n\n<li>Sin embargo, esta din\u00e1mica tiene un umbral cr\u00edtico. Una vez que la construcci\u00f3n alcance un determinado umbral \u2014que el autor sit\u00faa en torno a los 3 billones de d\u00f3lares\u2014, el super\u00e1vit econ\u00f3mico neto (la producci\u00f3n total menos el costo del capital) pasar\u00eda a ser negativo. Las previsiones que oscilan entre los 3 y los 4 billones de d\u00f3lares situar\u00edan, por tanto, al sector \u00aben la zona de riesgos bajistas significativos\u00bb, escribe.<\/li>\n\n\n\n<li>El capital as\u00ed acumulado es espec\u00edfico. En caso de un cambio de tendencia, habr\u00eda que liquidarlo simult\u00e1neamente en un mercado con escasa liquidez, lo que reducir\u00eda en la misma medida la tasa de recuperaci\u00f3n, sobre todo teniendo en cuenta el endeudamiento del sector.<\/li>\n<\/ul>\n\n\n\n<p>El an\u00e1lisis se centra tambi\u00e9n en un segundo problema fundamental: el de la financiaci\u00f3n circular de la IA.<\/p>\n\n\n\n<ul class=\"wp-block-list\">\n<li>El fen\u00f3meno es el siguiente: un actor adquiere una participaci\u00f3n en el capital de un laboratorio de IA a cambio del compromiso de este \u00faltimo de comprarle potencia de c\u00e1lculo en el futuro. De este modo, la demanda es \u00abfabricada\u00bb por quienes financian la oferta.<\/li>\n\n\n\n<li>As\u00ed, la red conecta a los hiperescaladores (Microsoft, Amazon, Google, Oracle y Meta), los fabricantes de chips (Nvidia y AMD), los laboratorios (OpenAI, Anthropic y xAI) y el principal \u00abneocloud\u00bb (CoreWeave). La magnitud es impresionante: se han desembolsado efectivamente unos 46.000 millones de d\u00f3lares en participaciones, pero los compromisos de compra plurianuales ascienden a 879.000 millones.<\/li>\n\n\n\n<li>Estas participaciones cruzadas no hacen m\u00e1s que concentrar el riesgo. El autor resume: \u00abEl modelo financiero que ha impulsado el crecimiento es tambi\u00e9n el que propaga la quiebra\u00bb.<\/li>\n<\/ul>\n\n\n\n<p>Al descartar la hip\u00f3tesis de actores aislados para modelar la red real, el informe pone as\u00ed de manifiesto una nueva vulnerabilidad: el fallo de un solo laboratorio podr\u00eda, al afectar al balance del hiperescalador que lo financia, llevar a este \u00faltimo a retirarse de otro laboratorio, propagando as\u00ed la crisis.&nbsp;<\/p>\n\n\n\n<ul class=\"wp-block-list\">\n<li>Este riesgo se agravar\u00eda a medida que avanzara la carrera. Seg\u00fan la simulaci\u00f3n, la primera cascada se producir\u00eda con una escala de inversi\u00f3n de 1,6 veces el nivel \u00f3ptimo, la segunda, en 2,3; y la trayectoria prevista, de entre 3 y 4 billones, situar\u00eda al sector en esta zona de contagio (entre 2,1 y 2,9).<\/li>\n\n\n\n<li>As\u00ed pues, cuanto m\u00e1s pasa la financiaci\u00f3n por varios laboratorios conectados entre s\u00ed a trav\u00e9s de unos pocos \u00abnodos pivote\u00bb, mayor es la probabilidad de que un fallo local se convierta en sist\u00e9mico.<\/li>\n<\/ul>\n\n\n\n<p>El autor se\u00f1ala tambi\u00e9n que la demanda potencial de IA es \u00abenorme\u00bb y podr\u00eda justificar una ampliaci\u00f3n considerable de la potencia de c\u00e1lculo. Sin embargo, destaca que la l\u00f3gica de <em>carrera <\/em>incita a construir en exceso.&nbsp;<\/p>\n","protected":false},"excerpt":{"rendered":"<p>La inversi\u00f3n en IA ya ha superado, en tres a\u00f1os, todos los grandes auges registrados desde el siglo XIX, y su estructura de financiaci\u00f3n \u00abcircular\u00bb la hace fr\u00e1gil.<\/p>\n","protected":false},"author":40,"featured_media":108178,"comment_status":"closed","ping_status":"closed","sticky":false,"template":"templates\/post-briefings.php","format":"standard","meta":{"_acf_changed":false,"_trash_the_other_posts":false,"_yoast_wpseo_estimated-reading-time-minutes":4,"_lgc_tts_voice":"","_lgc_tts_publish":false,"_lgc_tts_history_item_id":"","_lgc_tts_generated_at":"","_lgc_tts_status":"","_lgc_tts_error":"","footnotes":""},"categories":[464],"tags":[],"staff":[],"editorial_format":[1472],"serie":[],"audience":[],"geo":[172],"class_list":["post-108165","post","type-post","status-publish","format-standard","hentry","category-poderes-de-la-ia","editorial_format-analisis","geo-americas"],"acf":{"open_in_webview":false,"accent":"default","_thumbnail_id":108178,"excerpt":"La inversi\u00f3n en IA ya ha superado, en tres a\u00f1os, todos los grandes auges registrados desde el siglo XIX, y su estructura de financiaci\u00f3n \u00abcircular\u00bb la hace fr\u00e1gil.","display_date":"","new_abstract":true},"yoast_head":"<!-- This site is optimized with the Yoast SEO plugin v26.1.1 - https:\/\/yoast.com\/wordpress\/plugins\/seo\/ -->\n<title>La carrera por la IA tiene un problema estructural - El Grand Continent<\/title>\n<meta name=\"robots\" content=\"index, follow, max-snippet:-1, max-image-preview:large, max-video-preview:-1\" \/>\n<link rel=\"canonical\" href=\"https:\/\/legrandcontinent.eu\/es\/2026\/08\/11\/la-carrera-por-ia-tiene-un-problema-estructural\/\" \/>\n<meta property=\"og:locale\" content=\"es_ES\" \/>\n<meta property=\"og:type\" content=\"article\" \/>\n<meta property=\"og:title\" content=\"La carrera por la IA tiene un problema estructural - El Grand Continent\" \/>\n<meta property=\"og:description\" content=\"La inversi\u00f3n en IA ya ha superado, en tres a\u00f1os, todos los grandes auges registrados desde el siglo XIX, y su estructura de financiaci\u00f3n \u00abcircular\u00bb la hace fr\u00e1gil.\" \/>\n<meta property=\"og:url\" content=\"https:\/\/legrandcontinent.eu\/es\/2026\/08\/11\/la-carrera-por-ia-tiene-un-problema-estructural\/\" \/>\n<meta property=\"og:site_name\" content=\"El Grand Continent\" \/>\n<meta property=\"article:published_time\" content=\"2026-08-11T09:29:14+00:00\" \/>\n<meta property=\"article:modified_time\" content=\"2026-08-11T09:29:19+00:00\" \/>\n<meta property=\"og:image\" content=\"https:\/\/legrandcontinent.eu\/es\/wp-content\/uploads\/sites\/6\/2026\/08\/MFUEV-la-inversion-en-ia-a-la-luz-de-los-acontecimientos-historicos-.png\" \/>\n\t<meta property=\"og:image:width\" content=\"1240\" \/>\n\t<meta property=\"og:image:height\" content=\"736\" \/>\n\t<meta property=\"og:image:type\" content=\"image\/png\" \/>\n<meta name=\"author\" content=\"Ramona Bloj\" \/>\n<meta name=\"twitter:card\" content=\"summary_large_image\" \/>\n<meta name=\"twitter:label1\" content=\"Escrito por\" \/>\n\t<meta name=\"twitter:data1\" content=\"Ramona Bloj\" \/>\n\t<meta name=\"twitter:label2\" content=\"Tiempo de lectura\" \/>\n\t<meta name=\"twitter:data2\" content=\"4 minutos\" \/>\n<script type=\"application\/ld+json\" class=\"yoast-schema-graph\">{\"@context\":\"https:\/\/schema.org\",\"@graph\":[{\"@type\":\"WebPage\",\"@id\":\"https:\/\/legrandcontinent.eu\/es\/2026\/08\/11\/la-carrera-por-ia-tiene-un-problema-estructural\/\",\"url\":\"https:\/\/legrandcontinent.eu\/es\/2026\/08\/11\/la-carrera-por-ia-tiene-un-problema-estructural\/\",\"name\":\"La carrera por la IA tiene un problema estructural - El Grand Continent\",\"isPartOf\":{\"@id\":\"https:\/\/legrandcontinent.eu\/es\/#website\"},\"primaryImageOfPage\":{\"@id\":\"https:\/\/legrandcontinent.eu\/es\/2026\/08\/11\/la-carrera-por-ia-tiene-un-problema-estructural\/#primaryimage\"},\"image\":{\"@id\":\"https:\/\/legrandcontinent.eu\/es\/2026\/08\/11\/la-carrera-por-ia-tiene-un-problema-estructural\/#primaryimage\"},\"thumbnailUrl\":\"https:\/\/legrandcontinent.eu\/es\/wp-content\/uploads\/sites\/6\/2026\/08\/MFUEV-la-inversion-en-ia-a-la-luz-de-los-acontecimientos-historicos-.png\",\"datePublished\":\"2026-08-11T09:29:14+00:00\",\"dateModified\":\"2026-08-11T09:29:19+00:00\",\"author\":{\"@id\":\"https:\/\/legrandcontinent.eu\/es\/#\/schema\/person\/bee86896b403754f76b6b1515ff0b697\"},\"breadcrumb\":{\"@id\":\"https:\/\/legrandcontinent.eu\/es\/2026\/08\/11\/la-carrera-por-ia-tiene-un-problema-estructural\/#breadcrumb\"},\"inLanguage\":\"es\",\"potentialAction\":[{\"@type\":\"ReadAction\",\"target\":[\"https:\/\/legrandcontinent.eu\/es\/2026\/08\/11\/la-carrera-por-ia-tiene-un-problema-estructural\/\"]}]},{\"@type\":\"ImageObject\",\"inLanguage\":\"es\",\"@id\":\"https:\/\/legrandcontinent.eu\/es\/2026\/08\/11\/la-carrera-por-ia-tiene-un-problema-estructural\/#primaryimage\",\"url\":\"https:\/\/legrandcontinent.eu\/es\/wp-content\/uploads\/sites\/6\/2026\/08\/MFUEV-la-inversion-en-ia-a-la-luz-de-los-acontecimientos-historicos-.png\",\"contentUrl\":\"https:\/\/legrandcontinent.eu\/es\/wp-content\/uploads\/sites\/6\/2026\/08\/MFUEV-la-inversion-en-ia-a-la-luz-de-los-acontecimientos-historicos-.png\",\"width\":1240,\"height\":736},{\"@type\":\"BreadcrumbList\",\"@id\":\"https:\/\/legrandcontinent.eu\/es\/2026\/08\/11\/la-carrera-por-ia-tiene-un-problema-estructural\/#breadcrumb\",\"itemListElement\":[{\"@type\":\"ListItem\",\"position\":1,\"name\":\"Home\",\"item\":\"https:\/\/legrandcontinent.eu\/es\/\"},{\"@type\":\"ListItem\",\"position\":2,\"name\":\"La carrera por la IA tiene un problema estructural\"}]},{\"@type\":\"WebSite\",\"@id\":\"https:\/\/legrandcontinent.eu\/es\/#website\",\"url\":\"https:\/\/legrandcontinent.eu\/es\/\",\"name\":\"El Grand Continent\",\"description\":\"La escala pertinente\",\"potentialAction\":[{\"@type\":\"SearchAction\",\"target\":{\"@type\":\"EntryPoint\",\"urlTemplate\":\"https:\/\/legrandcontinent.eu\/es\/?s={search_term_string}\"},\"query-input\":{\"@type\":\"PropertyValueSpecification\",\"valueRequired\":true,\"valueName\":\"search_term_string\"}}],\"inLanguage\":\"es\"},{\"@type\":\"Person\",\"@id\":\"https:\/\/legrandcontinent.eu\/es\/#\/schema\/person\/bee86896b403754f76b6b1515ff0b697\",\"name\":\"Ramona Bloj\",\"image\":{\"@type\":\"ImageObject\",\"inLanguage\":\"es\",\"@id\":\"https:\/\/legrandcontinent.eu\/es\/#\/schema\/person\/image\/\",\"url\":\"https:\/\/secure.gravatar.com\/avatar\/c1d91adb7c4c1eed266b81c0f9915707?s=96&d=mm&r=g\",\"contentUrl\":\"https:\/\/secure.gravatar.com\/avatar\/c1d91adb7c4c1eed266b81c0f9915707?s=96&d=mm&r=g\",\"caption\":\"Ramona Bloj\"}}]}<\/script>\n<!-- \/ Yoast SEO plugin. -->","yoast_head_json":{"title":"La carrera por la IA tiene un problema estructural - El Grand Continent","robots":{"index":"index","follow":"follow","max-snippet":"max-snippet:-1","max-image-preview":"max-image-preview:large","max-video-preview":"max-video-preview:-1"},"canonical":"https:\/\/legrandcontinent.eu\/es\/2026\/08\/11\/la-carrera-por-ia-tiene-un-problema-estructural\/","og_locale":"es_ES","og_type":"article","og_title":"La carrera por la IA tiene un problema estructural - El Grand Continent","og_description":"La inversi\u00f3n en IA ya ha superado, en tres a\u00f1os, todos los grandes auges registrados desde el siglo XIX, y su estructura de financiaci\u00f3n \u00abcircular\u00bb la hace fr\u00e1gil.","og_url":"https:\/\/legrandcontinent.eu\/es\/2026\/08\/11\/la-carrera-por-ia-tiene-un-problema-estructural\/","og_site_name":"El Grand Continent","article_published_time":"2026-08-11T09:29:14+00:00","article_modified_time":"2026-08-11T09:29:19+00:00","og_image":[{"width":1240,"height":736,"url":"https:\/\/legrandcontinent.eu\/es\/wp-content\/uploads\/sites\/6\/2026\/08\/MFUEV-la-inversion-en-ia-a-la-luz-de-los-acontecimientos-historicos-.png","type":"image\/png"}],"author":"Ramona Bloj","twitter_card":"summary_large_image","twitter_misc":{"Escrito por":"Ramona Bloj","Tiempo de lectura":"4 minutos"},"schema":{"@context":"https:\/\/schema.org","@graph":[{"@type":"WebPage","@id":"https:\/\/legrandcontinent.eu\/es\/2026\/08\/11\/la-carrera-por-ia-tiene-un-problema-estructural\/","url":"https:\/\/legrandcontinent.eu\/es\/2026\/08\/11\/la-carrera-por-ia-tiene-un-problema-estructural\/","name":"La carrera por la IA tiene un problema estructural - El Grand Continent","isPartOf":{"@id":"https:\/\/legrandcontinent.eu\/es\/#website"},"primaryImageOfPage":{"@id":"https:\/\/legrandcontinent.eu\/es\/2026\/08\/11\/la-carrera-por-ia-tiene-un-problema-estructural\/#primaryimage"},"image":{"@id":"https:\/\/legrandcontinent.eu\/es\/2026\/08\/11\/la-carrera-por-ia-tiene-un-problema-estructural\/#primaryimage"},"thumbnailUrl":"https:\/\/legrandcontinent.eu\/es\/wp-content\/uploads\/sites\/6\/2026\/08\/MFUEV-la-inversion-en-ia-a-la-luz-de-los-acontecimientos-historicos-.png","datePublished":"2026-08-11T09:29:14+00:00","dateModified":"2026-08-11T09:29:19+00:00","author":{"@id":"https:\/\/legrandcontinent.eu\/es\/#\/schema\/person\/bee86896b403754f76b6b1515ff0b697"},"breadcrumb":{"@id":"https:\/\/legrandcontinent.eu\/es\/2026\/08\/11\/la-carrera-por-ia-tiene-un-problema-estructural\/#breadcrumb"},"inLanguage":"es","potentialAction":[{"@type":"ReadAction","target":["https:\/\/legrandcontinent.eu\/es\/2026\/08\/11\/la-carrera-por-ia-tiene-un-problema-estructural\/"]}]},{"@type":"ImageObject","inLanguage":"es","@id":"https:\/\/legrandcontinent.eu\/es\/2026\/08\/11\/la-carrera-por-ia-tiene-un-problema-estructural\/#primaryimage","url":"https:\/\/legrandcontinent.eu\/es\/wp-content\/uploads\/sites\/6\/2026\/08\/MFUEV-la-inversion-en-ia-a-la-luz-de-los-acontecimientos-historicos-.png","contentUrl":"https:\/\/legrandcontinent.eu\/es\/wp-content\/uploads\/sites\/6\/2026\/08\/MFUEV-la-inversion-en-ia-a-la-luz-de-los-acontecimientos-historicos-.png","width":1240,"height":736},{"@type":"BreadcrumbList","@id":"https:\/\/legrandcontinent.eu\/es\/2026\/08\/11\/la-carrera-por-ia-tiene-un-problema-estructural\/#breadcrumb","itemListElement":[{"@type":"ListItem","position":1,"name":"Home","item":"https:\/\/legrandcontinent.eu\/es\/"},{"@type":"ListItem","position":2,"name":"La carrera por la IA tiene un problema estructural"}]},{"@type":"WebSite","@id":"https:\/\/legrandcontinent.eu\/es\/#website","url":"https:\/\/legrandcontinent.eu\/es\/","name":"El Grand Continent","description":"La escala pertinente","potentialAction":[{"@type":"SearchAction","target":{"@type":"EntryPoint","urlTemplate":"https:\/\/legrandcontinent.eu\/es\/?s={search_term_string}"},"query-input":{"@type":"PropertyValueSpecification","valueRequired":true,"valueName":"search_term_string"}}],"inLanguage":"es"},{"@type":"Person","@id":"https:\/\/legrandcontinent.eu\/es\/#\/schema\/person\/bee86896b403754f76b6b1515ff0b697","name":"Ramona Bloj","image":{"@type":"ImageObject","inLanguage":"es","@id":"https:\/\/legrandcontinent.eu\/es\/#\/schema\/person\/image\/","url":"https:\/\/secure.gravatar.com\/avatar\/c1d91adb7c4c1eed266b81c0f9915707?s=96&d=mm&r=g","contentUrl":"https:\/\/secure.gravatar.com\/avatar\/c1d91adb7c4c1eed266b81c0f9915707?s=96&d=mm&r=g","caption":"Ramona Bloj"}}]}},"lgc_categories":[{"id":464,"name":"Poderes de la IA","slug":"poderes-de-la-ia"}],"lgc_author":null,"feature_image_summary":{"url":"https:\/\/legrandcontinent.eu\/es\/wp-content\/uploads\/sites\/6\/2026\/08\/MFUEV-la-inversion-en-ia-a-la-luz-de-los-acontecimientos-historicos-.png","width":1240,"height":736,"alt":""},"feature_image_cover":null,"term_position_data":null,"_links":{"self":[{"href":"https:\/\/legrandcontinent.eu\/es\/wp-json\/wp\/v2\/posts\/108165","targetHints":{"allow":["GET"]}}],"collection":[{"href":"https:\/\/legrandcontinent.eu\/es\/wp-json\/wp\/v2\/posts"}],"about":[{"href":"https:\/\/legrandcontinent.eu\/es\/wp-json\/wp\/v2\/types\/post"}],"author":[{"embeddable":true,"href":"https:\/\/legrandcontinent.eu\/es\/wp-json\/wp\/v2\/users\/40"}],"replies":[{"embeddable":true,"href":"https:\/\/legrandcontinent.eu\/es\/wp-json\/wp\/v2\/comments?post=108165"}],"version-history":[{"count":5,"href":"https:\/\/legrandcontinent.eu\/es\/wp-json\/wp\/v2\/posts\/108165\/revisions"}],"predecessor-version":[{"id":108179,"href":"https:\/\/legrandcontinent.eu\/es\/wp-json\/wp\/v2\/posts\/108165\/revisions\/108179"}],"wp:featuredmedia":[{"embeddable":true,"href":"https:\/\/legrandcontinent.eu\/es\/wp-json\/wp\/v2\/media\/108178"}],"wp:attachment":[{"href":"https:\/\/legrandcontinent.eu\/es\/wp-json\/wp\/v2\/media?parent=108165"}],"wp:term":[{"taxonomy":"category","embeddable":true,"href":"https:\/\/legrandcontinent.eu\/es\/wp-json\/wp\/v2\/categories?post=108165"},{"taxonomy":"post_tag","embeddable":true,"href":"https:\/\/legrandcontinent.eu\/es\/wp-json\/wp\/v2\/tags?post=108165"},{"taxonomy":"staff","embeddable":true,"href":"https:\/\/legrandcontinent.eu\/es\/wp-json\/wp\/v2\/staff?post=108165"},{"taxonomy":"editorial_format","embeddable":true,"href":"https:\/\/legrandcontinent.eu\/es\/wp-json\/wp\/v2\/editorial_format?post=108165"},{"taxonomy":"serie","embeddable":true,"href":"https:\/\/legrandcontinent.eu\/es\/wp-json\/wp\/v2\/serie?post=108165"},{"taxonomy":"audience","embeddable":true,"href":"https:\/\/legrandcontinent.eu\/es\/wp-json\/wp\/v2\/audience?post=108165"},{"taxonomy":"geo","embeddable":true,"href":"https:\/\/legrandcontinent.eu\/es\/wp-json\/wp\/v2\/geo?post=108165"}],"curies":[{"name":"wp","href":"https:\/\/api.w.org\/{rel}","templated":true}]}}