{"id":108157,"date":"2026-08-10T22:26:20","date_gmt":"2026-08-10T20:26:20","guid":{"rendered":"https:\/\/legrandcontinent.eu\/es\/?p=108157"},"modified":"2026-08-10T22:26:28","modified_gmt":"2026-08-10T20:26:28","slug":"iran-afirma-que-no-negociara-con-estados-unidos","status":"publish","type":"post","link":"https:\/\/legrandcontinent.eu\/es\/2026\/08\/10\/iran-afirma-que-no-negociara-con-estados-unidos\/","title":{"rendered":"Ir\u00e1n afirma que no negociar\u00e1 con Estados Unidos mientras Donald Trump sea presidente"},"content":{"rendered":"\n<p>Seg\u00fan los medios de comunicaci\u00f3n iran\u00edes y un mensaje publicado en X por Majid Shakeri, asesor del presidente del Parlamento iran\u00ed, Mohammad Ghalibaf, Ir\u00e1n descartar\u00eda cualquier negociaci\u00f3n con la Administraci\u00f3n Trump, afirmando que esperar\u00eda hasta el final del mandato de Donald Trump, el 20 de enero de 2029.<\/p>\n\n\n\n<figure class=\"wp-block-embed is-type-rich is-provider-x wp-block-embed-x\"><div class=\"wp-block-embed__wrapper\">\n<blockquote class=\"twitter-tweet\" data-width=\"550\" data-dnt=\"true\"><p lang=\"fa\" dir=\"rtl\">\u0631\u0627\u0647 \u067e\u064a\u0631\u0648\u0632\u0649 \u062f\u0631 \u0627\u064a\u0646 \u062c\u0646\u06af\u060c \u0641\u0642\u0637 \u062c\u0646\u06af\u064a\u062f\u0646 \u064a\u0627 \u0641\u0642\u0637 \u062a\u0641\u0627\u0647\u0645 \u0643\u0631\u062f\u0646 \u0646\u064a\u0633\u062a. \u0631\u0627\u0647 \u067e\u064a\u0631\u0648\u0632\u0649 &quot; \u0645\u062f\u064a\u0631\u064a\u062a \u0641\u0631\u0627\u064a\u0646\u062f \u0646\u0647 \u062c\u0646\u06af \u0646\u0647 \u0635\u0644\u062d\u060c \u062a\u0627 \u0646\u0642\u0637\u0647 \u067e\u064a\u0631\u0648\u0632\u0649&quot; \u0627\u0633\u062a. \u0627\u064a\u0646 \u0645\u0648\u0636\u0648\u0639 \u0686\u0646\u062f \u067e\u0644\u0647 \u0627\u0632 \u0633\u0637\u062d \u062f\u0631\u0643 \u0645\u062c\u0627\u062f\u0644\u0627\u062a \u0645\u0639\u0645\u0648\u0644 \u0633\u064a\u0627\u0633\u062a \u062f\u0627\u062e\u0644\u0649 \u0627\u064a\u0631\u0627\u0646 \u0628\u0627\u0644\u0627\u062a\u0631 \u0627\u0633\u062a\u060c \u0686\u0648\u0646 \u062f\u0631  \u0633\u064a\u0627\u0633\u062a \u062f\u0627\u062e\u0644\u0649 \u0627\u064a\u0631\u0627\u0646 \u062c\u0646\u06af\u064a\u062f\u0646 \u0648 \u0635\u0644\u062d \u0643\u0631\u062f\u0646 \u064a\u0643 \u0645\u0648\u0636\u0648\u0639 \u0647\u0648\u064a\u062a\u0649 \u0627\u0633\u062a.<\/p>&mdash; Majid Shakeri (@Majidshakeri8) <a href=\"https:\/\/x.com\/Majidshakeri8\/status\/2086718327871676477?ref_src=twsrc%5Etfw\">August 10, 2026<\/a><\/blockquote><script async src=\"https:\/\/platform.x.com\/widgets.js\" charset=\"utf-8\"><\/script>\n<\/div><\/figure>\n\n\n\n<ul class=\"wp-block-list\">\n<li>Majid Shakeri declar\u00f3 lo siguiente: \u00abTrump no conseguir\u00e1 llegar a un acuerdo con nosotros. Le acompa\u00f1aremos hasta el final de su mandato\u00bb. Y a\u00f1ade: \u00abEl camino hacia la victoria no es ni la lucha ni un acuerdo, sino la gesti\u00f3n de un proceso que no es ni guerra ni paz, hasta alcanzar la victoria. Confirmar p\u00fablicamente las negociaciones con Estados Unidos ser\u00eda una aut\u00e9ntica locura. La estrategia ganadora se basa en la negaci\u00f3n, la ambig\u00fcedad y la paciencia estrat\u00e9gica\u00bb.<\/li>\n<\/ul>\n\n\n\n<p>Estas declaraciones se producen tras varios d\u00edas de negociaciones entre Ir\u00e1n y Om\u00e1n sobre la reapertura del estrecho de Ormuz. Aunque Washington ha seguido afirmando que las conversaciones con Teher\u00e1n contin\u00faan, el r\u00e9gimen iran\u00ed niega que haya habido ning\u00fan tipo de di\u00e1logo con la Administraci\u00f3n estadounidense.&nbsp;<\/p>\n\n\n\n<ul class=\"wp-block-list\">\n<li>Teher\u00e1n ya hab\u00eda declarado que un acuerdo con Om\u00e1n no garantizar\u00eda la reanudaci\u00f3n del tr\u00e1nsito, y se han formulado varias peticiones: entre ellas, indemnizaciones de guerra, el levantamiento de las sanciones y del bloqueo estadounidense sobre los puertos iran\u00edes.&nbsp;<\/li>\n\n\n\n<li>Los medios de comunicaci\u00f3n iran\u00edes tambi\u00e9n han informado de que Ir\u00e1n tiene la intenci\u00f3n de restringir el acceso de los buques estadounidenses e israel\u00edes, y que exigir\u00e1 una compensaci\u00f3n a los pa\u00edses que considera hostiles.<\/li>\n\n\n\n<li>Las autoridades iran\u00edes han confirmado que contin\u00faan las negociaciones con Om\u00e1n.&nbsp;<\/li>\n\n\n\n<li>As\u00ed, tras una conversaci\u00f3n telef\u00f3nica con su hom\u00f3logo pakistan\u00ed, Ishaq Dar, el ministro de Asuntos Exteriores, Abbas Araqchi, declar\u00f3 que la Rep\u00fablica Isl\u00e1mica estaba decidida a continuar el proceso de negociaci\u00f3n con Om\u00e1n en relaci\u00f3n con el estrecho de Ormuz&nbsp;<span class='whitespace-nowrap'><span id='easy-footnote-1-108157' class='easy-footnote-margin-adjust'><\/span><span class='easy-footnote note-digits-1'><a href='https:\/\/legrandcontinent.eu\/es\/2026\/08\/10\/iran-afirma-que-no-negociara-con-estados-unidos\/#easy-footnote-bottom-1-108157' title='&lt;a href=&quot;https:\/\/www.tasnimnews.ir\/fa\/news\/1405\/05\/19\/3668224\/%D8%B9%D8%B1%D8%A7%D9%82%DA%86%DB%8C-%DA%AF%D9%81%D8%AA%DA%AF%D9%88%D9%87%D8%A7%DB%8C-%D8%AF%D9%88%D8%AC%D8%A7%D9%86%D8%A8%D9%87-%D8%A8%D8%A7-%D8%B9%D9%85%D8%A7%D9%86-%D8%AF%D8%B1%D8%A8%D8%A7%D8%B1%D9%87-%D8%AA%D9%86%DA%AF%D9%87-%D9%87%D8%B1%D9%85%D8%B2-%D8%A7%D8%AF%D8%A7%D9%85%D9%87-%D8%AF%D8%A7%D8%B1%D8%AF&quot;&gt;\u00abAraqchi: \u00abLas conversaciones bilaterales con Om\u00e1n sobre el estrecho de Ormuz contin\u00faan\u00bb&lt;\/a&gt;, &lt;em&gt;Tasmim News&lt;\/em&gt;, 10 de agosto de 2026.'><sup>1<\/sup><\/a><\/span><\/span>. No obstante, Araqchi hab\u00eda declarado anteriormente que Teher\u00e1n descartaba por el momento cualquier negociaci\u00f3n directa con Estados Unidos, aunque se\u00f1al\u00f3 que ambas partes intercambiaban mensajes a trav\u00e9s de mediadores.<\/li>\n<\/ul>\n\n\n\n<p>Durante el fin de semana, tambi\u00e9n se confirmaron la postura de Ir\u00e1n respecto al estrecho de Ormuz y sus exigencias maximalistas hacia Estados Unidos, con el nombramiento de Mohsen Rezaee, antiguo comandante de la Guardia Revolucionaria Isl\u00e1mica conocido por sus posturas radicales y su defensa del control iran\u00ed sobre el estrecho de Ormuz, para el cargo de secretario del Consejo de Seguridad&nbsp;<span class='whitespace-nowrap'><span id='easy-footnote-2-108157' class='easy-footnote-margin-adjust'><\/span><span class='easy-footnote note-digits-1'><a href='https:\/\/legrandcontinent.eu\/es\/2026\/08\/10\/iran-afirma-que-no-negociara-con-estados-unidos\/#easy-footnote-bottom-2-108157' title='\u00ab&lt;a href=&quot;https:\/\/www.irna.ir\/news\/86232434\/%D9%85%D8%B1%D8%AF%D9%85-%DA%86%D8%B4%D9%85-%D8%A7%D9%86%D8%AA%D8%B8%D8%A7%D8%B1-%D8%AA%D8%B5%D9%85%DB%8C%D9%85%D8%A7%D8%AA%DB%8C-%D8%B3%D9%86%D8%AC%DB%8C%D8%AF%D9%87-%D8%A7%D8%B2-%D8%B4%D9%88%D8%B1%D8%A7%DB%8C-%D8%B9%D8%A7%D9%84%DB%8C-%D8%A7%D9%85%D9%86%DB%8C%D8%AA-%D9%85%D9%84%DB%8C-%D9%87%D8%B3%D8%AA%D9%86%D8%AF&quot;&gt;\u00abEl pueblo espera con ansias decisiones sensatas del Consejo Superior de Seguridad Nacional&lt;\/a&gt;\u00bb, IRNA, 10 de agosto de 2026.'><sup>2<\/sup><\/a><\/span><\/span>. En su nuevo cargo, deber\u00e1, entre otras cosas, coordinar las decisiones relativas a la guerra y a las negociaciones.\u00a0<\/p>\n\n\n\n<p>Ayer, 9 de agosto, Donald Trump declar\u00f3 en una entrevista con <em>Axios<\/em> que estaba dispuesto a dejar que aumentara la presi\u00f3n econ\u00f3mica sobre Ir\u00e1n antes que lanzar una nueva ofensiva militar: \u00abS\u00f3lo mantenemos negociaciones parciales con ellos. Nos limitamos a observar a Ir\u00e1n, con su enorme inflaci\u00f3n y el hecho de que no tiene dinero\u00bb&nbsp;<span class='whitespace-nowrap'><span id='easy-footnote-3-108157' class='easy-footnote-margin-adjust'><\/span><span class='easy-footnote note-digits-1'><a href='https:\/\/legrandcontinent.eu\/es\/2026\/08\/10\/iran-afirma-que-no-negociara-con-estados-unidos\/#easy-footnote-bottom-3-108157' title='Barak Ravid, \u00ab&lt;a href=&quot;https:\/\/www.axios.com\/2026\/08\/09\/trump-iran-interview&quot;&gt;Trump a Axios: \u00abEstamos actuando con discreci\u00f3n\u00bb con &lt;\/a&gt;Ir\u00e1n\u00bb, &lt;em&gt;Axios&lt;\/em&gt;, 9 de agosto de 2026.'><sup>3<\/sup><\/a><\/span><\/span>.\u00a0<\/p>\n\n\n\n<figure class=\"wp-block-embed is-type-rich is-provider-x wp-block-embed-x\"><div class=\"wp-block-embed__wrapper\">\n<blockquote class=\"twitter-tweet\" data-width=\"550\" data-dnt=\"true\"><p lang=\"en\" dir=\"ltr\">Trump says he is now asking for reparations from Iran as part of any peace deal \ud83d\ude35\u200d\ud83d\udcab <a href=\"https:\/\/t.co\/K493mFxMna\">pic.twitter.com\/K493mFxMna<\/a><\/p>&mdash; Aaron Rupar (@atrupar) <a href=\"https:\/\/x.com\/atrupar\/status\/2086853661016170751?ref_src=twsrc%5Etfw\">August 10, 2026<\/a><\/blockquote><script async src=\"https:\/\/platform.x.com\/widgets.js\" charset=\"utf-8\"><\/script>\n<\/div><\/figure>\n\n\n\n<ul class=\"wp-block-list\">\n<li>En una publicaci\u00f3n en Truth Social, ha declarado hoy que Estados Unidos, a su vez, exigir\u00e1 indemnizaciones a Ir\u00e1n por \u00abtodas las personas a las que han matado y herido gravemente con sus bombas colocadas al borde de las carreteras y durante los numerosos conflictos que les han dado fama, bajo el mando inicial del general Soleimani, incluidas las familias de las v\u00edctimas del USS Cole y las miles de personas m\u00e1s fallecidas en combate\u00bb. Tambi\u00e9n se\u00f1al\u00f3 que deber\u00eda pagarse una indemnizaci\u00f3n a \u00ablas familias de los cientos de miles de manifestantes inocentes asesinados por Ir\u00e1n en los \u00faltimos 50 a\u00f1os, por no hablar de las 52.000 personas asesinadas en los \u00faltimos cinco meses\u00bb.<\/li>\n<\/ul>\n","protected":false},"excerpt":{"rendered":"<p>La estrategia iran\u00ed se hace evidente: \u00abLa victoria no es ni la lucha, ni un acuerdo, sino la gesti\u00f3n de un proceso que no es ni la guerra, ni la paz\u00bb.<\/p>\n","protected":false},"author":40,"featured_media":108153,"comment_status":"closed","ping_status":"closed","sticky":false,"template":"templates\/post-briefings.php","format":"standard","meta":{"_acf_changed":false,"_trash_the_other_posts":false,"_yoast_wpseo_estimated-reading-time-minutes":4,"_lgc_tts_voice":"","_lgc_tts_publish":false,"_lgc_tts_history_item_id":"","_lgc_tts_generated_at":"","_lgc_tts_status":"","_lgc_tts_error":"","footnotes":""},"categories":[1004],"tags":[],"staff":[],"editorial_format":[1472],"serie":[],"audience":[],"geo":[196],"class_list":["post-108157","post","type-post","status-publish","format-standard","hentry","category-geopolitica-de-donald-trump","editorial_format-analisis","geo-asia-central"],"acf":{"open_in_webview":false,"accent":"default","_thumbnail_id":108153,"excerpt":"La estrategia iran\u00ed se hace evidente: \u00abLa victoria no es ni la lucha, ni un acuerdo, sino la gesti\u00f3n de un proceso que no es ni la guerra, ni la paz\u00bb.","display_date":"","new_abstract":true},"yoast_head":"<!-- This site is optimized with the Yoast SEO plugin v26.1.1 - https:\/\/yoast.com\/wordpress\/plugins\/seo\/ -->\n<title>Ir\u00e1n afirma que no negociar\u00e1 con Estados Unidos mientras Donald Trump sea presidente<\/title>\n<meta name=\"robots\" content=\"index, follow, max-snippet:-1, max-image-preview:large, max-video-preview:-1\" \/>\n<link rel=\"canonical\" href=\"https:\/\/legrandcontinent.eu\/es\/2026\/08\/10\/iran-afirma-que-no-negociara-con-estados-unidos\/\" \/>\n<meta property=\"og:locale\" content=\"es_ES\" \/>\n<meta property=\"og:type\" content=\"article\" \/>\n<meta property=\"og:title\" content=\"Ir\u00e1n afirma que no negociar\u00e1 con Estados Unidos mientras Donald Trump sea presidente\" \/>\n<meta property=\"og:description\" content=\"La estrategia iran\u00ed se hace evidente: \u00abLa victoria no es ni la lucha, ni un acuerdo, sino la gesti\u00f3n de un proceso que no es ni la guerra, ni la paz\u00bb.\" \/>\n<meta property=\"og:url\" content=\"https:\/\/legrandcontinent.eu\/es\/2026\/08\/10\/iran-afirma-que-no-negociara-con-estados-unidos\/\" \/>\n<meta property=\"og:site_name\" content=\"El Grand Continent\" \/>\n<meta property=\"article:published_time\" content=\"2026-08-10T20:26:20+00:00\" \/>\n<meta property=\"article:modified_time\" content=\"2026-08-10T20:26:28+00:00\" \/>\n<meta property=\"og:image\" content=\"https:\/\/legrandcontinent.eu\/es\/wp-content\/uploads\/sites\/6\/2026\/08\/gc-eliran-scaled.jpg\" \/>\n\t<meta property=\"og:image:width\" content=\"2560\" \/>\n\t<meta property=\"og:image:height\" content=\"1440\" \/>\n\t<meta property=\"og:image:type\" content=\"image\/jpeg\" \/>\n<meta name=\"author\" content=\"Ramona Bloj\" \/>\n<meta name=\"twitter:card\" content=\"summary_large_image\" \/>\n<meta name=\"twitter:image\" content=\"https:\/\/legrandcontinent.eu\/es\/wp-content\/uploads\/sites\/6\/2026\/08\/gc-eliran-scaled.jpg\" \/>\n<meta name=\"twitter:label1\" content=\"Escrito por\" \/>\n\t<meta name=\"twitter:data1\" content=\"Ramona Bloj\" \/>\n\t<meta name=\"twitter:label2\" content=\"Tiempo de lectura\" \/>\n\t<meta name=\"twitter:data2\" content=\"4 minutos\" \/>\n<script type=\"application\/ld+json\" class=\"yoast-schema-graph\">{\"@context\":\"https:\/\/schema.org\",\"@graph\":[{\"@type\":\"WebPage\",\"@id\":\"https:\/\/legrandcontinent.eu\/es\/2026\/08\/10\/iran-afirma-que-no-negociara-con-estados-unidos\/\",\"url\":\"https:\/\/legrandcontinent.eu\/es\/2026\/08\/10\/iran-afirma-que-no-negociara-con-estados-unidos\/\",\"name\":\"Ir\u00e1n afirma que no negociar\u00e1 con Estados Unidos mientras Donald Trump sea presidente\",\"isPartOf\":{\"@id\":\"https:\/\/legrandcontinent.eu\/es\/#website\"},\"primaryImageOfPage\":{\"@id\":\"https:\/\/legrandcontinent.eu\/es\/2026\/08\/10\/iran-afirma-que-no-negociara-con-estados-unidos\/#primaryimage\"},\"image\":{\"@id\":\"https:\/\/legrandcontinent.eu\/es\/2026\/08\/10\/iran-afirma-que-no-negociara-con-estados-unidos\/#primaryimage\"},\"thumbnailUrl\":\"https:\/\/legrandcontinent.eu\/es\/wp-content\/uploads\/sites\/2\/2026\/08\/SIPA_ap23052538_000004-scaled.jpg\",\"datePublished\":\"2026-08-10T20:26:20+00:00\",\"dateModified\":\"2026-08-10T20:26:28+00:00\",\"author\":{\"@id\":\"https:\/\/legrandcontinent.eu\/es\/#\/schema\/person\/bee86896b403754f76b6b1515ff0b697\"},\"breadcrumb\":{\"@id\":\"https:\/\/legrandcontinent.eu\/es\/2026\/08\/10\/iran-afirma-que-no-negociara-con-estados-unidos\/#breadcrumb\"},\"inLanguage\":\"es\",\"potentialAction\":[{\"@type\":\"ReadAction\",\"target\":[\"https:\/\/legrandcontinent.eu\/es\/2026\/08\/10\/iran-afirma-que-no-negociara-con-estados-unidos\/\"]}]},{\"@type\":\"ImageObject\",\"inLanguage\":\"es\",\"@id\":\"https:\/\/legrandcontinent.eu\/es\/2026\/08\/10\/iran-afirma-que-no-negociara-con-estados-unidos\/#primaryimage\",\"url\":\"https:\/\/legrandcontinent.eu\/es\/wp-content\/uploads\/sites\/2\/2026\/08\/SIPA_ap23052538_000004-scaled.jpg\",\"contentUrl\":\"https:\/\/legrandcontinent.eu\/es\/wp-content\/uploads\/sites\/2\/2026\/08\/SIPA_ap23052538_000004-scaled.jpg\",\"width\":2560,\"height\":1707,\"caption\":\"Un petit bateau passe devant des cargos et d'autres navires commerciaux ancr\u00e9s dans le d\u00e9troit d'Ormuz, au large de Bandar Abbas, en Iran, mercredi 5 ao\u00fbt 2026. (Amirhosein Khorgooi\/ISNA via AP)\"},{\"@type\":\"BreadcrumbList\",\"@id\":\"https:\/\/legrandcontinent.eu\/es\/2026\/08\/10\/iran-afirma-que-no-negociara-con-estados-unidos\/#breadcrumb\",\"itemListElement\":[{\"@type\":\"ListItem\",\"position\":1,\"name\":\"Home\",\"item\":\"https:\/\/legrandcontinent.eu\/es\/\"},{\"@type\":\"ListItem\",\"position\":2,\"name\":\"Ir\u00e1n afirma que no negociar\u00e1 con Estados Unidos mientras Donald Trump sea presidente\"}]},{\"@type\":\"WebSite\",\"@id\":\"https:\/\/legrandcontinent.eu\/es\/#website\",\"url\":\"https:\/\/legrandcontinent.eu\/es\/\",\"name\":\"El Grand Continent\",\"description\":\"La escala pertinente\",\"potentialAction\":[{\"@type\":\"SearchAction\",\"target\":{\"@type\":\"EntryPoint\",\"urlTemplate\":\"https:\/\/legrandcontinent.eu\/es\/?s={search_term_string}\"},\"query-input\":{\"@type\":\"PropertyValueSpecification\",\"valueRequired\":true,\"valueName\":\"search_term_string\"}}],\"inLanguage\":\"es\"},{\"@type\":\"Person\",\"@id\":\"https:\/\/legrandcontinent.eu\/es\/#\/schema\/person\/bee86896b403754f76b6b1515ff0b697\",\"name\":\"Ramona Bloj\",\"image\":{\"@type\":\"ImageObject\",\"inLanguage\":\"es\",\"@id\":\"https:\/\/legrandcontinent.eu\/es\/#\/schema\/person\/image\/\",\"url\":\"https:\/\/secure.gravatar.com\/avatar\/c1d91adb7c4c1eed266b81c0f9915707?s=96&d=mm&r=g\",\"contentUrl\":\"https:\/\/secure.gravatar.com\/avatar\/c1d91adb7c4c1eed266b81c0f9915707?s=96&d=mm&r=g\",\"caption\":\"Ramona Bloj\"}}]}<\/script>\n<!-- \/ Yoast SEO plugin. -->","yoast_head_json":{"title":"Ir\u00e1n afirma que no negociar\u00e1 con Estados Unidos mientras Donald Trump sea presidente","robots":{"index":"index","follow":"follow","max-snippet":"max-snippet:-1","max-image-preview":"max-image-preview:large","max-video-preview":"max-video-preview:-1"},"canonical":"https:\/\/legrandcontinent.eu\/es\/2026\/08\/10\/iran-afirma-que-no-negociara-con-estados-unidos\/","og_locale":"es_ES","og_type":"article","og_title":"Ir\u00e1n afirma que no negociar\u00e1 con Estados Unidos mientras Donald Trump sea presidente","og_description":"La estrategia iran\u00ed se hace evidente: \u00abLa victoria no es ni la lucha, ni un acuerdo, sino la gesti\u00f3n de un proceso que no es ni la guerra, ni la paz\u00bb.","og_url":"https:\/\/legrandcontinent.eu\/es\/2026\/08\/10\/iran-afirma-que-no-negociara-con-estados-unidos\/","og_site_name":"El Grand Continent","article_published_time":"2026-08-10T20:26:20+00:00","article_modified_time":"2026-08-10T20:26:28+00:00","og_image":[{"width":2560,"height":1440,"url":"https:\/\/legrandcontinent.eu\/es\/wp-content\/uploads\/sites\/6\/2026\/08\/gc-eliran-scaled.jpg","type":"image\/jpeg"}],"author":"Ramona Bloj","twitter_card":"summary_large_image","twitter_image":"https:\/\/legrandcontinent.eu\/es\/wp-content\/uploads\/sites\/6\/2026\/08\/gc-eliran-scaled.jpg","twitter_misc":{"Escrito por":"Ramona Bloj","Tiempo de lectura":"4 minutos"},"schema":{"@context":"https:\/\/schema.org","@graph":[{"@type":"WebPage","@id":"https:\/\/legrandcontinent.eu\/es\/2026\/08\/10\/iran-afirma-que-no-negociara-con-estados-unidos\/","url":"https:\/\/legrandcontinent.eu\/es\/2026\/08\/10\/iran-afirma-que-no-negociara-con-estados-unidos\/","name":"Ir\u00e1n afirma que no negociar\u00e1 con Estados Unidos mientras Donald Trump sea presidente","isPartOf":{"@id":"https:\/\/legrandcontinent.eu\/es\/#website"},"primaryImageOfPage":{"@id":"https:\/\/legrandcontinent.eu\/es\/2026\/08\/10\/iran-afirma-que-no-negociara-con-estados-unidos\/#primaryimage"},"image":{"@id":"https:\/\/legrandcontinent.eu\/es\/2026\/08\/10\/iran-afirma-que-no-negociara-con-estados-unidos\/#primaryimage"},"thumbnailUrl":"https:\/\/legrandcontinent.eu\/es\/wp-content\/uploads\/sites\/2\/2026\/08\/SIPA_ap23052538_000004-scaled.jpg","datePublished":"2026-08-10T20:26:20+00:00","dateModified":"2026-08-10T20:26:28+00:00","author":{"@id":"https:\/\/legrandcontinent.eu\/es\/#\/schema\/person\/bee86896b403754f76b6b1515ff0b697"},"breadcrumb":{"@id":"https:\/\/legrandcontinent.eu\/es\/2026\/08\/10\/iran-afirma-que-no-negociara-con-estados-unidos\/#breadcrumb"},"inLanguage":"es","potentialAction":[{"@type":"ReadAction","target":["https:\/\/legrandcontinent.eu\/es\/2026\/08\/10\/iran-afirma-que-no-negociara-con-estados-unidos\/"]}]},{"@type":"ImageObject","inLanguage":"es","@id":"https:\/\/legrandcontinent.eu\/es\/2026\/08\/10\/iran-afirma-que-no-negociara-con-estados-unidos\/#primaryimage","url":"https:\/\/legrandcontinent.eu\/es\/wp-content\/uploads\/sites\/2\/2026\/08\/SIPA_ap23052538_000004-scaled.jpg","contentUrl":"https:\/\/legrandcontinent.eu\/es\/wp-content\/uploads\/sites\/2\/2026\/08\/SIPA_ap23052538_000004-scaled.jpg","width":2560,"height":1707,"caption":"Un petit bateau passe devant des cargos et d'autres navires commerciaux ancr\u00e9s dans le d\u00e9troit d'Ormuz, au large de Bandar Abbas, en Iran, mercredi 5 ao\u00fbt 2026. (Amirhosein Khorgooi\/ISNA via AP)"},{"@type":"BreadcrumbList","@id":"https:\/\/legrandcontinent.eu\/es\/2026\/08\/10\/iran-afirma-que-no-negociara-con-estados-unidos\/#breadcrumb","itemListElement":[{"@type":"ListItem","position":1,"name":"Home","item":"https:\/\/legrandcontinent.eu\/es\/"},{"@type":"ListItem","position":2,"name":"Ir\u00e1n afirma que no negociar\u00e1 con Estados Unidos mientras Donald Trump sea presidente"}]},{"@type":"WebSite","@id":"https:\/\/legrandcontinent.eu\/es\/#website","url":"https:\/\/legrandcontinent.eu\/es\/","name":"El Grand Continent","description":"La escala pertinente","potentialAction":[{"@type":"SearchAction","target":{"@type":"EntryPoint","urlTemplate":"https:\/\/legrandcontinent.eu\/es\/?s={search_term_string}"},"query-input":{"@type":"PropertyValueSpecification","valueRequired":true,"valueName":"search_term_string"}}],"inLanguage":"es"},{"@type":"Person","@id":"https:\/\/legrandcontinent.eu\/es\/#\/schema\/person\/bee86896b403754f76b6b1515ff0b697","name":"Ramona Bloj","image":{"@type":"ImageObject","inLanguage":"es","@id":"https:\/\/legrandcontinent.eu\/es\/#\/schema\/person\/image\/","url":"https:\/\/secure.gravatar.com\/avatar\/c1d91adb7c4c1eed266b81c0f9915707?s=96&d=mm&r=g","contentUrl":"https:\/\/secure.gravatar.com\/avatar\/c1d91adb7c4c1eed266b81c0f9915707?s=96&d=mm&r=g","caption":"Ramona Bloj"}}]}},"lgc_categories":[{"id":1004,"name":"Geopol\u00edtica de Donald Trump","slug":"geopolitica-de-donald-trump"}],"lgc_author":null,"feature_image_summary":{"url":"https:\/\/legrandcontinent.eu\/es\/wp-content\/uploads\/sites\/2\/2026\/08\/SIPA_ap23052538_000004-scaled.jpg","width":2560,"height":1707,"alt":""},"feature_image_cover":null,"term_position_data":null,"_links":{"self":[{"href":"https:\/\/legrandcontinent.eu\/es\/wp-json\/wp\/v2\/posts\/108157","targetHints":{"allow":["GET"]}}],"collection":[{"href":"https:\/\/legrandcontinent.eu\/es\/wp-json\/wp\/v2\/posts"}],"about":[{"href":"https:\/\/legrandcontinent.eu\/es\/wp-json\/wp\/v2\/types\/post"}],"author":[{"embeddable":true,"href":"https:\/\/legrandcontinent.eu\/es\/wp-json\/wp\/v2\/users\/40"}],"replies":[{"embeddable":true,"href":"https:\/\/legrandcontinent.eu\/es\/wp-json\/wp\/v2\/comments?post=108157"}],"version-history":[{"count":3,"href":"https:\/\/legrandcontinent.eu\/es\/wp-json\/wp\/v2\/posts\/108157\/revisions"}],"predecessor-version":[{"id":108164,"href":"https:\/\/legrandcontinent.eu\/es\/wp-json\/wp\/v2\/posts\/108157\/revisions\/108164"}],"wp:featuredmedia":[{"embeddable":true,"href":"https:\/\/legrandcontinent.eu\/es\/wp-json\/wp\/v2\/media\/108153"}],"wp:attachment":[{"href":"https:\/\/legrandcontinent.eu\/es\/wp-json\/wp\/v2\/media?parent=108157"}],"wp:term":[{"taxonomy":"category","embeddable":true,"href":"https:\/\/legrandcontinent.eu\/es\/wp-json\/wp\/v2\/categories?post=108157"},{"taxonomy":"post_tag","embeddable":true,"href":"https:\/\/legrandcontinent.eu\/es\/wp-json\/wp\/v2\/tags?post=108157"},{"taxonomy":"staff","embeddable":true,"href":"https:\/\/legrandcontinent.eu\/es\/wp-json\/wp\/v2\/staff?post=108157"},{"taxonomy":"editorial_format","embeddable":true,"href":"https:\/\/legrandcontinent.eu\/es\/wp-json\/wp\/v2\/editorial_format?post=108157"},{"taxonomy":"serie","embeddable":true,"href":"https:\/\/legrandcontinent.eu\/es\/wp-json\/wp\/v2\/serie?post=108157"},{"taxonomy":"audience","embeddable":true,"href":"https:\/\/legrandcontinent.eu\/es\/wp-json\/wp\/v2\/audience?post=108157"},{"taxonomy":"geo","embeddable":true,"href":"https:\/\/legrandcontinent.eu\/es\/wp-json\/wp\/v2\/geo?post=108157"}],"curies":[{"name":"wp","href":"https:\/\/api.w.org\/{rel}","templated":true}]}}