{"id":108108,"date":"2026-08-10T06:30:00","date_gmt":"2026-08-10T04:30:00","guid":{"rendered":"https:\/\/legrandcontinent.eu\/es\/?p=108108"},"modified":"2026-08-10T00:17:05","modified_gmt":"2026-08-09T22:17:05","slug":"europa-imposible-de-asegurar","status":"publish","type":"post","link":"https:\/\/legrandcontinent.eu\/es\/2026\/08\/10\/europa-imposible-de-asegurar\/","title":{"rendered":"\u00bfSe volver\u00e1 Europa imposible de asegurar?"},"content":{"rendered":"\n<p>Las sequ\u00edas excepcionales y los incendios que han azotado Francia, Espa\u00f1a y gran parte de Europa este verano tendr\u00e1n consecuencias econ\u00f3micas de gran envergadura, cuyo alcance apenas se est\u00e1 empezando a evaluar: destrucci\u00f3n de viviendas y de capital productivo, p\u00e9rdidas colosales de producci\u00f3n, sobre todo en la agricultura y la industria agroalimentaria, seguidas de una importante inflaci\u00f3n en los precios de estos productos.<\/p>\n\n\n\n<div class=\"iframe-container wp-block-image wp-block-image-medium  iframe-dw\">\n\t<div>\n\t\t<iframe class=\"absolute w-full h-full pin-t pin-l\" title=\"titolo\" aria-label=\"Interactive line chart\" src=\"\/\/datawrapper.dwcdn.net\/RaWmz\/\" scrolling=\"no\" frameborder=\"0\"><\/iframe>\n\t<\/div>\n<\/div>\n\n\n\n<ul class=\"wp-block-list\">\n<li>Seg\u00fan los datos recopilados por la Agencia Europea de Medio Ambiente, el periodo de cuatro a\u00f1os comprendido entre 2021 y 2024 ha sido aquel en el que las p\u00e9rdidas econ\u00f3micas directas causadas por fen\u00f3menos clim\u00e1ticos (tormentas, inundaciones, incendios, heladas, granizo y sequ\u00edas) han sido las m\u00e1s elevadas desde 1980, con 208.000 millones de euros en da\u00f1os registrados en el conjunto de la Uni\u00f3n.<\/li>\n\n\n\n<li>Cuando tambi\u00e9n se disponga de los datos de 2026, es muy probable que este r\u00e9cord se supere con creces.&nbsp;&nbsp;<\/li>\n\n\n\n<li>Estos fen\u00f3menos, que ya son recurrentes y cuyo impacto aumenta a\u00f1o tras a\u00f1o, plantean numerosas cuestiones en materia de pol\u00edticas p\u00fablicas de adaptaci\u00f3n al cambio clim\u00e1tico.&nbsp;<\/li>\n\n\n\n<li>En particular, plantean graves dificultades al sector de los seguros, que desde hace mucho tiempo es uno de los medios preferidos para amortiguar el impacto que este tipo de acontecimientos tiene sobre determinadas personas, regiones o actividades.<\/li>\n\n\n\n<li>Sin embargo, la creciente frecuencia de los fen\u00f3menos clim\u00e1ticos extremos y el aumento de los costes que estos generan est\u00e1n poniendo en apuros a las aseguradoras. Adem\u00e1s, se trata de din\u00e1micas nuevas y cambiantes, para las que no disponen de los datos hist\u00f3ricos necesarios para evaluar los riesgos y ajustar las primas de seguro en los casos habituales.&nbsp;<\/li>\n\n\n\n<li>Como reacci\u00f3n, tienden a aumentar considerablemente sus tarifas y\/o a reducir su cobertura. Lo que equivale a dejar que cada vez m\u00e1s ciudadanos y empresas asuman estos costes por su cuenta.<\/li>\n<\/ul>\n\n\n\n<div class=\"iframe-container wp-block-image wp-block-image-medium  iframe-dw\">\n\t<div>\n\t\t<iframe class=\"absolute w-full h-full pin-t pin-l\" title=\"titolo\" aria-label=\"Interactive line chart\" src=\"\/\/datawrapper.dwcdn.net\/KpuPj\/\" scrolling=\"no\" frameborder=\"0\"><\/iframe>\n\t<\/div>\n<\/div>\n\n\n\n<p>Esta tendencia resulta a\u00fan m\u00e1s preocupante si se tiene en cuenta que, seg\u00fan el Banco Central Europeo&nbsp;<span class='whitespace-nowrap'><span id='easy-footnote-1-108108' class='easy-footnote-margin-adjust'><\/span><span class='easy-footnote note-digits-1'><a href='https:\/\/legrandcontinent.eu\/es\/2026\/08\/10\/europa-imposible-de-asegurar\/#easy-footnote-bottom-1-108108' title='\u00ab&lt;a href=&quot;https:\/\/www.ecb.europa.eu\/ecb\/climate\/climate\/html\/index.en.html&quot;&gt;The climate insurance protection gap&lt;\/a&gt;\u00bb, Banco Central Europeo.'><sup>1<\/sup><\/a><\/span><\/span> y el regulador europeo de seguros, actualmente s\u00f3lo una cuarta parte de los da\u00f1os causados por fen\u00f3menos clim\u00e1ticos est\u00e1n cubiertos por las aseguradoras en la Uni\u00f3n.\u00a0<\/p>\n\n\n\n<ul class=\"wp-block-list\">\n<li>En un contexto en el que el importe de estas p\u00e9rdidas se dispara a\u00f1o tras a\u00f1o, los europeos sin duda necesitan m\u00e1s cobertura aseguradora, y no menos. Sin embargo, es precisamente en esa direcci\u00f3n hacia donde la din\u00e1mica espont\u00e1nea del mercado est\u00e1 llevando a los agentes del sector&nbsp;<span class='whitespace-nowrap'><span id='easy-footnote-2-108108' class='easy-footnote-margin-adjust'><\/span><span class='easy-footnote note-digits-1'><a href='https:\/\/legrandcontinent.eu\/es\/2026\/08\/10\/europa-imposible-de-asegurar\/#easy-footnote-bottom-2-108108' title='&lt;a href=&quot;https:\/\/www.eiopa.europa.eu\/tools-and-data\/dashboard-insurance-protection-gap-natural-catastrophes_en&quot;&gt;\u00abDashboard on insurance protection gap for natural catastrophes\u00bb&lt;\/a&gt;, Autoridad Europea de Seguros y Pensiones de Jubilaci\u00f3n.'><sup>2<\/sup><\/a><\/span><\/span>.<\/li>\n\n\n\n<li>Adem\u00e1s de los colosales problemas humanos, sociales y econ\u00f3micos que esto conlleva, estas p\u00e9rdidas no aseguradas tambi\u00e9n generan riesgos adicionales para el otro pilar del sistema financiero: los bancos. De hecho, estos se ven obligados a hacer frente a clientes, tanto particulares como empresas, incapaces de devolver los cr\u00e9ditos que les han concedido, tal y como se\u00f1ala el Center for Economic Transition Expertise de la London School of Economics&nbsp;<span class='whitespace-nowrap'><span id='easy-footnote-3-108108' class='easy-footnote-margin-adjust'><\/span><span class='easy-footnote note-digits-1'><a href='https:\/\/legrandcontinent.eu\/es\/2026\/08\/10\/europa-imposible-de-asegurar\/#easy-footnote-bottom-3-108108' title='Martina Menegat, Morgan Despr\u00e9s, \u00ab&lt;a href=&quot;https:\/\/cetex.org\/publications\/the-insurance-bank-nexus-the-climate-protection-gap-as-a-source-of-risk-for-the-financial-system\/&quot;&gt;The insurance\u2013bank nexus: the climate protection gap as a source of risk for the financial system&lt;\/a&gt;\u00bb, CETEX, 25 de junio de 2026.'><sup>3<\/sup><\/a><\/span><\/span>.\u00a0<\/li>\n\n\n\n<li>Si no se resuelve la cuesti\u00f3n de las p\u00e9rdidas no aseguradas, los bancos podr\u00edan negarse a conceder cr\u00e9ditos o aumentar considerablemente sus tipos de inter\u00e9s a los clientes, regiones o sectores considerados de riesgo, lo que agravar\u00e1 los efectos negativos de los fen\u00f3menos clim\u00e1ticos.&nbsp;<\/li>\n\n\n\n<li>Por este motivo, desde 2023, el Banco Central Europeo y el regulador europeo de seguros abogan conjuntamente por la creaci\u00f3n de un mecanismo europeo de reaseguro \u2014una especie de \u00abseguro de los seguros\u00bb\u2014, para los riesgos relacionados con el clima. Este mecanismo podr\u00eda complementarse con la creaci\u00f3n de un fondo p\u00fablico europeo destinado a ayudar a los Estados miembros a hacer frente a estos riesgos para las infraestructuras p\u00fablicas.<\/li>\n<\/ul>\n\n\n\n<p>La implantaci\u00f3n de mecanismos de este tipo no puede ni debe, evidentemente, servir para mantener el statu quo ni sustituir a una pol\u00edtica de adaptaci\u00f3n proactiva al cambio clim\u00e1tico.&nbsp;<\/p>\n\n\n\n<ul class=\"wp-block-list\">\n<li>Se trata del cl\u00e1sico problema del riesgo moral en el \u00e1mbito de los seguros: al limitar los costes derivados de un siniestro concreto, tambi\u00e9n se limita el incentivo para tomar medidas que eviten que el problema se repita en el futuro.&nbsp;<\/li>\n\n\n\n<li>Para evitarlo, las medidas europeas de reaseguro en beneficio de los Estados miembros podr\u00edan supeditarse a la puesta en marcha efectiva de planes de adaptaci\u00f3n ambiciosos.&nbsp;&nbsp;<\/li>\n<\/ul>\n","protected":false},"excerpt":{"rendered":"<p>Los fen\u00f3menos meteorol\u00f3gicos extremos, que ya son recurrentes y cuyo impacto aumenta a\u00f1o tras a\u00f1o, plantean una cuesti\u00f3n crucial a los bancos y las aseguradoras. <\/p>\n","protected":false},"author":40,"featured_media":108094,"comment_status":"closed","ping_status":"closed","sticky":false,"template":"templates\/post-briefings.php","format":"standard","meta":{"_acf_changed":true,"_trash_the_other_posts":false,"_yoast_wpseo_estimated-reading-time-minutes":4,"_lgc_tts_voice":"","_lgc_tts_publish":false,"_lgc_tts_history_item_id":"","_lgc_tts_generated_at":"","_lgc_tts_status":"","_lgc_tts_error":"","footnotes":""},"categories":[98],"tags":[],"staff":[],"editorial_format":[1472],"serie":[],"audience":[],"geo":[177],"class_list":["post-108108","post","type-post","status-publish","format-standard","hentry","category-energia-y-medio-ambiente","editorial_format-analisis","geo-europa"],"acf":{"open_in_webview":false,"accent":"default","_thumbnail_id":108094,"excerpt":"Los fen\u00f3menos meteorol\u00f3gicos extremos, que ya son recurrentes y cuyo impacto aumenta a\u00f1o tras a\u00f1o, plantean una cuesti\u00f3n crucial a los bancos y las aseguradoras. ","display_date":"","new_abstract":true},"yoast_head":"<!-- This site is optimized with the Yoast SEO plugin v26.1.1 - https:\/\/yoast.com\/wordpress\/plugins\/seo\/ -->\n<title>\u00bfSe volver\u00e1 Europa imposible de asegurar? - El Grand Continent<\/title>\n<meta name=\"robots\" content=\"index, follow, max-snippet:-1, max-image-preview:large, max-video-preview:-1\" \/>\n<link rel=\"canonical\" href=\"https:\/\/legrandcontinent.eu\/es\/2026\/08\/10\/europa-imposible-de-asegurar\/\" \/>\n<meta property=\"og:locale\" content=\"es_ES\" \/>\n<meta property=\"og:type\" content=\"article\" \/>\n<meta property=\"og:title\" content=\"\u00bfSe volver\u00e1 Europa imposible de asegurar? - El Grand Continent\" \/>\n<meta property=\"og:description\" content=\"Los fen\u00f3menos meteorol\u00f3gicos extremos, que ya son recurrentes y cuyo impacto aumenta a\u00f1o tras a\u00f1o, plantean una cuesti\u00f3n crucial a los bancos y las aseguradoras.\" \/>\n<meta property=\"og:url\" content=\"https:\/\/legrandcontinent.eu\/es\/2026\/08\/10\/europa-imposible-de-asegurar\/\" \/>\n<meta property=\"og:site_name\" content=\"El Grand Continent\" \/>\n<meta property=\"article:published_time\" content=\"2026-08-10T04:30:00+00:00\" \/>\n<meta property=\"og:image\" content=\"https:\/\/legrandcontinent.eu\/es\/wp-content\/uploads\/sites\/2\/2026\/08\/Pourcentage-moyen-des-pertes-economiques-assurees-dues-aux-catastrophes-naturelles-en-Europe.jpg\" \/>\n\t<meta property=\"og:image:width\" content=\"1966\" \/>\n\t<meta property=\"og:image:height\" content=\"1100\" \/>\n\t<meta property=\"og:image:type\" content=\"image\/jpeg\" \/>\n<meta name=\"author\" content=\"Ramona Bloj\" \/>\n<meta name=\"twitter:card\" content=\"summary_large_image\" \/>\n<meta name=\"twitter:label1\" content=\"Escrito por\" \/>\n\t<meta name=\"twitter:data1\" content=\"Ramona Bloj\" \/>\n\t<meta name=\"twitter:label2\" content=\"Tiempo de lectura\" \/>\n\t<meta name=\"twitter:data2\" content=\"4 minutos\" \/>\n<script type=\"application\/ld+json\" class=\"yoast-schema-graph\">{\"@context\":\"https:\/\/schema.org\",\"@graph\":[{\"@type\":\"WebPage\",\"@id\":\"https:\/\/legrandcontinent.eu\/es\/2026\/08\/10\/europa-imposible-de-asegurar\/\",\"url\":\"https:\/\/legrandcontinent.eu\/es\/2026\/08\/10\/europa-imposible-de-asegurar\/\",\"name\":\"\u00bfSe volver\u00e1 Europa imposible de asegurar? - El Grand Continent\",\"isPartOf\":{\"@id\":\"https:\/\/legrandcontinent.eu\/es\/#website\"},\"primaryImageOfPage\":{\"@id\":\"https:\/\/legrandcontinent.eu\/es\/2026\/08\/10\/europa-imposible-de-asegurar\/#primaryimage\"},\"image\":{\"@id\":\"https:\/\/legrandcontinent.eu\/es\/2026\/08\/10\/europa-imposible-de-asegurar\/#primaryimage\"},\"thumbnailUrl\":\"https:\/\/legrandcontinent.eu\/es\/wp-content\/uploads\/sites\/2\/2026\/08\/Pourcentage-moyen-des-pertes-economiques-assurees-dues-aux-catastrophes-naturelles-en-Europe.jpg\",\"datePublished\":\"2026-08-10T04:30:00+00:00\",\"author\":{\"@id\":\"https:\/\/legrandcontinent.eu\/es\/#\/schema\/person\/bee86896b403754f76b6b1515ff0b697\"},\"breadcrumb\":{\"@id\":\"https:\/\/legrandcontinent.eu\/es\/2026\/08\/10\/europa-imposible-de-asegurar\/#breadcrumb\"},\"inLanguage\":\"es\",\"potentialAction\":[{\"@type\":\"ReadAction\",\"target\":[\"https:\/\/legrandcontinent.eu\/es\/2026\/08\/10\/europa-imposible-de-asegurar\/\"]}]},{\"@type\":\"ImageObject\",\"inLanguage\":\"es\",\"@id\":\"https:\/\/legrandcontinent.eu\/es\/2026\/08\/10\/europa-imposible-de-asegurar\/#primaryimage\",\"url\":\"https:\/\/legrandcontinent.eu\/es\/wp-content\/uploads\/sites\/2\/2026\/08\/Pourcentage-moyen-des-pertes-economiques-assurees-dues-aux-catastrophes-naturelles-en-Europe.jpg\",\"contentUrl\":\"https:\/\/legrandcontinent.eu\/es\/wp-content\/uploads\/sites\/2\/2026\/08\/Pourcentage-moyen-des-pertes-economiques-assurees-dues-aux-catastrophes-naturelles-en-Europe.jpg\",\"width\":1966,\"height\":1100},{\"@type\":\"BreadcrumbList\",\"@id\":\"https:\/\/legrandcontinent.eu\/es\/2026\/08\/10\/europa-imposible-de-asegurar\/#breadcrumb\",\"itemListElement\":[{\"@type\":\"ListItem\",\"position\":1,\"name\":\"Home\",\"item\":\"https:\/\/legrandcontinent.eu\/es\/\"},{\"@type\":\"ListItem\",\"position\":2,\"name\":\"\u00bfSe volver\u00e1 Europa imposible de asegurar?\"}]},{\"@type\":\"WebSite\",\"@id\":\"https:\/\/legrandcontinent.eu\/es\/#website\",\"url\":\"https:\/\/legrandcontinent.eu\/es\/\",\"name\":\"El Grand Continent\",\"description\":\"La escala pertinente\",\"potentialAction\":[{\"@type\":\"SearchAction\",\"target\":{\"@type\":\"EntryPoint\",\"urlTemplate\":\"https:\/\/legrandcontinent.eu\/es\/?s={search_term_string}\"},\"query-input\":{\"@type\":\"PropertyValueSpecification\",\"valueRequired\":true,\"valueName\":\"search_term_string\"}}],\"inLanguage\":\"es\"},{\"@type\":\"Person\",\"@id\":\"https:\/\/legrandcontinent.eu\/es\/#\/schema\/person\/bee86896b403754f76b6b1515ff0b697\",\"name\":\"Ramona Bloj\",\"image\":{\"@type\":\"ImageObject\",\"inLanguage\":\"es\",\"@id\":\"https:\/\/legrandcontinent.eu\/es\/#\/schema\/person\/image\/\",\"url\":\"https:\/\/secure.gravatar.com\/avatar\/c1d91adb7c4c1eed266b81c0f9915707?s=96&d=mm&r=g\",\"contentUrl\":\"https:\/\/secure.gravatar.com\/avatar\/c1d91adb7c4c1eed266b81c0f9915707?s=96&d=mm&r=g\",\"caption\":\"Ramona Bloj\"}}]}<\/script>\n<!-- \/ Yoast SEO plugin. -->","yoast_head_json":{"title":"\u00bfSe volver\u00e1 Europa imposible de asegurar? - El Grand Continent","robots":{"index":"index","follow":"follow","max-snippet":"max-snippet:-1","max-image-preview":"max-image-preview:large","max-video-preview":"max-video-preview:-1"},"canonical":"https:\/\/legrandcontinent.eu\/es\/2026\/08\/10\/europa-imposible-de-asegurar\/","og_locale":"es_ES","og_type":"article","og_title":"\u00bfSe volver\u00e1 Europa imposible de asegurar? - El Grand Continent","og_description":"Los fen\u00f3menos meteorol\u00f3gicos extremos, que ya son recurrentes y cuyo impacto aumenta a\u00f1o tras a\u00f1o, plantean una cuesti\u00f3n crucial a los bancos y las aseguradoras.","og_url":"https:\/\/legrandcontinent.eu\/es\/2026\/08\/10\/europa-imposible-de-asegurar\/","og_site_name":"El Grand Continent","article_published_time":"2026-08-10T04:30:00+00:00","og_image":[{"width":1966,"height":1100,"url":"https:\/\/legrandcontinent.eu\/es\/wp-content\/uploads\/sites\/2\/2026\/08\/Pourcentage-moyen-des-pertes-economiques-assurees-dues-aux-catastrophes-naturelles-en-Europe.jpg","type":"image\/jpeg"}],"author":"Ramona Bloj","twitter_card":"summary_large_image","twitter_misc":{"Escrito por":"Ramona Bloj","Tiempo de lectura":"4 minutos"},"schema":{"@context":"https:\/\/schema.org","@graph":[{"@type":"WebPage","@id":"https:\/\/legrandcontinent.eu\/es\/2026\/08\/10\/europa-imposible-de-asegurar\/","url":"https:\/\/legrandcontinent.eu\/es\/2026\/08\/10\/europa-imposible-de-asegurar\/","name":"\u00bfSe volver\u00e1 Europa imposible de asegurar? - El Grand Continent","isPartOf":{"@id":"https:\/\/legrandcontinent.eu\/es\/#website"},"primaryImageOfPage":{"@id":"https:\/\/legrandcontinent.eu\/es\/2026\/08\/10\/europa-imposible-de-asegurar\/#primaryimage"},"image":{"@id":"https:\/\/legrandcontinent.eu\/es\/2026\/08\/10\/europa-imposible-de-asegurar\/#primaryimage"},"thumbnailUrl":"https:\/\/legrandcontinent.eu\/es\/wp-content\/uploads\/sites\/2\/2026\/08\/Pourcentage-moyen-des-pertes-economiques-assurees-dues-aux-catastrophes-naturelles-en-Europe.jpg","datePublished":"2026-08-10T04:30:00+00:00","author":{"@id":"https:\/\/legrandcontinent.eu\/es\/#\/schema\/person\/bee86896b403754f76b6b1515ff0b697"},"breadcrumb":{"@id":"https:\/\/legrandcontinent.eu\/es\/2026\/08\/10\/europa-imposible-de-asegurar\/#breadcrumb"},"inLanguage":"es","potentialAction":[{"@type":"ReadAction","target":["https:\/\/legrandcontinent.eu\/es\/2026\/08\/10\/europa-imposible-de-asegurar\/"]}]},{"@type":"ImageObject","inLanguage":"es","@id":"https:\/\/legrandcontinent.eu\/es\/2026\/08\/10\/europa-imposible-de-asegurar\/#primaryimage","url":"https:\/\/legrandcontinent.eu\/es\/wp-content\/uploads\/sites\/2\/2026\/08\/Pourcentage-moyen-des-pertes-economiques-assurees-dues-aux-catastrophes-naturelles-en-Europe.jpg","contentUrl":"https:\/\/legrandcontinent.eu\/es\/wp-content\/uploads\/sites\/2\/2026\/08\/Pourcentage-moyen-des-pertes-economiques-assurees-dues-aux-catastrophes-naturelles-en-Europe.jpg","width":1966,"height":1100},{"@type":"BreadcrumbList","@id":"https:\/\/legrandcontinent.eu\/es\/2026\/08\/10\/europa-imposible-de-asegurar\/#breadcrumb","itemListElement":[{"@type":"ListItem","position":1,"name":"Home","item":"https:\/\/legrandcontinent.eu\/es\/"},{"@type":"ListItem","position":2,"name":"\u00bfSe volver\u00e1 Europa imposible de asegurar?"}]},{"@type":"WebSite","@id":"https:\/\/legrandcontinent.eu\/es\/#website","url":"https:\/\/legrandcontinent.eu\/es\/","name":"El Grand Continent","description":"La escala pertinente","potentialAction":[{"@type":"SearchAction","target":{"@type":"EntryPoint","urlTemplate":"https:\/\/legrandcontinent.eu\/es\/?s={search_term_string}"},"query-input":{"@type":"PropertyValueSpecification","valueRequired":true,"valueName":"search_term_string"}}],"inLanguage":"es"},{"@type":"Person","@id":"https:\/\/legrandcontinent.eu\/es\/#\/schema\/person\/bee86896b403754f76b6b1515ff0b697","name":"Ramona Bloj","image":{"@type":"ImageObject","inLanguage":"es","@id":"https:\/\/legrandcontinent.eu\/es\/#\/schema\/person\/image\/","url":"https:\/\/secure.gravatar.com\/avatar\/c1d91adb7c4c1eed266b81c0f9915707?s=96&d=mm&r=g","contentUrl":"https:\/\/secure.gravatar.com\/avatar\/c1d91adb7c4c1eed266b81c0f9915707?s=96&d=mm&r=g","caption":"Ramona Bloj"}}]}},"lgc_categories":[{"id":98,"name":"Energ\u00eda y medio ambiente","slug":"energia-y-medio-ambiente"}],"lgc_author":null,"feature_image_summary":{"url":"https:\/\/legrandcontinent.eu\/es\/wp-content\/uploads\/sites\/2\/2026\/08\/Pourcentage-moyen-des-pertes-economiques-assurees-dues-aux-catastrophes-naturelles-en-Europe.jpg","width":1966,"height":1100,"alt":""},"feature_image_cover":null,"term_position_data":null,"_links":{"self":[{"href":"https:\/\/legrandcontinent.eu\/es\/wp-json\/wp\/v2\/posts\/108108","targetHints":{"allow":["GET"]}}],"collection":[{"href":"https:\/\/legrandcontinent.eu\/es\/wp-json\/wp\/v2\/posts"}],"about":[{"href":"https:\/\/legrandcontinent.eu\/es\/wp-json\/wp\/v2\/types\/post"}],"author":[{"embeddable":true,"href":"https:\/\/legrandcontinent.eu\/es\/wp-json\/wp\/v2\/users\/40"}],"replies":[{"embeddable":true,"href":"https:\/\/legrandcontinent.eu\/es\/wp-json\/wp\/v2\/comments?post=108108"}],"version-history":[{"count":7,"href":"https:\/\/legrandcontinent.eu\/es\/wp-json\/wp\/v2\/posts\/108108\/revisions"}],"predecessor-version":[{"id":108116,"href":"https:\/\/legrandcontinent.eu\/es\/wp-json\/wp\/v2\/posts\/108108\/revisions\/108116"}],"wp:featuredmedia":[{"embeddable":true,"href":"https:\/\/legrandcontinent.eu\/es\/wp-json\/wp\/v2\/media\/108094"}],"wp:attachment":[{"href":"https:\/\/legrandcontinent.eu\/es\/wp-json\/wp\/v2\/media?parent=108108"}],"wp:term":[{"taxonomy":"category","embeddable":true,"href":"https:\/\/legrandcontinent.eu\/es\/wp-json\/wp\/v2\/categories?post=108108"},{"taxonomy":"post_tag","embeddable":true,"href":"https:\/\/legrandcontinent.eu\/es\/wp-json\/wp\/v2\/tags?post=108108"},{"taxonomy":"staff","embeddable":true,"href":"https:\/\/legrandcontinent.eu\/es\/wp-json\/wp\/v2\/staff?post=108108"},{"taxonomy":"editorial_format","embeddable":true,"href":"https:\/\/legrandcontinent.eu\/es\/wp-json\/wp\/v2\/editorial_format?post=108108"},{"taxonomy":"serie","embeddable":true,"href":"https:\/\/legrandcontinent.eu\/es\/wp-json\/wp\/v2\/serie?post=108108"},{"taxonomy":"audience","embeddable":true,"href":"https:\/\/legrandcontinent.eu\/es\/wp-json\/wp\/v2\/audience?post=108108"},{"taxonomy":"geo","embeddable":true,"href":"https:\/\/legrandcontinent.eu\/es\/wp-json\/wp\/v2\/geo?post=108108"}],"curies":[{"name":"wp","href":"https:\/\/api.w.org\/{rel}","templated":true}]}}