{"id":10582,"date":"2022-11-14T15:20:00","date_gmt":"2022-11-14T15:20:00","guid":{"rendered":"https:\/\/legrandcontinent.eu\/es\/?p=10582"},"modified":"2022-11-14T22:15:47","modified_gmt":"2022-11-14T22:15:47","slug":"el-sistema-europeo-de-gestion-de-la-migracion-en-cuestion","status":"publish","type":"post","link":"https:\/\/legrandcontinent.eu\/es\/2022\/11\/14\/el-sistema-europeo-de-gestion-de-la-migracion-en-cuestion\/","title":{"rendered":"El sistema europeo de gesti\u00f3n de la migraci\u00f3n en cuesti\u00f3n"},"content":{"rendered":"\n<p>Desde el 25 de octubre, Italia se niega a recibir el Ocean Viking: el barco humanitario de la ONG SOS M\u00e9diterran\u00e9e que parti\u00f3 de las costas libias hace tres semanas con supervivientes a bordo.<\/p>\n\n\n\n<ul class=\"wp-block-list\">\n<li>El <a href=\"https:\/\/legrandcontinent.eu\/es\/2022\/10\/22\/el-nuevo-gobierno-italiano\/\">nuevo gobierno italiano<\/a> justific\u00f3 su decisi\u00f3n denunciando la debilidad del mecanismo europeo de reubicaci\u00f3n de migrantes, y pidiendo que todos los Estados \u00abasuman su parte\u00bb en la acogida.<\/li>\n\n\n\n<li>Este a\u00f1o, s\u00f3lo 164 solicitantes de asilo han sido trasladados desde Italia a otros pa\u00edses de la Uni\u00f3n en el marco del programa de solidaridad voluntaria, una fracci\u00f3n de los 88.000 inmigrantes que ha recibido el pa\u00eds desde enero&nbsp;<span class='whitespace-nowrap'><span id='easy-footnote-1-10582' class='easy-footnote-margin-adjust'><\/span><span class='easy-footnote'><a href='https:\/\/legrandcontinent.eu\/es\/2022\/11\/14\/el-sistema-europeo-de-gestion-de-la-migracion-en-cuestion\/#easy-footnote-bottom-1-10582' title='&lt;a href=&quot;https:\/\/www.unhcr.org\/news\/press\/2022\/11\/636923f14\/unhcr-iom-appeal-urgent-disembarkation-stranded-refugees-migrants-central.html&quot;&gt;UNHCR and IOM appeal for urgent disembarkation of all stranded refugees and migrants in central Mediterranean&lt;\/a&gt;, 7 de noviembre de 2022.'><sup>1<\/sup><\/a><\/span><\/span>.<\/li>\n\n\n\n<li>Tras la negativa de Italia, Francia ha suspendido los planes de acogida de 3.500 solicitantes de asilo que se encuentran actualmente en Italia.<\/li>\n<\/ul>\n\n\n\n<div class=\"iframe-container wp-block-image wp-block-image-medium  iframe-dw\">\n\t<div>\n\t\t<iframe class=\"absolute w-full h-full pin-t pin-l\" title=\"titolo\" aria-label=\"Interactive line chart\" src=\"\/\/datawrapper.dwcdn.net\/rwhr0\/\" scrolling=\"no\" frameborder=\"0\"><\/iframe>\n\t<\/div>\n<\/div>\n\n\n\n<p>En una rueda de prensa celebrada el viernes en Roma, Meloni achac\u00f3 el suceso a un \u00abmalentendido\u00bb y afirm\u00f3 que \u00abla exigencia de aislamiento de Italia por parte de otros pa\u00edses traiciona la din\u00e1mica europea de solidaridad y reparto\u00bb. Al mostrarse inflexible en materia de pol\u00edtica migratoria, la nueva Presidenta del Consejo sirve a sus intereses pol\u00edticos -al igual que Par\u00eds, que se muestra humanista-.<\/p>\n\n\n\n<p>Tras la decisi\u00f3n francesa, cuatro pa\u00edses europeos -Italia, Grecia, Malta y Chipre- se opusieron a \u00abla idea de que los pa\u00edses de primera entrada [es decir, los m\u00e1s cercanos a las costas africanas y levantinas] sean los \u00fanicos puntos de desembarco de los inmigrantes ilegales\u00bb. El documento denuncia la pesada \u00abcarga [&#8230;] en la gesti\u00f3n de los flujos migratorios\u00bb que recae sobre ellos&nbsp;<span class='whitespace-nowrap'><span id='easy-footnote-2-10582' class='easy-footnote-margin-adjust'><\/span><span class='easy-footnote'><a href='https:\/\/legrandcontinent.eu\/es\/2022\/11\/14\/el-sistema-europeo-de-gestion-de-la-migracion-en-cuestion\/#easy-footnote-bottom-2-10582' title='&lt;a href=&quot;https:\/\/www.pio.gov.cy\/en\/press-releases-article.html?id=31310#flat&quot;&gt;Exceptional Joint statement of Italy, Greece, Malta and Cyprus on the disembarkation of irregular migrants&lt;\/a&gt;, Oficina de Prensa e Informaci\u00f3n de Chipre, 12 de noviembre de 2022.'><sup>2<\/sup><\/a><\/span><\/span>.<\/p>\n\n\n\n<div class=\"iframe-container wp-block-image wp-block-image-medium  iframe-dw\">\n\t<div>\n\t\t<iframe class=\"absolute w-full h-full pin-t pin-l\" title=\"titolo\" aria-label=\"Interactive line chart\" src=\"\/\/datawrapper.dwcdn.net\/77qF4\/\" scrolling=\"no\" frameborder=\"0\"><\/iframe>\n\t<\/div>\n<\/div>\n\n\n\n<p>En Bruselas, la Comisi\u00f3n est\u00e1 trabajando en un plan de emergencia para resolver las diferencias entre pa\u00edses sobre c\u00f3mo tratar a los solicitantes de asilo rescatados en el mar.<\/p>\n\n\n\n<ul class=\"wp-block-list\">\n<li>Margaritis Schinas, vicepresidente de la Comisi\u00f3n responsable de migraci\u00f3n y promoci\u00f3n del modo de vida europeo, ha convocado una reuni\u00f3n extraordinaria de los ministros de Interior de los Estados miembros antes de diciembre.&nbsp;<\/li>\n\n\n\n<li>En 2017, Italia hab\u00eda celebrado un acuerdo con Libia para \u00abprestar apoyo t\u00e9cnico y tecnol\u00f3gico a las instituciones libias encargadas de combatir la inmigraci\u00f3n clandestina\u00bb&nbsp;<span class='whitespace-nowrap'><span id='easy-footnote-3-10582' class='easy-footnote-margin-adjust'><\/span><span class='easy-footnote'><a href='https:\/\/legrandcontinent.eu\/es\/2022\/11\/14\/el-sistema-europeo-de-gestion-de-la-migracion-en-cuestion\/#easy-footnote-bottom-3-10582' title='&lt;a href=&quot;https:\/\/eumigrationlawblog.eu\/wp-content\/uploads\/2017\/10\/MEMORANDUM_translation_finalversion.doc.pdf&quot;&gt;Memorandum of understanding on cooperation in the fields of development, the fight against illegal immigration, human trafficking and fuel smuggling and on reinforcing the security of borders between the State of Libya and the Italian Republic&lt;\/a&gt;, Octubre de 2017.'><sup>3<\/sup><\/a><\/span><\/span>. Desde entonces, Meloni ha sugerido en repetidas ocasiones el establecimiento de un \u00abbloqueo naval\u00bb para evitar que los inmigrantes lleguen a las costas italianas.<\/li>\n<\/ul>\n","protected":false},"excerpt":{"rendered":"<p>El viernes pasado, Francia acogi\u00f3 el barco humanitario \u00abOcean-Viking\u00bb y a los 230 migrantes que iban a bordo, poniendo fin al tira y afloja de la pol\u00edtica europea de migraci\u00f3n y asilo. Junto con Grecia, Chipre y Malta, Italia reclama un reparto justo de la \u00abcarga\u00bb migratoria entre los Estados miembros.<\/p>\n","protected":false},"author":1366,"featured_media":10583,"comment_status":"closed","ping_status":"closed","sticky":false,"template":"templates\/post-briefings.php","format":"standard","meta":{"_acf_changed":false,"_trash_the_other_posts":false,"_yoast_wpseo_estimated-reading-time-minutes":3,"footnotes":""},"categories":[6],"tags":[],"staff":[],"editorial_format":[],"serie":[],"audience":[],"geo":[177],"class_list":["post-10582","post","type-post","status-publish","format-standard","hentry","category-politica","geo-europa"],"acf":{"open_in_webview":false,"accent":false,"_thumbnail_id":10583,"excerpt":"El viernes pasado, Francia acogi\u00f3 el barco humanitario \"Ocean-Viking\" y a los 230 migrantes que iban a bordo, poniendo fin al tira y afloja de la pol\u00edtica europea de migraci\u00f3n y asilo. Junto con Grecia, Chipre y Malta, Italia reclama un reparto justo de la \"carga\" migratoria entre los Estados miembros.","display_date":"","new_abstract":true},"yoast_head":"<!-- This site is optimized with the Yoast SEO plugin v26.1.1 - https:\/\/yoast.com\/wordpress\/plugins\/seo\/ -->\n<title>El sistema europeo de gesti\u00f3n de la migraci\u00f3n en cuesti\u00f3n - El Grand Continent<\/title>\n<meta name=\"robots\" content=\"index, follow, max-snippet:-1, max-image-preview:large, max-video-preview:-1\" \/>\n<link rel=\"canonical\" href=\"https:\/\/legrandcontinent.eu\/es\/2022\/11\/14\/el-sistema-europeo-de-gestion-de-la-migracion-en-cuestion\/\" \/>\n<meta property=\"og:locale\" content=\"es_ES\" \/>\n<meta property=\"og:type\" content=\"article\" \/>\n<meta property=\"og:title\" content=\"El sistema europeo de gesti\u00f3n de la migraci\u00f3n en cuesti\u00f3n - El Grand Continent\" \/>\n<meta property=\"og:description\" content=\"El viernes pasado, Francia acogi\u00f3 el barco humanitario &quot;Ocean-Viking&quot; y a los 230 migrantes que iban a bordo, poniendo fin al tira y afloja de la pol\u00edtica europea de migraci\u00f3n y asilo. Junto con Grecia, Chipre y Malta, Italia reclama un reparto justo de la &quot;carga&quot; migratoria entre los Estados miembros.\" \/>\n<meta property=\"og:url\" content=\"https:\/\/legrandcontinent.eu\/es\/2022\/11\/14\/el-sistema-europeo-de-gestion-de-la-migracion-en-cuestion\/\" \/>\n<meta property=\"og:site_name\" content=\"El Grand Continent\" \/>\n<meta property=\"article:published_time\" content=\"2022-11-14T15:20:00+00:00\" \/>\n<meta property=\"article:modified_time\" content=\"2022-11-14T22:15:47+00:00\" \/>\n<meta property=\"og:image\" content=\"https:\/\/legrandcontinent.eu\/es\/wp-content\/uploads\/sites\/6\/2022\/11\/gc-eloceanviking-scaled.jpg\" \/>\n\t<meta property=\"og:image:width\" content=\"2560\" \/>\n\t<meta property=\"og:image:height\" content=\"1440\" \/>\n\t<meta property=\"og:image:type\" content=\"image\/jpeg\" \/>\n<meta name=\"author\" content=\"florent\" \/>\n<meta name=\"twitter:card\" content=\"summary_large_image\" \/>\n<meta name=\"twitter:image\" content=\"https:\/\/legrandcontinent.eu\/es\/wp-content\/uploads\/sites\/6\/2022\/11\/gc-eloceanviking-scaled.jpg\" \/>\n<meta name=\"twitter:label1\" content=\"Escrito por\" \/>\n\t<meta name=\"twitter:data1\" content=\"florent\" \/>\n\t<meta name=\"twitter:label2\" content=\"Tiempo de lectura\" \/>\n\t<meta name=\"twitter:data2\" content=\"3 minutos\" \/>\n<script type=\"application\/ld+json\" class=\"yoast-schema-graph\">{\"@context\":\"https:\/\/schema.org\",\"@graph\":[{\"@type\":\"WebPage\",\"@id\":\"https:\/\/legrandcontinent.eu\/es\/2022\/11\/14\/el-sistema-europeo-de-gestion-de-la-migracion-en-cuestion\/\",\"url\":\"https:\/\/legrandcontinent.eu\/es\/2022\/11\/14\/el-sistema-europeo-de-gestion-de-la-migracion-en-cuestion\/\",\"name\":\"El sistema europeo de gesti\u00f3n de la migraci\u00f3n en cuesti\u00f3n - El Grand Continent\",\"isPartOf\":{\"@id\":\"https:\/\/legrandcontinent.eu\/es\/#website\"},\"primaryImageOfPage\":{\"@id\":\"https:\/\/legrandcontinent.eu\/es\/2022\/11\/14\/el-sistema-europeo-de-gestion-de-la-migracion-en-cuestion\/#primaryimage\"},\"image\":{\"@id\":\"https:\/\/legrandcontinent.eu\/es\/2022\/11\/14\/el-sistema-europeo-de-gestion-de-la-migracion-en-cuestion\/#primaryimage\"},\"thumbnailUrl\":\"https:\/\/legrandcontinent.eu\/es\/wp-content\/uploads\/sites\/6\/2022\/11\/SIPA_AP22739523_000005-scaled-1.jpg\",\"datePublished\":\"2022-11-14T15:20:00+00:00\",\"dateModified\":\"2022-11-14T22:15:47+00:00\",\"author\":{\"@id\":\"https:\/\/legrandcontinent.eu\/es\/#\/schema\/person\/cdd782c93d4a9eda86ab19a8c01cdf5c\"},\"breadcrumb\":{\"@id\":\"https:\/\/legrandcontinent.eu\/es\/2022\/11\/14\/el-sistema-europeo-de-gestion-de-la-migracion-en-cuestion\/#breadcrumb\"},\"inLanguage\":\"es\",\"potentialAction\":[{\"@type\":\"ReadAction\",\"target\":[\"https:\/\/legrandcontinent.eu\/es\/2022\/11\/14\/el-sistema-europeo-de-gestion-de-la-migracion-en-cuestion\/\"]}]},{\"@type\":\"ImageObject\",\"inLanguage\":\"es\",\"@id\":\"https:\/\/legrandcontinent.eu\/es\/2022\/11\/14\/el-sistema-europeo-de-gestion-de-la-migracion-en-cuestion\/#primaryimage\",\"url\":\"https:\/\/legrandcontinent.eu\/es\/wp-content\/uploads\/sites\/6\/2022\/11\/SIPA_AP22739523_000005-scaled-1.jpg\",\"contentUrl\":\"https:\/\/legrandcontinent.eu\/es\/wp-content\/uploads\/sites\/6\/2022\/11\/SIPA_AP22739523_000005-scaled-1.jpg\",\"width\":2560,\"height\":1709,\"caption\":\"The humanitarian ship the Ocean Viking makes its way into the military base in Toulon, France, Friday, Nov. 11, 2022. The Norwegian-flagged vessel, operated by the NGO SOS M\u00e9diterran\u00e9e, had been at sea for nearly three weeks carrying around 230 migrants. Italy had refused to allow the migrants to disembark on Italian territory. (AP Photo\/Daniel Cole)\/TH106\/22315315265010\/\/2211110950\"},{\"@type\":\"BreadcrumbList\",\"@id\":\"https:\/\/legrandcontinent.eu\/es\/2022\/11\/14\/el-sistema-europeo-de-gestion-de-la-migracion-en-cuestion\/#breadcrumb\",\"itemListElement\":[{\"@type\":\"ListItem\",\"position\":1,\"name\":\"Home\",\"item\":\"https:\/\/legrandcontinent.eu\/es\/\"},{\"@type\":\"ListItem\",\"position\":2,\"name\":\"El sistema europeo de gesti\u00f3n de la migraci\u00f3n en cuesti\u00f3n\"}]},{\"@type\":\"WebSite\",\"@id\":\"https:\/\/legrandcontinent.eu\/es\/#website\",\"url\":\"https:\/\/legrandcontinent.eu\/es\/\",\"name\":\"El Grand Continent\",\"description\":\"La escala pertinente\",\"potentialAction\":[{\"@type\":\"SearchAction\",\"target\":{\"@type\":\"EntryPoint\",\"urlTemplate\":\"https:\/\/legrandcontinent.eu\/es\/?s={search_term_string}\"},\"query-input\":{\"@type\":\"PropertyValueSpecification\",\"valueRequired\":true,\"valueName\":\"search_term_string\"}}],\"inLanguage\":\"es\"},{\"@type\":\"Person\",\"@id\":\"https:\/\/legrandcontinent.eu\/es\/#\/schema\/person\/cdd782c93d4a9eda86ab19a8c01cdf5c\",\"name\":\"florent\",\"image\":{\"@type\":\"ImageObject\",\"inLanguage\":\"es\",\"@id\":\"https:\/\/legrandcontinent.eu\/es\/#\/schema\/person\/image\/\",\"url\":\"https:\/\/secure.gravatar.com\/avatar\/0d38d78c90602daf39b309035cdac6bc?s=96&d=mm&r=g\",\"contentUrl\":\"https:\/\/secure.gravatar.com\/avatar\/0d38d78c90602daf39b309035cdac6bc?s=96&d=mm&r=g\",\"caption\":\"florent\"}}]}<\/script>\n<!-- \/ Yoast SEO plugin. -->","yoast_head_json":{"title":"El sistema europeo de gesti\u00f3n de la migraci\u00f3n en cuesti\u00f3n - El Grand Continent","robots":{"index":"index","follow":"follow","max-snippet":"max-snippet:-1","max-image-preview":"max-image-preview:large","max-video-preview":"max-video-preview:-1"},"canonical":"https:\/\/legrandcontinent.eu\/es\/2022\/11\/14\/el-sistema-europeo-de-gestion-de-la-migracion-en-cuestion\/","og_locale":"es_ES","og_type":"article","og_title":"El sistema europeo de gesti\u00f3n de la migraci\u00f3n en cuesti\u00f3n - El Grand Continent","og_description":"El viernes pasado, Francia acogi\u00f3 el barco humanitario \"Ocean-Viking\" y a los 230 migrantes que iban a bordo, poniendo fin al tira y afloja de la pol\u00edtica europea de migraci\u00f3n y asilo. Junto con Grecia, Chipre y Malta, Italia reclama un reparto justo de la \"carga\" migratoria entre los Estados miembros.","og_url":"https:\/\/legrandcontinent.eu\/es\/2022\/11\/14\/el-sistema-europeo-de-gestion-de-la-migracion-en-cuestion\/","og_site_name":"El Grand Continent","article_published_time":"2022-11-14T15:20:00+00:00","article_modified_time":"2022-11-14T22:15:47+00:00","og_image":[{"width":2560,"height":1440,"url":"https:\/\/legrandcontinent.eu\/es\/wp-content\/uploads\/sites\/6\/2022\/11\/gc-eloceanviking-scaled.jpg","type":"image\/jpeg"}],"author":"florent","twitter_card":"summary_large_image","twitter_image":"https:\/\/legrandcontinent.eu\/es\/wp-content\/uploads\/sites\/6\/2022\/11\/gc-eloceanviking-scaled.jpg","twitter_misc":{"Escrito por":"florent","Tiempo de lectura":"3 minutos"},"schema":{"@context":"https:\/\/schema.org","@graph":[{"@type":"WebPage","@id":"https:\/\/legrandcontinent.eu\/es\/2022\/11\/14\/el-sistema-europeo-de-gestion-de-la-migracion-en-cuestion\/","url":"https:\/\/legrandcontinent.eu\/es\/2022\/11\/14\/el-sistema-europeo-de-gestion-de-la-migracion-en-cuestion\/","name":"El sistema europeo de gesti\u00f3n de la migraci\u00f3n en cuesti\u00f3n - El Grand Continent","isPartOf":{"@id":"https:\/\/legrandcontinent.eu\/es\/#website"},"primaryImageOfPage":{"@id":"https:\/\/legrandcontinent.eu\/es\/2022\/11\/14\/el-sistema-europeo-de-gestion-de-la-migracion-en-cuestion\/#primaryimage"},"image":{"@id":"https:\/\/legrandcontinent.eu\/es\/2022\/11\/14\/el-sistema-europeo-de-gestion-de-la-migracion-en-cuestion\/#primaryimage"},"thumbnailUrl":"https:\/\/legrandcontinent.eu\/es\/wp-content\/uploads\/sites\/6\/2022\/11\/SIPA_AP22739523_000005-scaled-1.jpg","datePublished":"2022-11-14T15:20:00+00:00","dateModified":"2022-11-14T22:15:47+00:00","author":{"@id":"https:\/\/legrandcontinent.eu\/es\/#\/schema\/person\/cdd782c93d4a9eda86ab19a8c01cdf5c"},"breadcrumb":{"@id":"https:\/\/legrandcontinent.eu\/es\/2022\/11\/14\/el-sistema-europeo-de-gestion-de-la-migracion-en-cuestion\/#breadcrumb"},"inLanguage":"es","potentialAction":[{"@type":"ReadAction","target":["https:\/\/legrandcontinent.eu\/es\/2022\/11\/14\/el-sistema-europeo-de-gestion-de-la-migracion-en-cuestion\/"]}]},{"@type":"ImageObject","inLanguage":"es","@id":"https:\/\/legrandcontinent.eu\/es\/2022\/11\/14\/el-sistema-europeo-de-gestion-de-la-migracion-en-cuestion\/#primaryimage","url":"https:\/\/legrandcontinent.eu\/es\/wp-content\/uploads\/sites\/6\/2022\/11\/SIPA_AP22739523_000005-scaled-1.jpg","contentUrl":"https:\/\/legrandcontinent.eu\/es\/wp-content\/uploads\/sites\/6\/2022\/11\/SIPA_AP22739523_000005-scaled-1.jpg","width":2560,"height":1709,"caption":"The humanitarian ship the Ocean Viking makes its way into the military base in Toulon, France, Friday, Nov. 11, 2022. The Norwegian-flagged vessel, operated by the NGO SOS M\u00e9diterran\u00e9e, had been at sea for nearly three weeks carrying around 230 migrants. Italy had refused to allow the migrants to disembark on Italian territory. (AP Photo\/Daniel Cole)\/TH106\/22315315265010\/\/2211110950"},{"@type":"BreadcrumbList","@id":"https:\/\/legrandcontinent.eu\/es\/2022\/11\/14\/el-sistema-europeo-de-gestion-de-la-migracion-en-cuestion\/#breadcrumb","itemListElement":[{"@type":"ListItem","position":1,"name":"Home","item":"https:\/\/legrandcontinent.eu\/es\/"},{"@type":"ListItem","position":2,"name":"El sistema europeo de gesti\u00f3n de la migraci\u00f3n en cuesti\u00f3n"}]},{"@type":"WebSite","@id":"https:\/\/legrandcontinent.eu\/es\/#website","url":"https:\/\/legrandcontinent.eu\/es\/","name":"El Grand Continent","description":"La escala pertinente","potentialAction":[{"@type":"SearchAction","target":{"@type":"EntryPoint","urlTemplate":"https:\/\/legrandcontinent.eu\/es\/?s={search_term_string}"},"query-input":{"@type":"PropertyValueSpecification","valueRequired":true,"valueName":"search_term_string"}}],"inLanguage":"es"},{"@type":"Person","@id":"https:\/\/legrandcontinent.eu\/es\/#\/schema\/person\/cdd782c93d4a9eda86ab19a8c01cdf5c","name":"florent","image":{"@type":"ImageObject","inLanguage":"es","@id":"https:\/\/legrandcontinent.eu\/es\/#\/schema\/person\/image\/","url":"https:\/\/secure.gravatar.com\/avatar\/0d38d78c90602daf39b309035cdac6bc?s=96&d=mm&r=g","contentUrl":"https:\/\/secure.gravatar.com\/avatar\/0d38d78c90602daf39b309035cdac6bc?s=96&d=mm&r=g","caption":"florent"}}]}},"lgc_categories":[{"id":6,"name":"Pol\u00edtica","slug":"politica"}],"lgc_author":null,"feature_image_summary":{"url":"https:\/\/legrandcontinent.eu\/es\/wp-content\/uploads\/sites\/6\/2022\/11\/SIPA_AP22739523_000005-scaled-1.jpg","width":2560,"height":1709,"alt":""},"feature_image_cover":null,"term_position_data":null,"_links":{"self":[{"href":"https:\/\/legrandcontinent.eu\/es\/wp-json\/wp\/v2\/posts\/10582","targetHints":{"allow":["GET"]}}],"collection":[{"href":"https:\/\/legrandcontinent.eu\/es\/wp-json\/wp\/v2\/posts"}],"about":[{"href":"https:\/\/legrandcontinent.eu\/es\/wp-json\/wp\/v2\/types\/post"}],"author":[{"embeddable":true,"href":"https:\/\/legrandcontinent.eu\/es\/wp-json\/wp\/v2\/users\/1366"}],"replies":[{"embeddable":true,"href":"https:\/\/legrandcontinent.eu\/es\/wp-json\/wp\/v2\/comments?post=10582"}],"version-history":[{"count":0,"href":"https:\/\/legrandcontinent.eu\/es\/wp-json\/wp\/v2\/posts\/10582\/revisions"}],"wp:featuredmedia":[{"embeddable":true,"href":"https:\/\/legrandcontinent.eu\/es\/wp-json\/wp\/v2\/media\/10583"}],"wp:attachment":[{"href":"https:\/\/legrandcontinent.eu\/es\/wp-json\/wp\/v2\/media?parent=10582"}],"wp:term":[{"taxonomy":"category","embeddable":true,"href":"https:\/\/legrandcontinent.eu\/es\/wp-json\/wp\/v2\/categories?post=10582"},{"taxonomy":"post_tag","embeddable":true,"href":"https:\/\/legrandcontinent.eu\/es\/wp-json\/wp\/v2\/tags?post=10582"},{"taxonomy":"staff","embeddable":true,"href":"https:\/\/legrandcontinent.eu\/es\/wp-json\/wp\/v2\/staff?post=10582"},{"taxonomy":"editorial_format","embeddable":true,"href":"https:\/\/legrandcontinent.eu\/es\/wp-json\/wp\/v2\/editorial_format?post=10582"},{"taxonomy":"serie","embeddable":true,"href":"https:\/\/legrandcontinent.eu\/es\/wp-json\/wp\/v2\/serie?post=10582"},{"taxonomy":"audience","embeddable":true,"href":"https:\/\/legrandcontinent.eu\/es\/wp-json\/wp\/v2\/audience?post=10582"},{"taxonomy":"geo","embeddable":true,"href":"https:\/\/legrandcontinent.eu\/es\/wp-json\/wp\/v2\/geo?post=10582"}],"curies":[{"name":"wp","href":"https:\/\/api.w.org\/{rel}","templated":true}]}}